{"id":30345,"date":"2023-06-17T01:19:40","date_gmt":"2023-06-16T23:19:40","guid":{"rendered":"http:\/\/www.infokuryr.cz\/n\/?p=30345"},"modified":"2023-06-16T18:48:33","modified_gmt":"2023-06-16T16:48:33","slug":"petr-michalu-davno-je-nacase","status":"publish","type":"post","link":"https:\/\/www.infokuryr.cz\/n\/2023\/06\/17\/petr-michalu-davno-je-nacase\/","title":{"rendered":"PETR MICHAL\u016e: D\u00c1VNO JE NA\u010cASE\u2026"},"content":{"rendered":"<div id=\"fb-root\"><\/div>\n<p><span style=\"font-size: 18pt;\"><strong>Historie se opakuje a \u010ce\u0161i a Slov\u00e1ci jsou st\u00e1le <\/strong><em>hlup\u00e1cky a zatvrzele<\/em><strong> nepou\u010diteln\u00ed. Budi\u017e tedy.<\/strong><\/span><\/p>\n<p>Nechce-li \u010desk\u00fd a slovensk\u00fd n\u00e1rod zaniknout a nav\u017edy tak skon\u010dit v\u00a0propadli\u0161ti d\u011bjin a na sv\u011btov\u00e9m historick\u00e9m h\u0159bitov\u011b n\u00e1rod\u016f <em>(\u010demu\u017e jsme ji\u017e neskute\u010dn\u011b, neuv\u011b\u0159iteln\u011b, ale naprosto re\u00e1ln\u011b, bl\u00edzko, a\u010d mnoz\u00ed nech\u00e1pou, \u010di necht\u011bj\u00ed pochopit),<\/em> je pr\u00e1v\u011b tak akor\u00e1t nejvy\u0161\u0161\u00ed \u010das <em>(z\u00edtra ji\u017e m\u016f\u017ee b\u00fdt pozd\u011b) <\/em>j<u>m\u00e9nem \u010desk\u00e9ho a slovensk\u00e9ho n\u00e1roda po\u017e\u00e1dat<\/u>, <u>poprosit prezidenta Rusk\u00e9 federace Vladim\u00edra Vladim\u00edrovi\u010de Putina a velitele tzv. wagnerovc\u016f<\/u>\/\u201e<u>orchestru<\/u>\u201c<em> &#8211;<\/em> <u>Jev<\/u>g<u>enije Viktorovi\u010de Pri<\/u>g<u>o\u017eina &#8211; o pomoc<\/u> <strong>vytvo\u0159it, zorganizovat, dokonale vycvi\u010dit, vystrojit a vyzbrojit na \u00fazem\u00ed Ruska \u010deskoslovenskou vojenskou jednotku!<\/strong><\/p>\n<p><img decoding=\"async\" loading=\"lazy\" class=\"wp-image-30346 aligncenter\" src=\"http:\/\/www.infokuryr.cz\/n\/wp-content\/uploads\/2023\/06\/svoboda-208x300.jpg\" alt=\"\" width=\"543\" height=\"783\" srcset=\"https:\/\/www.infokuryr.cz\/n\/wp-content\/uploads\/2023\/06\/svoboda-208x300.jpg 208w, https:\/\/www.infokuryr.cz\/n\/wp-content\/uploads\/2023\/06\/svoboda-709x1024.jpg 709w, https:\/\/www.infokuryr.cz\/n\/wp-content\/uploads\/2023\/06\/svoboda.jpg 748w\" sizes=\"(max-width: 543px) 100vw, 543px\" \/><\/p>\n<p><strong>Ano, p\u0159esn\u011b tak, jako tomu bylo v\u00a0BUZULUKU <\/strong>v\u00a0obdob\u00ed druh\u00e9 sv\u011btov\u00e9 v\u00e1lky, kdy s\u00e1m Sov\u011btsk\u00fd svaz, sov\u011btsk\u00e9 n\u00e1rody a tedy dne\u0161n\u00ed Rusko bojovaly proti n\u011bmeck\u00fdm nacistick\u00fdm okupant\u016fm a de facto proti fa\u0161istick\u00e9 Hitlerem spojen\u00e9 cel\u00e9 Evrop\u011b. <strong>A spolu se sov\u011btskou Rudou arm\u00e1dou i bok po boku v\u00a0Sov\u011btsk\u00e9m svazu <\/strong><em>(dne\u0161n\u00edm Rusku)<\/em><strong> vznikl\u00fd 1. \u010deskoslovensk\u00fd samostatn\u00fd poln\u00ed prapor pod velen\u00edm podplukovn\u00edka Ludv\u00edka Svobody <\/strong>\u2013 budouc\u00edho nejlep\u0161\u00edho prezidenta \u010ceskoslovensk\u00e9 republiky.<\/p>\n<p>Takto nov\u011b vznikl\u00e1 \u010deskoslovensk\u00e1 vojensk\u00e1 jednotka by se je\u0161t\u011b aktivn\u011b mohla z\u00fa\u010dastnit a pod\u00edlet se po boku rusk\u00e9 arm\u00e1dy na denacifikaci a demilitarizaci ukrajinsk\u00e9ho prostoru, u\u010dit se a z\u00edsk\u00e1vat pot\u0159ebn\u00e9 bojov\u00e9 zku\u0161enosti. Pot\u00e9, po proveden\u00ed a zavr\u0161en\u00ed denacifikace a demilitarizace cel\u00e9ho ukrajinsk\u00e9ho prostoru a jeho \u00fapln\u00e9ho navr\u00e1cen\u00ed do Rusk\u00e9 federace, bude tak\u00e9, samoz\u0159ejm\u011b, pot\u0159eba prov\u00e9st d\u016fkladnou, d\u016fslednou denacifikaci a deukrajinizaci \u00fazem\u00ed \u010desk\u00e9 a slovensk\u00e9 zem\u011b. Osvobozen\u00edm tohoto \u00fazem\u00ed od \u010desk\u00fdch a slovensk\u00fdch fa\u0161ist\u016f, vlastizr\u00e1dc\u016f, kolaborant\u016f a ukrajinsk\u00fdch nacistick\u00fdch zlo\u010dinc\u016f a banderovc\u016f vytvo\u0159it <strong><em>(vybojovat)<\/em><\/strong> novou <strong>\u010ceskoslovenskou republiku<\/strong>, kter\u00e1 bude v\u011brn\u00fdm p\u0159\u00edtelem a spolehliv\u00fdm spojencem Ruska tak, jako tomu bylo do listopadu 1989.<\/p>\n<p><img decoding=\"async\" loading=\"lazy\" class=\"wp-image-30347 aligncenter\" src=\"http:\/\/www.infokuryr.cz\/n\/wp-content\/uploads\/2023\/06\/LUDVIK-SVOBODA-2-300x193.jpg\" alt=\"\" width=\"754\" height=\"485\" srcset=\"https:\/\/www.infokuryr.cz\/n\/wp-content\/uploads\/2023\/06\/LUDVIK-SVOBODA-2-300x193.jpg 300w, https:\/\/www.infokuryr.cz\/n\/wp-content\/uploads\/2023\/06\/LUDVIK-SVOBODA-2-768x495.jpg 768w, https:\/\/www.infokuryr.cz\/n\/wp-content\/uploads\/2023\/06\/LUDVIK-SVOBODA-2.jpg 863w\" sizes=\"(max-width: 754px) 100vw, 754px\" \/><\/p>\n<p>\u010ce\u0161i a Slov\u00e1ci ve sv\u00e9 historii nikdy nebyli sami schopni jako n\u00e1rody se osvobodit a vymanit z dr\u00e1p\u016f a pa\u0159\u00e1t\u016f Rakousko-uhersk\u00e9ho imp\u00e9ria, ani p\u0159edt\u00edm z\u00a0Habsbursk\u00e9 monarchie.<\/p>\n<p>\u010cesk\u00fd a slovensk\u00fd n\u00e1rod nebyly schopny se samy osvobodit a vymanit z\u00a0dr\u00e1p\u016f a pa\u0159\u00e1t\u016f Hitlera a jeho nacistick\u00e9\/fa\u0161istick\u00e9 n\u011bmeck\u00e9 <em>\u201etis\u00edcilet\u00e9\u201c<\/em> T\u0159et\u00ed \u0159\u00ed\u0161e<em> (\u010ce\u0161i byli proti v\u016fli n\u00e1roda v\u010dlen\u011bni zradou sv\u00fdch vlastn\u00edch \u010deskoslovensk\u00fdch politik\u016f a \u010deskoslovensk\u00e9ho prezidenta v n\u011bmeckou\u00a0T\u0159et\u00ed \u0159\u00ed\u0161i jako jej\u00ed sou\u010d\u00e1st \u2013 Protektor\u00e1t \u010cechy a Morava\/<\/em><em>Protektorat B\u00f6hmen und M\u00e4hren a Slov\u00e1ci pak jako klerofa\u0161istick\u00fd loutkov\u00fd Slovensk\u00fd \u0161t\u00e1t &#8211; vazal v\u00a0podru\u010d\u00ed Hitlerovy T\u0159et\u00ed \u0159\u00ed\u0161e)<\/em>.<\/p>\n<p><img decoding=\"async\" loading=\"lazy\" class=\"wp-image-30348 aligncenter\" src=\"http:\/\/www.infokuryr.cz\/n\/wp-content\/uploads\/2023\/06\/eu-usa-300x222.jpg\" alt=\"\" width=\"867\" height=\"642\" srcset=\"https:\/\/www.infokuryr.cz\/n\/wp-content\/uploads\/2023\/06\/eu-usa-300x222.jpg 300w, https:\/\/www.infokuryr.cz\/n\/wp-content\/uploads\/2023\/06\/eu-usa.jpg 638w\" sizes=\"(max-width: 867px) 100vw, 867px\" \/><\/p>\n<p>\u010cesk\u00fd a slovensk\u00fd n\u00e1rod i v\u00a0sou\u010dasnosti nejsou schopny se samy osvobodit a vymanit z\u00a0dr\u00e1p\u016f a pa\u0159\u00e1t\u016f eurobruselsko-fa\u0161istick\u00e9 Evropsk\u00e9 unie <em>(je\u017e je ostatn\u011b jen dal\u0161\u00edm pokra\u010dov\u00e1n\u00edm Hitlerovy nacistick\u00e9 T\u0159et\u00ed \u0159\u00ed\u0161e)<\/em>, kter\u00e1 je ale tak\u00e9 nyn\u00ed jen a pouze koloni\u00ed a pln\u011b v\u00a0podru\u010d\u00ed fa\u0161istick\u00fdch zlo\u010dineck\u00fdch USA \u0161\u00ed\u0159\u00edc\u00edch v\u0161ude po sv\u011bt\u011b ZLO v podob\u011b fa\u0161ismu, fanatick\u00e9 bezb\u0159eh\u00e9 rusofobie a s\u00a0t\u00edm spojen\u00e9 n\u00e1sil\u00ed, nen\u00e1vist, z\u00e1\u0161\u0165, z\u00e1vist, jimi uskute\u010d\u0148ovan\u00e9 st\u00e1tn\u00ed p\u0159evraty, zotro\u010dov\u00e1n\u00ed cel\u00fdch n\u00e1rod\u016f a genocidy cel\u00fdch n\u00e1rod\u016f, v\u00e1lky, vykr\u00e1d\u00e1n\u00ed st\u00e1t\u016f, touhu po ovl\u00e1dnut\u00ed cel\u00e9ho sv\u011bta, \u0161tvan\u00ed n\u00e1rod\u016f do v\u00e1lky proti Rusku s\u00a0c\u00edlem jeho kone\u010dn\u00e9ho zni\u010den\u00ed a zmocn\u011bn\u00ed se jeho surovinov\u00fdch zdroj\u016f.<\/p>\n<p>Sami se my, \u010ce\u0161i a Slov\u00e1ci, jako n\u00e1rody osvobodit od fa\u0161ist\u016f a ukrajinsk\u00fdch k\u00a0n\u00e1m dezert\u00e9ruj\u00edc\u00edch nacist\u016f, banderovc\u016f a terorist\u016f nedok\u00e1\u017eeme. Sami to nezvl\u00e1dneme. Jen s\u00a0pomoc\u00ed rusk\u00e9 arm\u00e1dy a arm\u00e1dy nov\u00e9ho \u010ceskoslovenska.<\/p>\n<p><strong>Mgr. Petr Michal\u016f<\/strong><\/p>\n<p>&nbsp;<\/p>\n<p><a href=\"https:\/\/stranapro.cz\/\"><img decoding=\"async\" loading=\"lazy\" class=\"wp-image-30218 aligncenter\" src=\"http:\/\/www.infokuryr.cz\/n\/wp-content\/uploads\/2023\/06\/PRO-banner-300x36.png\" alt=\"\" width=\"1367\" height=\"164\" srcset=\"https:\/\/www.infokuryr.cz\/n\/wp-content\/uploads\/2023\/06\/PRO-banner-300x36.png 300w, https:\/\/www.infokuryr.cz\/n\/wp-content\/uploads\/2023\/06\/PRO-banner-768x93.png 768w, https:\/\/www.infokuryr.cz\/n\/wp-content\/uploads\/2023\/06\/PRO-banner.png 849w\" sizes=\"(max-width: 1367px) 100vw, 1367px\" \/><\/a><\/p>\n<p>&nbsp;<\/p>\n<p>&nbsp;<\/p>\n","protected":false},"excerpt":{"rendered":"<p>Historie se opakuje a \u010ce\u0161i a Slov\u00e1ci jsou st\u00e1le hlup\u00e1cky a zatvrzele nepou\u010diteln\u00ed. Budi\u017e tedy&#8230;.<\/p>\n","protected":false},"author":2,"featured_media":30349,"comment_status":"closed","ping_status":"closed","sticky":false,"template":"","format":"standard","meta":[],"categories":[6],"tags":[1042,398,29,122],"_links":{"self":[{"href":"https:\/\/www.infokuryr.cz\/n\/wp-json\/wp\/v2\/posts\/30345"}],"collection":[{"href":"https:\/\/www.infokuryr.cz\/n\/wp-json\/wp\/v2\/posts"}],"about":[{"href":"https:\/\/www.infokuryr.cz\/n\/wp-json\/wp\/v2\/types\/post"}],"author":[{"embeddable":true,"href":"https:\/\/www.infokuryr.cz\/n\/wp-json\/wp\/v2\/users\/2"}],"replies":[{"embeddable":true,"href":"https:\/\/www.infokuryr.cz\/n\/wp-json\/wp\/v2\/comments?post=30345"}],"version-history":[{"count":1,"href":"https:\/\/www.infokuryr.cz\/n\/wp-json\/wp\/v2\/posts\/30345\/revisions"}],"predecessor-version":[{"id":30350,"href":"https:\/\/www.infokuryr.cz\/n\/wp-json\/wp\/v2\/posts\/30345\/revisions\/30350"}],"wp:featuredmedia":[{"embeddable":true,"href":"https:\/\/www.infokuryr.cz\/n\/wp-json\/wp\/v2\/media\/30349"}],"wp:attachment":[{"href":"https:\/\/www.infokuryr.cz\/n\/wp-json\/wp\/v2\/media?parent=30345"}],"wp:term":[{"taxonomy":"category","embeddable":true,"href":"https:\/\/www.infokuryr.cz\/n\/wp-json\/wp\/v2\/categories?post=30345"},{"taxonomy":"post_tag","embeddable":true,"href":"https:\/\/www.infokuryr.cz\/n\/wp-json\/wp\/v2\/tags?post=30345"}],"curies":[{"name":"wp","href":"https:\/\/api.w.org\/{rel}","templated":true}]}}