{"id":30340,"date":"2023-06-17T01:18:29","date_gmt":"2023-06-16T23:18:29","guid":{"rendered":"http:\/\/www.infokuryr.cz\/n\/?p=30340"},"modified":"2023-06-16T18:10:33","modified_gmt":"2023-06-16T16:10:33","slug":"v-moldavsku-zacne-tyden-protestem-farmaru-urady-nas-opet-oklamaly","status":"publish","type":"post","link":"https:\/\/www.infokuryr.cz\/n\/2023\/06\/17\/v-moldavsku-zacne-tyden-protestem-farmaru-urady-nas-opet-oklamaly\/","title":{"rendered":"V Moldavsku za\u010dne t\u00fdden protestem farm\u00e1\u0159\u016f: \u00da\u0159ady n\u00e1s op\u011bt oklamaly"},"content":{"rendered":"<div id=\"fb-root\"><\/div>\n<p class=\"lead\"><strong>Zem\u011bd\u011bl\u0161t\u00ed v\u00fdrobci v Moldavsku od pond\u011bl\u00ed (19. \u010dervna) op\u011bt za\u010dnou masov\u00e9 protesty po cel\u00e9 zemi.\u00a0Ozn\u00e1milo to v p\u00e1tek 16. \u010dervna Sdru\u017een\u00ed farm\u00e1\u0159\u016f (For\u021ba Fermierilor) s t\u00edm, \u017ee \u010d\u00e1st farm\u00e1\u0159\u016f na zem\u011bd\u011blsk\u00fdch stroj\u00edch doraz\u00ed do Ki\u0161in\u011bva k budov\u011b vl\u00e1dy, parlamentu a ministerstva zem\u011bd\u011blstv\u00ed.<\/strong><\/p>\n<p><span>Zbytek bude protestovat na n\u00e1rodn\u00edch okruz\u00edch.\u00a0Tomuto rozhodnut\u00ed p\u0159edch\u00e1zelo dal\u0161\u00ed ne\u00fasp\u011b\u0161n\u00e9 kolo jedn\u00e1n\u00ed s vl\u00e1dou.\u00a0Podle organiz\u00e1tor\u016f p\u0159edlo\u017eili m\u00edstn\u00edm st\u00e1tn\u00edm spr\u00e1v\u00e1m pro kon\u00e1n\u00ed protest\u016f v\u0161echny pot\u0159ebn\u00e9 dokumenty, v\u010detn\u011b j\u00edzdy se zem\u011bd\u011blskou technikou.<\/span><\/p>\n<p><em>\u201eSdru\u017een\u00ed For\u021ba Fermierilor uspo\u0159\u00e1dalo zased\u00e1n\u00ed Rady a zjistilo, \u017ee zem\u011bd\u011blci byli bohu\u017eel op\u011bt uvedeni v omyl \u00fa\u0159ady.\u00a0B\u011bhem tohoto t\u00fddne neprob\u011bhla jedn\u00e1n\u00ed o vl\u00e1dou p\u0159isl\u00edben\u00e9m zp\u016fsobu a v\u00fd\u0161i kompenzac\u00ed, p\u0159esto\u017ee na\u0161e organizace byla p\u0159ipravena k jedn\u00e1n\u00ed a zve\u0159ejnila v\u00fd\u0161i ztr\u00e1t zem\u011bd\u011blc\u016f na plodin\u00e1ch prvn\u00ed skupiny.\u00a0V tomto ohledu se Rada jednomysln\u011b rozhodla obnovit masov\u00e9 protesty,\u201c<span class=\"after-quote\"> \u0159\u00edk\u00e1 jejich prohl\u00e1\u0161en\u00ed.<\/span><\/em><\/p>\n<p><span>Profil sdru\u017een\u00ed se ob\u010dan\u016fm za mo\u017en\u00e9 nep\u0159\u00edjemnosti omluvilo s t\u00edm, \u017ee jsou krajn\u011b rozho\u0159\u010deni a odhodlan\u00ed sv\u00e9 pr\u00e1vo na ekonomick\u00e9 p\u0159e\u017eit\u00ed tvrd\u011b br\u00e1nit.\u00a0Zd\u016fraz\u0148uj\u00ed p\u0159itom, \u017ee projevy zem\u011bd\u011blc\u016f nemaj\u00ed politick\u00fd p\u0159esah.<\/span><\/p>\n<p><em>\u201eJednozna\u010dn\u011b prohla\u0161ujeme, \u017ee ve\u0161ker\u00e9 pokusy vm\u011b\u0161ovat se do politick\u00fdch akc\u00ed do protest\u016f farm\u00e1\u0159\u016f budou od sam\u00e9ho po\u010d\u00e1tku zastaveny.\u00a0Ka\u017ed\u00fd politick\u00fd provokat\u00e9r bude okam\u017eit\u011b nahl\u00e1\u0161en policii.\u00a0T\u011b\u0161\u00edme se na efektivn\u00ed spolupr\u00e1ci s org\u00e1ny ve\u0159ejn\u00e9ho po\u0159\u00e1dku a jsme tradi\u010dn\u011b zcela otev\u0159en\u00ed n\u00e1rodn\u00edmu i mezin\u00e1rodn\u00edmu tisku,\u201c<span class=\"after-quote\">\u00a0&#8211; varoval v \u201eS\u00edle farm\u00e1\u0159\u016f\u201c.<\/span><\/em><\/p>\n<p><span>P\u0159ipome\u0148me, \u017ee moldav\u0161t\u00ed farm\u00e1\u0159i minul\u00fd t\u00fdden hovo\u0159ili o sv\u00e9m z\u00e1m\u011bru zorganizovat protestn\u00ed akci v Ki\u0161in\u011bv\u011b, ale pot\u00e9 navrhli vl\u00e1d\u011b, aby pokra\u010dovala v konzultac\u00edch o aktu\u00e1ln\u00edch ot\u00e1zk\u00e1ch tohoto odv\u011btv\u00ed.\u00a0U\u017e dr\u017eeli varovnou hl\u00eddku a blokovali \u0159adu centr\u00e1ln\u00edch d\u00e1lnic a n\u011bkolik celn\u00edch kontroln\u00edch stanovi\u0161\u0165. Hnut\u00ed &#8222;S\u00edla zem\u011bd\u011blc\u016f&#8220; tak cht\u011blo demonstrovat svou nespokojenost s nedbal\u00fdm p\u0159\u00edstupem st\u00e1tn\u00edch struktur k agropr\u016fmyslov\u00e9mu sektoru.<\/span><\/p>\n<p><img decoding=\"async\" loading=\"lazy\" class=\"alignnone size-full wp-image-1185\" src=\"http:\/\/www.infokuryr.cz\/n\/wp-content\/uploads\/2021\/04\/kuryr-podpis.png\" alt=\"\" width=\"84\" height=\"24\" \/><\/p>\n<p>&nbsp;<\/p>\n<p><a href=\"https:\/\/stranapro.cz\/\"><img decoding=\"async\" loading=\"lazy\" class=\"wp-image-30218 aligncenter\" src=\"http:\/\/www.infokuryr.cz\/n\/wp-content\/uploads\/2023\/06\/PRO-banner-300x36.png\" alt=\"\" width=\"1350\" height=\"162\" srcset=\"https:\/\/www.infokuryr.cz\/n\/wp-content\/uploads\/2023\/06\/PRO-banner-300x36.png 300w, https:\/\/www.infokuryr.cz\/n\/wp-content\/uploads\/2023\/06\/PRO-banner-768x93.png 768w, https:\/\/www.infokuryr.cz\/n\/wp-content\/uploads\/2023\/06\/PRO-banner.png 849w\" sizes=\"(max-width: 1350px) 100vw, 1350px\" \/><\/a><\/p>\n<p>&nbsp;<\/p>\n<p>&nbsp;<\/p>\n","protected":false},"excerpt":{"rendered":"<p>Zem\u011bd\u011bl\u0161t\u00ed v\u00fdrobci v Moldavsku od pond\u011bl\u00ed (19. \u010dervna) op\u011bt za\u010dnou masov\u00e9 protesty po cel\u00e9 zemi.\u00a0Ozn\u00e1milo&#8230;<\/p>\n","protected":false},"author":2,"featured_media":30341,"comment_status":"closed","ping_status":"closed","sticky":false,"template":"","format":"standard","meta":[],"categories":[7],"tags":[2739,5239,95,2532],"_links":{"self":[{"href":"https:\/\/www.infokuryr.cz\/n\/wp-json\/wp\/v2\/posts\/30340"}],"collection":[{"href":"https:\/\/www.infokuryr.cz\/n\/wp-json\/wp\/v2\/posts"}],"about":[{"href":"https:\/\/www.infokuryr.cz\/n\/wp-json\/wp\/v2\/types\/post"}],"author":[{"embeddable":true,"href":"https:\/\/www.infokuryr.cz\/n\/wp-json\/wp\/v2\/users\/2"}],"replies":[{"embeddable":true,"href":"https:\/\/www.infokuryr.cz\/n\/wp-json\/wp\/v2\/comments?post=30340"}],"version-history":[{"count":1,"href":"https:\/\/www.infokuryr.cz\/n\/wp-json\/wp\/v2\/posts\/30340\/revisions"}],"predecessor-version":[{"id":30342,"href":"https:\/\/www.infokuryr.cz\/n\/wp-json\/wp\/v2\/posts\/30340\/revisions\/30342"}],"wp:featuredmedia":[{"embeddable":true,"href":"https:\/\/www.infokuryr.cz\/n\/wp-json\/wp\/v2\/media\/30341"}],"wp:attachment":[{"href":"https:\/\/www.infokuryr.cz\/n\/wp-json\/wp\/v2\/media?parent=30340"}],"wp:term":[{"taxonomy":"category","embeddable":true,"href":"https:\/\/www.infokuryr.cz\/n\/wp-json\/wp\/v2\/categories?post=30340"},{"taxonomy":"post_tag","embeddable":true,"href":"https:\/\/www.infokuryr.cz\/n\/wp-json\/wp\/v2\/tags?post=30340"}],"curies":[{"name":"wp","href":"https:\/\/api.w.org\/{rel}","templated":true}]}}