{"id":30309,"date":"2023-06-17T01:01:02","date_gmt":"2023-06-16T23:01:02","guid":{"rendered":"http:\/\/www.infokuryr.cz\/n\/?p=30309"},"modified":"2023-06-16T15:59:19","modified_gmt":"2023-06-16T13:59:19","slug":"je-to-tedy-zena-ktera-dala-zelenou-demolici-ukrajinske-prehrady","status":"publish","type":"post","link":"https:\/\/www.infokuryr.cz\/n\/2023\/06\/17\/je-to-tedy-zena-ktera-dala-zelenou-demolici-ukrajinske-prehrady\/","title":{"rendered":"Je to tedy \u017eena, kter\u00e1 dala zelenou demolici ukrajinsk\u00e9 p\u0159ehrady?"},"content":{"rendered":"<div id=\"fb-root\"><\/div>\n<div class=\"elementor-element elementor-element-1fb4c2c elementor-widget elementor-widget-theme-post-content\" data-id=\"1fb4c2c\" data-element_type=\"widget\" data-widget_type=\"theme-post-content.default\">\n<div class=\"elementor-widget-container\">\n<p><strong>Kdo je zodpov\u011bdn\u00fd za z\u0159\u00edcen\u00ed p\u0159ehrady Kachovka na jihu Ukrajiny? Americk\u00fd plukovn\u00edk ve v\u00fdslu\u017eb\u011b Douglas Macgregor se dozv\u011bd\u011bl, \u017ee nikdo jin\u00fd ne\u017e sama n\u00e1m\u011bstkyn\u011b ministra zahrani\u010d\u00ed Victoria Nulandov\u00e1 dala souhlas k demolici p\u0159ehrady.<\/strong><\/p>\n<p>Macgregor\u00a0<a href=\"https:\/\/www.youtube.com\/watch?v=BVXc8Jk4L2c\" target=\"_blank\" rel=\"noreferrer noopener\" data-type=\"URL\" data-id=\"https:\/\/www.youtube.com\/watch?v=BVXc8Jk4L2c\">pouk\u00e1zal na<\/a>\u00a0to, \u017ee Nulandov\u00e1 byla zapojena do v\u0161eho, co se d\u011bje na Ukrajin\u011b, minim\u00e1ln\u011b 14-15 let.<\/p>\n<p>&nbsp;<\/p>\n<div class=\"twitter-tweet twitter-tweet-rendered\"><iframe id=\"twitter-widget-0\" class=\"\" title=\"Twitter tweet\" src=\"https:\/\/platform.twitter.com\/embed\/Tweet.html?creatorScreenName=uncutnewsCH&amp;dnt=false&amp;embedId=twitter-widget-0&amp;features=eyJ0ZndfdGltZWxpbmVfbGlzdCI6eyJidWNrZXQiOltdLCJ2ZXJzaW9uIjpudWxsfSwidGZ3X2ZvbGxvd2VyX2NvdW50X3N1bnNldCI6eyJidWNrZXQiOnRydWUsInZlcnNpb24iOm51bGx9LCJ0ZndfdHdlZXRfZWRpdF9iYWNrZW5kIjp7ImJ1Y2tldCI6Im9uIiwidmVyc2lvbiI6bnVsbH0sInRmd19yZWZzcmNfc2Vzc2lvbiI6eyJidWNrZXQiOiJvbiIsInZlcnNpb24iOm51bGx9LCJ0ZndfZm9zbnJfc29mdF9pbnRlcnZlbnRpb25zX2VuYWJsZWQiOnsiYnVja2V0Ijoib24iLCJ2ZXJzaW9uIjpudWxsfSwidGZ3X21peGVkX21lZGlhXzE1ODk3Ijp7ImJ1Y2tldCI6InRyZWF0bWVudCIsInZlcnNpb24iOm51bGx9LCJ0ZndfZXhwZXJpbWVudHNfY29va2llX2V4cGlyYXRpb24iOnsiYnVja2V0IjoxMjA5NjAwLCJ2ZXJzaW9uIjpudWxsfSwidGZ3X3Nob3dfYmlyZHdhdGNoX3Bpdm90c19lbmFibGVkIjp7ImJ1Y2tldCI6Im9uIiwidmVyc2lvbiI6bnVsbH0sInRmd19kdXBsaWNhdGVfc2NyaWJlc190b19zZXR0aW5ncyI6eyJidWNrZXQiOiJvbiIsInZlcnNpb24iOm51bGx9LCJ0ZndfdXNlX3Byb2ZpbGVfaW1hZ2Vfc2hhcGVfZW5hYmxlZCI6eyJidWNrZXQiOiJvbiIsInZlcnNpb24iOm51bGx9LCJ0ZndfdmlkZW9faGxzX2R5bmFtaWNfbWFuaWZlc3RzXzE1MDgyIjp7ImJ1Y2tldCI6InRydWVfYml0cmF0ZSIsInZlcnNpb24iOm51bGx9LCJ0ZndfbGVnYWN5X3RpbWVsaW5lX3N1bnNldCI6eyJidWNrZXQiOnRydWUsInZlcnNpb24iOm51bGx9LCJ0ZndfdHdlZXRfZWRpdF9mcm9udGVuZCI6eyJidWNrZXQiOiJvbiIsInZlcnNpb24iOm51bGx9fQ%3D%3D&amp;frame=false&amp;hideCard=false&amp;hideThread=false&amp;id=1669202488967266306&amp;lang=de&amp;origin=https%3A%2F%2Funcutnews.ch%2Fist-das-also-die-frau-die-gruenes-licht-fuer-die-zerstoerung-des-ukrainischen-staudamms-gegeben-hat%2F&amp;sessionId=c0941fb786261856c4f7cb87c94db4cdc31afab0&amp;theme=light&amp;widgetsVersion=aaf4084522e3a%3A1674595607486&amp;width=550px\" frameborder=\"0\" scrolling=\"no\" allowfullscreen=\"allowfullscreen\" data-tweet-id=\"1669202488967266306\" data-mce-fragment=\"1\"><\/iframe><\/div>\n<p>Plukovn\u00edk tak\u00e9 reagoval na zpr\u00e1vy o ukrajinsk\u00fdch zisc\u00edch.\u00a0V mnoha p\u0159\u00edpadech se jedn\u00e1 o oblasti, kter\u00e9 nejsou bl\u00edzko boji\u0161t\u011b, a to ani v r\u00e1mci Bezpe\u010dn\u00e9 z\u00f3ny.<\/p>\n<p>V n\u011bkter\u00fdch p\u0159\u00edpadech Ukrajinci poukazuj\u00ed na n\u011bjak\u00e9 ruiny v Bezpe\u010dnostn\u00ed z\u00f3n\u011b, oblasti n\u011bkolik des\u00edtek kilometr\u016f od linie obrany z\u0159\u00edzen\u00e9 Rusy.<\/p>\n<p>&#8222;Neexistuj\u00ed v\u016fbec \u017e\u00e1dn\u00e9 pozemn\u00ed zisky,&#8220; trval na sv\u00e9m Macgregor.<\/p>\n<p>Ukrajinsk\u00e1 protiofenz\u00edva prob\u00edh\u00e1 u\u017e t\u00e9m\u011b\u0159 dva t\u00fddny a podle Kyjeva by m\u011bla trvat je\u0161t\u011b dva t\u00fddny.<\/p>\n<p>Z ukrajinsk\u00e9 arm\u00e1dy podle plukovn\u00edka zbylo jen m\u00e1lo.\u00a0\u201eWashington v\u00ed, \u017ee Ukrajina je na pokraji kolapsu.\u00a0Zem\u011b je zdevastovan\u00e1.\u00a0Arm\u00e1da je masivn\u011b oslabena.&#8220;<\/p>\n<p><em>Plukovn\u00edk Doug Macgregor \u0159\u00edk\u00e1: \u201eWashington v\u00ed, \u017ee Ukrajina je na pokraji zhroucen\u00ed\u201c \u201eUp\u0159\u00edmn\u011b \u0159e\u010deno, nemysl\u00edm si, \u017ee toho moc zb\u00fdv\u00e1, a mysl\u00edm, \u017ee se to odr\u00e1\u017e\u00ed v titulc\u00edch, kter\u00e9 pr\u00e1v\u011b te\u010f vyj\u00ed\u017ed\u00edte z Washingtonu&#8230; Washington to v\u00ed Ukrajina je na pokraji kolapsu&#8230; Zem\u011b je zdevastovan\u00e1.\u00a0Arm\u00e1da byla nep\u0159edstaviteln\u011b oslabena.<\/p>\n<p><\/em><\/p>\n<div>\n<div class=\"twitter-tweet twitter-tweet-rendered\"><iframe id=\"twitter-widget-1\" class=\"\" title=\"Twitter tweet\" src=\"https:\/\/platform.twitter.com\/embed\/Tweet.html?creatorScreenName=uncutnewsCH&amp;dnt=false&amp;embedId=twitter-widget-1&amp;features=eyJ0ZndfdGltZWxpbmVfbGlzdCI6eyJidWNrZXQiOltdLCJ2ZXJzaW9uIjpudWxsfSwidGZ3X2ZvbGxvd2VyX2NvdW50X3N1bnNldCI6eyJidWNrZXQiOnRydWUsInZlcnNpb24iOm51bGx9LCJ0ZndfdHdlZXRfZWRpdF9iYWNrZW5kIjp7ImJ1Y2tldCI6Im9uIiwidmVyc2lvbiI6bnVsbH0sInRmd19yZWZzcmNfc2Vzc2lvbiI6eyJidWNrZXQiOiJvbiIsInZlcnNpb24iOm51bGx9LCJ0ZndfZm9zbnJfc29mdF9pbnRlcnZlbnRpb25zX2VuYWJsZWQiOnsiYnVja2V0Ijoib24iLCJ2ZXJzaW9uIjpudWxsfSwidGZ3X21peGVkX21lZGlhXzE1ODk3Ijp7ImJ1Y2tldCI6InRyZWF0bWVudCIsInZlcnNpb24iOm51bGx9LCJ0ZndfZXhwZXJpbWVudHNfY29va2llX2V4cGlyYXRpb24iOnsiYnVja2V0IjoxMjA5NjAwLCJ2ZXJzaW9uIjpudWxsfSwidGZ3X3Nob3dfYmlyZHdhdGNoX3Bpdm90c19lbmFibGVkIjp7ImJ1Y2tldCI6Im9uIiwidmVyc2lvbiI6bnVsbH0sInRmd19kdXBsaWNhdGVfc2NyaWJlc190b19zZXR0aW5ncyI6eyJidWNrZXQiOiJvbiIsInZlcnNpb24iOm51bGx9LCJ0ZndfdXNlX3Byb2ZpbGVfaW1hZ2Vfc2hhcGVfZW5hYmxlZCI6eyJidWNrZXQiOiJvbiIsInZlcnNpb24iOm51bGx9LCJ0ZndfdmlkZW9faGxzX2R5bmFtaWNfbWFuaWZlc3RzXzE1MDgyIjp7ImJ1Y2tldCI6InRydWVfYml0cmF0ZSIsInZlcnNpb24iOm51bGx9LCJ0ZndfbGVnYWN5X3RpbWVsaW5lX3N1bnNldCI6eyJidWNrZXQiOnRydWUsInZlcnNpb24iOm51bGx9LCJ0ZndfdHdlZXRfZWRpdF9mcm9udGVuZCI6eyJidWNrZXQiOiJvbiIsInZlcnNpb24iOm51bGx9fQ%3D%3D&amp;frame=false&amp;hideCard=false&amp;hideThread=false&amp;id=1669356246477209604&amp;lang=de&amp;origin=https%3A%2F%2Funcutnews.ch%2Fist-das-also-die-frau-die-gruenes-licht-fuer-die-zerstoerung-des-ukrainischen-staudamms-gegeben-hat%2F&amp;sessionId=c0941fb786261856c4f7cb87c94db4cdc31afab0&amp;theme=light&amp;widgetsVersion=aaf4084522e3a%3A1674595607486&amp;width=550px\" frameborder=\"0\" scrolling=\"no\" allowfullscreen=\"allowfullscreen\" data-tweet-id=\"1669356246477209604\"><\/iframe><\/div>\n<p><img decoding=\"async\" loading=\"lazy\" class=\"alignnone size-full wp-image-1185\" src=\"http:\/\/www.infokuryr.cz\/n\/wp-content\/uploads\/2021\/04\/kuryr-podpis.png\" alt=\"\" width=\"84\" height=\"24\" \/><\/p>\n<p><a href=\"https:\/\/stranapro.cz\/\"><img decoding=\"async\" loading=\"lazy\" class=\"wp-image-30218 aligncenter\" src=\"http:\/\/www.infokuryr.cz\/n\/wp-content\/uploads\/2023\/06\/PRO-banner-300x36.png\" alt=\"\" width=\"1342\" height=\"161\" srcset=\"https:\/\/www.infokuryr.cz\/n\/wp-content\/uploads\/2023\/06\/PRO-banner-300x36.png 300w, https:\/\/www.infokuryr.cz\/n\/wp-content\/uploads\/2023\/06\/PRO-banner-768x93.png 768w, https:\/\/www.infokuryr.cz\/n\/wp-content\/uploads\/2023\/06\/PRO-banner.png 849w\" sizes=\"(max-width: 1342px) 100vw, 1342px\" \/><\/a><\/div>\n<\/div>\n<\/div>\n<div><\/div>\n<div class=\"elementor-element elementor-element-46a8472 elementor-grid-3 elementor-grid-tablet-2 elementor-grid-mobile-1 elementor-posts--thumbnail-top elementor-widget elementor-widget-posts\" data-id=\"46a8472\" data-element_type=\"widget\" data-settings=\"{&quot;classic_row_gap&quot;:{&quot;unit&quot;:&quot;px&quot;,&quot;size&quot;:25,&quot;sizes&quot;:[]},&quot;classic_columns&quot;:&quot;3&quot;,&quot;classic_columns_tablet&quot;:&quot;2&quot;,&quot;classic_columns_mobile&quot;:&quot;1&quot;,&quot;classic_row_gap_tablet&quot;:{&quot;unit&quot;:&quot;px&quot;,&quot;size&quot;:&quot;&quot;,&quot;sizes&quot;:[]},&quot;classic_row_gap_mobile&quot;:{&quot;unit&quot;:&quot;px&quot;,&quot;size&quot;:&quot;&quot;,&quot;sizes&quot;:[]}}\" data-widget_type=\"posts.classic\">\n<div class=\"elementor-widget-container\">\n<div class=\"elementor-posts-container elementor-posts elementor-posts--skin-classic elementor-grid elementor-has-item-ratio\"><\/div>\n<\/div>\n<\/div>\n","protected":false},"excerpt":{"rendered":"<p>Kdo je zodpov\u011bdn\u00fd za z\u0159\u00edcen\u00ed p\u0159ehrady Kachovka na jihu Ukrajiny? Americk\u00fd plukovn\u00edk ve v\u00fdslu\u017eb\u011b Douglas&#8230;<\/p>\n","protected":false},"author":2,"featured_media":28825,"comment_status":"closed","ping_status":"closed","sticky":false,"template":"","format":"standard","meta":[],"categories":[7],"tags":[5162,2078,5146,26],"_links":{"self":[{"href":"https:\/\/www.infokuryr.cz\/n\/wp-json\/wp\/v2\/posts\/30309"}],"collection":[{"href":"https:\/\/www.infokuryr.cz\/n\/wp-json\/wp\/v2\/posts"}],"about":[{"href":"https:\/\/www.infokuryr.cz\/n\/wp-json\/wp\/v2\/types\/post"}],"author":[{"embeddable":true,"href":"https:\/\/www.infokuryr.cz\/n\/wp-json\/wp\/v2\/users\/2"}],"replies":[{"embeddable":true,"href":"https:\/\/www.infokuryr.cz\/n\/wp-json\/wp\/v2\/comments?post=30309"}],"version-history":[{"count":1,"href":"https:\/\/www.infokuryr.cz\/n\/wp-json\/wp\/v2\/posts\/30309\/revisions"}],"predecessor-version":[{"id":30310,"href":"https:\/\/www.infokuryr.cz\/n\/wp-json\/wp\/v2\/posts\/30309\/revisions\/30310"}],"wp:featuredmedia":[{"embeddable":true,"href":"https:\/\/www.infokuryr.cz\/n\/wp-json\/wp\/v2\/media\/28825"}],"wp:attachment":[{"href":"https:\/\/www.infokuryr.cz\/n\/wp-json\/wp\/v2\/media?parent=30309"}],"wp:term":[{"taxonomy":"category","embeddable":true,"href":"https:\/\/www.infokuryr.cz\/n\/wp-json\/wp\/v2\/categories?post=30309"},{"taxonomy":"post_tag","embeddable":true,"href":"https:\/\/www.infokuryr.cz\/n\/wp-json\/wp\/v2\/tags?post=30309"}],"curies":[{"name":"wp","href":"https:\/\/api.w.org\/{rel}","templated":true}]}}