{"id":30306,"date":"2023-06-17T00:59:00","date_gmt":"2023-06-16T22:59:00","guid":{"rendered":"http:\/\/www.infokuryr.cz\/n\/?p=30306"},"modified":"2023-06-16T16:00:07","modified_gmt":"2023-06-16T14:00:07","slug":"dusledky-zjisteni-z-dalekohledu-jamese-webba-jsou-obrovske","status":"publish","type":"post","link":"https:\/\/www.infokuryr.cz\/n\/2023\/06\/17\/dusledky-zjisteni-z-dalekohledu-jamese-webba-jsou-obrovske\/","title":{"rendered":"D\u016fsledky zji\u0161t\u011bn\u00ed z dalekohledu Jamese Webba jsou obrovsk\u00e9"},"content":{"rendered":"<div id=\"fb-root\"><\/div>\n<p><span style=\"font-size: 14pt;\"><strong>Teleskop Jamese Webba nad\u00e1le vyvol\u00e1v\u00e1 vzru\u0161en\u00ed po cel\u00e9m sv\u011bt\u011b, proto\u017ee ned\u00e1vno objevil \u0161est ran\u00fdch galaxi\u00ed, o kter\u00fdch se p\u0159edpokl\u00e1d\u00e1, \u017ee neexistuj\u00ed.<\/strong><\/span><\/p>\n<p>&#8222;N\u011bco nen\u00ed v po\u0159\u00e1dku s teoriemi, kter\u00e9 m\u00e1me o vesm\u00edru a velk\u00e9m t\u0159esku,&#8220; \u0159\u00edk\u00e1 Lerner.<\/p>\n<p>Eric Lerner tvrdil, \u017ee sn\u00edmky po\u0159\u00edzen\u00e9 Webbov\u00fdm teleskopem vyvol\u00e1vaj\u00ed mezi kosmology \u201epanika\u0159en\u00ed\u201c.\u00a0Prohl\u00e1sil to v\u00a0<a href=\"https:\/\/iai.tv\/articles\/the-big-bang-didnt-happen-auid-2215\" target=\"_blank\" rel=\"noreferrer noopener\" data-type=\"URL\" data-id=\"https:\/\/iai.tv\/articles\/the-big-bang-didnt-happen-auid-2215\">\u010dl\u00e1nku<\/a>\u00a0publikovan\u00e9m The Institute of Art and Ideas, britsk\u00e9 filozofick\u00e9 organizaci, jednodu\u0161e nazvan\u00e9m The Big Bang nikdy nenastal.<\/p>\n<p>&nbsp;<\/p>\n<figure class=\"wp-block-embed is-type-video is-provider-youtube wp-block-embed-youtube wp-embed-aspect-16-9 wp-has-aspect-ratio\">\n<div class=\"wp-block-embed__wrapper\"><iframe loading=\"lazy\" title=\"\u0160\u00e9f NASA pr\u00e1v\u011b unikl \u0161okuj\u00edc\u00edmu objevu Webbova teleskopu ve vesm\u00edru!\" src=\"https:\/\/www.youtube.com\/embed\/VqTdlo1RONk?feature=oembed\" width=\"800\" height=\"450\" frameborder=\"0\" allowfullscreen=\"allowfullscreen\" data-mce-fragment=\"1\"><\/iframe><\/div>\n<\/figure>\n<p>&nbsp;<\/p>\n<p>\u201eBez velk\u00e9ho t\u0159esku nic.\u00a0Nic bez darwinovsk\u00e9 evolu\u010dn\u00ed teorie,\u201c\u00a0<a href=\"https:\/\/www.linkedin.com\/posts\/hans-siepel-5a84643_nasa-chief-just-leaked-webb-telescopes-shocking-activity-7073213184689500160-sC4b\/?utm_source=share&amp;utm_medium=member_desktop\" target=\"_blank\" rel=\"noreferrer noopener\" data-type=\"URL\" data-id=\"https:\/\/www.linkedin.com\/posts\/hans-siepel-5a84643_nasa-chief-just-leaked-webb-telescopes-shocking-activity-7073213184689500160-sC4b\/?utm_source=share&amp;utm_medium=member_desktop\">tvrd\u00ed autor Hans Siepel<\/a>\u00a0.\u00a0&#8222;D\u016fsledky t\u011bchto zji\u0161t\u011bn\u00ed z dalekohledu Jamese Webba a p\u0159evr\u00e1cen\u00ed z\u00e1klad\u016f domu v\u011bdy jsou gigantick\u00e9.&#8220;<\/p>\n<p>&#8222;A pamatujete si, jak nep\u0159\u00e1tel\u0161t\u00ed v\u011bdci k\u0159i\u010deli, \u017ee ve \u0161kol\u00e1ch by se m\u011bla vyu\u010dovat pouze teorie velk\u00e9ho t\u0159esku,&#8220; dod\u00e1v\u00e1.<\/p>\n<p>Nyn\u00ed, kdy\u017e se nic z toho neuk\u00e1\u017ee jako pravda, v\u011bdeck\u00fd klub Robberta Dijkgraafa ml\u010d\u00ed.\u00a0intelektu\u00e1ln\u00ed zbab\u011blost.\u00a0Stejn\u011b jako mnoho takzvan\u00fdch v\u011bdeck\u00fdch novin\u00e1\u0159\u016f.\u00a0I kdy\u017e to prost\u011b nemohou pochopit vzhledem k vysok\u00e9 \u00farovni Maartena Keulemanse.\u00a0P\u0159\u00edli\u0161 hloup\u00e9, \u0159\u00edk\u00e1 Siepel, kter\u00fd tyto v\u00fdsledky Webbova teleskopu popisuje jako \u201e\u00fa\u017easn\u00e9\u201c.<\/p>\n<p>Profesor Bob de Wit odpov\u00edd\u00e1: \u201e\u010c\u00edm v\u00edce v\u00edte, t\u00edm v\u00edce v\u00edte, \u017ee nic nev\u00edte.\u00a0Lid\u00e9, kte\u0159\u00ed si mysl\u00ed, \u017ee n\u011bco v\u011bd\u00ed, toho tolik nev\u011bd\u00ed.\u201c<\/p>\n<p><img decoding=\"async\" loading=\"lazy\" class=\"alignnone size-full wp-image-1185\" src=\"http:\/\/www.infokuryr.cz\/n\/wp-content\/uploads\/2021\/04\/kuryr-podpis.png\" alt=\"\" width=\"84\" height=\"24\" \/><\/p>\n<p>&nbsp;<\/p>\n<p><a href=\"https:\/\/stranapro.cz\/\"><img decoding=\"async\" loading=\"lazy\" class=\"wp-image-30218 aligncenter\" src=\"http:\/\/www.infokuryr.cz\/n\/wp-content\/uploads\/2023\/06\/PRO-banner-300x36.png\" alt=\"\" width=\"1342\" height=\"161\" srcset=\"https:\/\/www.infokuryr.cz\/n\/wp-content\/uploads\/2023\/06\/PRO-banner-300x36.png 300w, https:\/\/www.infokuryr.cz\/n\/wp-content\/uploads\/2023\/06\/PRO-banner-768x93.png 768w, https:\/\/www.infokuryr.cz\/n\/wp-content\/uploads\/2023\/06\/PRO-banner.png 849w\" sizes=\"(max-width: 1342px) 100vw, 1342px\" \/><\/a><\/p>\n<p>&nbsp;<\/p>\n","protected":false},"excerpt":{"rendered":"<p>Teleskop Jamese Webba nad\u00e1le vyvol\u00e1v\u00e1 vzru\u0161en\u00ed po cel\u00e9m sv\u011bt\u011b, proto\u017ee ned\u00e1vno objevil \u0161est ran\u00fdch galaxi\u00ed,&#8230;<\/p>\n","protected":false},"author":2,"featured_media":27969,"comment_status":"closed","ping_status":"closed","sticky":false,"template":"","format":"standard","meta":[],"categories":[7],"tags":[5235,5236,88],"_links":{"self":[{"href":"https:\/\/www.infokuryr.cz\/n\/wp-json\/wp\/v2\/posts\/30306"}],"collection":[{"href":"https:\/\/www.infokuryr.cz\/n\/wp-json\/wp\/v2\/posts"}],"about":[{"href":"https:\/\/www.infokuryr.cz\/n\/wp-json\/wp\/v2\/types\/post"}],"author":[{"embeddable":true,"href":"https:\/\/www.infokuryr.cz\/n\/wp-json\/wp\/v2\/users\/2"}],"replies":[{"embeddable":true,"href":"https:\/\/www.infokuryr.cz\/n\/wp-json\/wp\/v2\/comments?post=30306"}],"version-history":[{"count":1,"href":"https:\/\/www.infokuryr.cz\/n\/wp-json\/wp\/v2\/posts\/30306\/revisions"}],"predecessor-version":[{"id":30307,"href":"https:\/\/www.infokuryr.cz\/n\/wp-json\/wp\/v2\/posts\/30306\/revisions\/30307"}],"wp:featuredmedia":[{"embeddable":true,"href":"https:\/\/www.infokuryr.cz\/n\/wp-json\/wp\/v2\/media\/27969"}],"wp:attachment":[{"href":"https:\/\/www.infokuryr.cz\/n\/wp-json\/wp\/v2\/media?parent=30306"}],"wp:term":[{"taxonomy":"category","embeddable":true,"href":"https:\/\/www.infokuryr.cz\/n\/wp-json\/wp\/v2\/categories?post=30306"},{"taxonomy":"post_tag","embeddable":true,"href":"https:\/\/www.infokuryr.cz\/n\/wp-json\/wp\/v2\/tags?post=30306"}],"curies":[{"name":"wp","href":"https:\/\/api.w.org\/{rel}","templated":true}]}}