{"id":3030,"date":"2021-07-03T05:10:52","date_gmt":"2021-07-03T03:10:52","guid":{"rendered":"http:\/\/www.infokuryr.cz\/n\/?p=3030"},"modified":"2021-07-03T05:10:52","modified_gmt":"2021-07-03T03:10:52","slug":"na-ukrajine-umiraji-lide-po-ockovani-vakcinou-pfizer","status":"publish","type":"post","link":"https:\/\/www.infokuryr.cz\/n\/2021\/07\/03\/na-ukrajine-umiraji-lide-po-ockovani-vakcinou-pfizer\/","title":{"rendered":"Na Ukrajin\u011b um\u00edraj\u00ed lid\u00e9 po o\u010dkov\u00e1n\u00ed vakc\u00ednou Pfizer"},"content":{"rendered":"<div id=\"fb-root\"><\/div>\n<p><strong>Sedma\u010dty\u0159icetilet\u00fd mu\u017e zem\u0159el jen n\u011bkolik hodin pot\u00e9, co byl nao\u010dkov\u00e1n vakc\u00ednou proti koronaviru od spole\u010dnosti Pfizer. K incidentu do\u0161lo ve Vinnick\u00e9 oblasti na Ukrajin\u011b. V p\u00e1tek ve\u010der o tom informovalo tiskov\u00e9 odd\u011blen\u00ed tamn\u00edho ministerstva zdravotnictv\u00ed.<\/strong><\/p>\n<p>\u201eDne 2. \u010dervence, v 18.02 hod moskevsk\u00e9ho \u010dasu (17.02 hod SE\u010c), bylo zaznamen\u00e1no \u00famrt\u00ed 47let\u00e9ho mu\u017ee. O\u010dkov\u00e1n\u00ed proti covidu-19 u n\u011bj provedl mobiln\u00ed t\u00fdm ve 13.45 hod. V 17.00 hod si pacient st\u011b\u017eoval na nevolnost a n\u00e1sledn\u011b ztratil v\u011bdom\u00ed. Okam\u017eit\u011b mu byla p\u0159ivol\u00e1na l\u00e9ka\u0159sk\u00e1 pomoc, kter\u00e1 provedla resuscitaci. Bohu\u017eel v\u0161ak l\u00e9ka\u0159i v 18.02 hod museli konstatovat smrt mu\u017ee,\u201c uv\u00e1d\u00ed se ve zpr\u00e1v\u011b.<\/p>\n<p>Nutno poznamenat, \u017ee b\u011bhem prvn\u00ed hodiny po\u00a0<strong>o\u010dkov\u00e1n\u00ed<\/strong>\u00a0nebyly u mu\u017ee zaznamen\u00e1ny \u017e\u00e1dn\u00e9 ne\u017e\u00e1douc\u00ed \u00fa\u010dinky na tento l\u00e9\u010div\u00fd p\u0159\u00edpravek.<\/p>\n<p>\u201ePodle informac\u00ed resortu zdravotnictv\u00ed v regionu Vinnick\u00e9 oblasti byl mu\u017e o\u010dkov\u00e1n proti covidu-19 vakc\u00ednou Comirnaty\/Pfizer-BioNTech.<\/p>\n<p><a href=\"https:\/\/cz.sputniknews.com\/20210702\/na-ukrajine-zemrel-clovek-po-ockovani-vakcinou-pfizer-15036485.html\">ZDROJ<\/a><\/p>\n<p>&nbsp;<\/p>\n","protected":false},"excerpt":{"rendered":"<p>Sedma\u010dty\u0159icetilet\u00fd mu\u017e zem\u0159el jen n\u011bkolik hodin pot\u00e9, co byl nao\u010dkov\u00e1n vakc\u00ednou proti koronaviru od spole\u010dnosti&#8230;<\/p>\n","protected":false},"author":2,"featured_media":361,"comment_status":"closed","ping_status":"closed","sticky":false,"template":"","format":"standard","meta":[],"categories":[7],"tags":[213,315,474,26,46],"_links":{"self":[{"href":"https:\/\/www.infokuryr.cz\/n\/wp-json\/wp\/v2\/posts\/3030"}],"collection":[{"href":"https:\/\/www.infokuryr.cz\/n\/wp-json\/wp\/v2\/posts"}],"about":[{"href":"https:\/\/www.infokuryr.cz\/n\/wp-json\/wp\/v2\/types\/post"}],"author":[{"embeddable":true,"href":"https:\/\/www.infokuryr.cz\/n\/wp-json\/wp\/v2\/users\/2"}],"replies":[{"embeddable":true,"href":"https:\/\/www.infokuryr.cz\/n\/wp-json\/wp\/v2\/comments?post=3030"}],"version-history":[{"count":0,"href":"https:\/\/www.infokuryr.cz\/n\/wp-json\/wp\/v2\/posts\/3030\/revisions"}],"wp:featuredmedia":[{"embeddable":true,"href":"https:\/\/www.infokuryr.cz\/n\/wp-json\/wp\/v2\/media\/361"}],"wp:attachment":[{"href":"https:\/\/www.infokuryr.cz\/n\/wp-json\/wp\/v2\/media?parent=3030"}],"wp:term":[{"taxonomy":"category","embeddable":true,"href":"https:\/\/www.infokuryr.cz\/n\/wp-json\/wp\/v2\/categories?post=3030"},{"taxonomy":"post_tag","embeddable":true,"href":"https:\/\/www.infokuryr.cz\/n\/wp-json\/wp\/v2\/tags?post=3030"}],"curies":[{"name":"wp","href":"https:\/\/api.w.org\/{rel}","templated":true}]}}