{"id":3029,"date":"2021-07-03T05:07:55","date_gmt":"2021-07-03T03:07:55","guid":{"rendered":"http:\/\/www.infokuryr.cz\/n\/?p=3029"},"modified":"2021-07-03T05:07:55","modified_gmt":"2021-07-03T03:07:55","slug":"lukasenko-naridil-uzavrit-hranici-s-ukrajinou","status":"publish","type":"post","link":"https:\/\/www.infokuryr.cz\/n\/2021\/07\/03\/lukasenko-naridil-uzavrit-hranici-s-ukrajinou\/","title":{"rendered":"Luka\u0161enko na\u0159\u00eddil uzav\u0159\u00edt hranici s Ukrajinou"},"content":{"rendered":"<div id=\"fb-root\"><\/div>\n<p><strong>Prezident B\u011bloruska Alexander Luka\u0161enko prohl\u00e1sil, \u017ee na\u0159\u00eddil pohrani\u010dn\u00edm jednotk\u00e1m, aby zcela uzav\u0159ely hranici s Ukrajinou, odkud poch\u00e1z\u00ed \u201eobrovsk\u00e9 mno\u017estv\u00ed zbran\u00ed\u201c. Pro\u010d se k takov\u00e9mu kroku uch\u00fdlil? Podrobnosti p\u0159inesla agentura Belt.<\/strong><\/p>\n<p>\u201eZ Ukrajiny do B\u011bloruska proud\u00ed obrovsk\u00e9 mno\u017estv\u00ed zbran\u00ed. Proto jsem dal pokyn hrani\u010dn\u00edm jednotk\u00e1m, aby zcela uzav\u0159ely hranice s Ukrajinou,\u201c nechal se v p\u00e1tek sly\u0161et Luka\u0161enko.<\/p>\n<p>Takov\u00e1 slova od b\u011blorusk\u00e9ho prezidenta\u00a0zazn\u011bla\u00a0na slavnostn\u00edm setk\u00e1n\u00ed u p\u0159\u00edle\u017eitosti Dne nez\u00e1vislosti, kter\u00fd se slav\u00ed v B\u011blorusku 3. \u010dervence.<\/p>\n<p><strong>Vztahy mezi B\u011bloruskem a Ukrajinou<\/strong><\/p>\n<p>B\u011blorusk\u00fd l\u00eddr v\u010dera uvedl, \u017ee nelze dopustit p\u0159eru\u0161en\u00ed bratrsk\u00fdch vazeb na ukrajinsk\u00fd lid, ale dodal, \u017ee veden\u00ed Ukrajiny zvolilo \u201ejinou cestu\u201c.<\/p>\n<p>\u201eVid\u00edme, jak st\u00e1tn\u00ed suverenita na\u0161ich ji\u017en\u00edch soused\u016f taje. A\u0165 n\u00e1m ji\u017ean\u00e9 odpust\u00ed, ale u\u017e se stalo, tak si to mus\u00edme zapamatovat a mus\u00edme o tom nejednou hovo\u0159it. Trp\u00ed t\u00edm jen lid\u00e9 a my nem\u016f\u017eeme dopustit roztr\u017een\u00ed bratrsk\u00fdch vztah\u016f mezi n\u00e1rody,\u201c uvedl Luka\u0161enko ve \u010dtvrtek na plen\u00e1rn\u00edm zased\u00e1n\u00ed F\u00f3ra region\u016f Ruska a B\u011bloruska, kter\u00e9 se konalo v online form\u00e1tu.<\/p>\n<p>V z\u00e1v\u011bru znova poznamenal, \u017ee\u00a0<strong>Rusko a B\u011blorusko\u00a0<\/strong>budou v\u017edy spolu s bratrsk\u00fdm ukrajinsk\u00fdm lidem, ale dodal: \u201eCo nad\u011bl\u00e1me, kdy\u017e se veden\u00ed na\u0161\u00ed bratrsk\u00e9 Ukrajiny vydalo jinou cestou.\u201c<\/p>\n<p><strong>EU bude nad\u00e1le tla\u010dit na B\u011blorusko<\/strong><\/p>\n<p>N\u011bmeck\u00e1 kancl\u00e9\u0159ka Angela Merkelov\u00e1\u00a0uvedla, \u017ee Evropsk\u00e1 unie nep\u0159estane tla\u010dit na b\u011blorusk\u00e9 \u00fa\u0159ady, dokud se situace v zemi nezm\u011bn\u00ed.<\/p>\n<p>\u201eP\u0159ijali jsme obs\u00e1hl\u00fd bal\u00ed\u010dek sankc\u00ed v Rad\u011b EU\u2026Aktivovali jsme velice obs\u00e1hl\u00fd sank\u010dn\u00ed re\u017eim, za\u010d\u00edn\u00e1 fungovat, my neodstoup\u00edme, dokud se situace v zemi nezm\u011bn\u00ed,\u201c uvedla Merkelov\u00e1 po spole\u010dn\u00e9m zased\u00e1n\u00ed parlament\u016f N\u011bmecka a Francie.<\/p>\n<p>Ke zhor\u0161en\u00ed situace toti\u017e p\u0159isp\u011bl incident s nouzov\u00fdm p\u0159ist\u00e1n\u00edm letadla Ryanair v Minsku. Letadlo, kter\u00e9 let\u011blo 23. kv\u011btna z At\u00e9n do Vilniusu, p\u0159ist\u00e1lo nouzov\u011b na leti\u0161ti v Minsku kv\u016fli zpr\u00e1v\u011b o zaminov\u00e1n\u00ed, kter\u00e1 se pozd\u011bji nepotvrdila. T\u00edmto letadlem cestoval Roman Protasevi\u010d, zakladatel telegramov\u00e9ho kan\u00e1lu Nexta, kter\u00fd byl v B\u011blorusku uzn\u00e1n za extremistick\u00fd. P\u0159i pasov\u00e9 kontrole na minsk\u00e9m leti\u0161ti byl Protasevi\u010d\u00a0zadr\u017een. Bylo proti n\u011bmu zah\u00e1jeno trestn\u00ed \u0159\u00edzen\u00ed podle n\u011bkolika paragraf\u016f, v\u010detn\u011b organizov\u00e1n\u00ed hromadn\u00fdch nepokoj\u016f, a hroz\u00ed mu a\u017e 15 let odn\u011bt\u00ed svobody. Spolu s Protasevi\u010dem byla zadr\u017eena Sapegov\u00e1. Podle informac\u00ed rusk\u00e9ho ministerstva zahrani\u010d\u00ed se podez\u0159\u00edv\u00e1 ze zlo\u010din\u016f podle n\u011bkolika paragraf\u016f Trestn\u00edho z\u00e1kon\u00edku B\u011bloruska, kter\u00e9\u00a0sp\u00e1chala\u00a0\u00fadajn\u011b v srpnu a z\u00e1\u0159\u00ed roku 2020.<\/p>\n<p><a href=\"https:\/\/cz.sputniknews.com\/20210702\/lukasenko-naridil-uzavrit-hranici-s-ukrajinou-15035440.html\">ZDROJ<\/a><\/p>\n<p>&nbsp;<\/p>\n","protected":false},"excerpt":{"rendered":"<p>Prezident B\u011bloruska Alexander Luka\u0161enko prohl\u00e1sil, \u017ee na\u0159\u00eddil pohrani\u010dn\u00edm jednotk\u00e1m, aby zcela uzav\u0159ely hranici s Ukrajinou,&#8230;<\/p>\n","protected":false},"author":2,"featured_media":918,"comment_status":"closed","ping_status":"closed","sticky":false,"template":"","format":"standard","meta":[],"categories":[7],"tags":[150,804,149,26],"_links":{"self":[{"href":"https:\/\/www.infokuryr.cz\/n\/wp-json\/wp\/v2\/posts\/3029"}],"collection":[{"href":"https:\/\/www.infokuryr.cz\/n\/wp-json\/wp\/v2\/posts"}],"about":[{"href":"https:\/\/www.infokuryr.cz\/n\/wp-json\/wp\/v2\/types\/post"}],"author":[{"embeddable":true,"href":"https:\/\/www.infokuryr.cz\/n\/wp-json\/wp\/v2\/users\/2"}],"replies":[{"embeddable":true,"href":"https:\/\/www.infokuryr.cz\/n\/wp-json\/wp\/v2\/comments?post=3029"}],"version-history":[{"count":0,"href":"https:\/\/www.infokuryr.cz\/n\/wp-json\/wp\/v2\/posts\/3029\/revisions"}],"wp:featuredmedia":[{"embeddable":true,"href":"https:\/\/www.infokuryr.cz\/n\/wp-json\/wp\/v2\/media\/918"}],"wp:attachment":[{"href":"https:\/\/www.infokuryr.cz\/n\/wp-json\/wp\/v2\/media?parent=3029"}],"wp:term":[{"taxonomy":"category","embeddable":true,"href":"https:\/\/www.infokuryr.cz\/n\/wp-json\/wp\/v2\/categories?post=3029"},{"taxonomy":"post_tag","embeddable":true,"href":"https:\/\/www.infokuryr.cz\/n\/wp-json\/wp\/v2\/tags?post=3029"}],"curies":[{"name":"wp","href":"https:\/\/api.w.org\/{rel}","templated":true}]}}