{"id":30268,"date":"2023-06-16T01:15:54","date_gmt":"2023-06-15T23:15:54","guid":{"rendered":"http:\/\/www.infokuryr.cz\/n\/?p=30268"},"modified":"2023-06-16T11:57:51","modified_gmt":"2023-06-16T09:57:51","slug":"erik-best-velke-vitezstvi-pro-stan","status":"publish","type":"post","link":"https:\/\/www.infokuryr.cz\/n\/2023\/06\/16\/erik-best-velke-vitezstvi-pro-stan\/","title":{"rendered":"Erik Best: Velk\u00e9 v\u00edt\u011bzstv\u00ed pro STAN"},"content":{"rendered":"<div id=\"fb-root\"><\/div>\n<p>STAN je pod palbou ze v\u0161ech stran. Minul\u00fd t\u00fdden, jen p\u00e1r dn\u00ed p\u0159ed t\u00edm, ne\u017e si m\u00e9dia p\u0159ipomn\u011bla prvn\u00ed v\u00fdro\u010d\u00ed korup\u010dn\u00edho skand\u00e1lu<strong>,<\/strong>\u00a0byli v\u00a0kauze Dozimetr ob\u017ealov\u00e1ni dva lid\u00e9; ministr \u0161kolstv\u00ed Mikul\u00e1\u0161 Bek (STAN) pohrozil rezignac\u00ed, pokud premi\u00e9r Petr Fiala umo\u017en\u00ed ministru financ\u00ed Zby\u0148ku Stanjurovi (oba z\u00a0ODS) sn\u00ed\u017eit rozpo\u010det jeho rezortu pro p\u0159\u00ed\u0161t\u00ed rok o\u00a029 miliard K\u010d na 236 miliard K\u010d;<\/p>\n<p>Bek tak\u00e9 schytal politick\u00fd v\u00fdprask za sv\u016fj projev na 73. ro\u010dn\u00edku Sudeton\u011bmeck\u00e9ho sdru\u017een\u00ed v\u00a0\u0158ezn\u011b;<\/p>\n<p>Andrej Babi\u0161 ve Sn\u011bmovn\u011b zpochybnil slova ministra pr\u016fmyslu a\u00a0obchodu Jozefa S\u00edkely (za STAN), \u017ee \u010cesk\u00e1 republika\u00a0<a href=\"https:\/\/www.psp.cz\/eknih\/2021ps\/stenprot\/067schuz\/s067024.htm\" target=\"_blank\" rel=\"noopener\">nedov\u00e1\u017e\u00ed \u017e\u00e1dn\u00fd zemn\u00ed plyn z\u00a0Ruska<\/a>;<\/p>\n<p>ministr vnitra V\u00edt Raku\u0161an (STAN) rozpoutal debatu o\u00a0tom, zda dohoda o\u00a0migraci, kterou minul\u00fd t\u00fdden podepsal, je \u201e<a href=\"https:\/\/www.irozhlas.cz\/zpravy-domov\/povinne-kvoty-vyjimka-z-plateb-dohoda-o-migraci_2306141904_hof\" target=\"_blank\" rel=\"noopener\">skv\u011bl\u00fd kompromis<\/a>\u201c, anebo \u201eneuv\u011b\u0159iteln\u00e1 zrada\u201c. Av\u0161ak nyn\u00ed STAN zaznamenal z\u00e1sadn\u00ed v\u00edt\u011bzstv\u00ed.<\/p>\n<p>S\u00edkel\u016fv\u00a0<a href=\"https:\/\/www.fsfinalword.cz\/?page=archive&amp;day=2022-10-14\" target=\"_blank\" rel=\"noopener\">d\u016fv\u011brn\u00fd<\/a>\u00a0poradce Tom\u00e1\u0161 Prouza, kter\u00fd pracuje na pln\u00fd \u00favazek jako lobbista p\u0159ev\u00e1\u017en\u011b\u00a0<a href=\"https:\/\/www.fsfinalword.cz\/?page=archive&amp;show=1&amp;day=2023-6-1\" target=\"_blank\" rel=\"noopener\">n\u011bmeck\u00fdch potravin\u00e1\u0159sk\u00fdch \u0159et\u011bzc\u016f<\/a>, kone\u010dn\u011b donutil ministra zem\u011bd\u011blstv\u00ed Zde\u0148ka Nekulu (KDU-\u010cSL) k\u00a0rezignaci. STAN si tak te\u010f bude moci p\u0159ipsat z\u00e1sluhy za ni\u017e\u0161\u00ed ceny potravin, kter\u00fdm podle Prouzy stoj\u00ed v\u00a0cest\u011b\u00a0<a href=\"https:\/\/www.denik.cz\/hlasy-deniku\/ministr-z-cukru-20230425.html\" target=\"_blank\" rel=\"noopener\">pouze Nekula<\/a>.<\/p>\n<p><a href=\"https:\/\/www.fsfinalword.cz\/?page=archive&amp;day=2023-06-15&amp;utm_source=utm_source%3Dnewsletter&amp;utm_medium=utm_medium%3De-mail&amp;utm_campaign=utm_campaigne%3Dfinal_word_15.6.2023\">Erik Best<\/a><\/p>\n<p><img decoding=\"async\" loading=\"lazy\" class=\"alignnone wp-image-1179\" src=\"http:\/\/www.infokuryr.cz\/n\/wp-content\/uploads\/2021\/04\/erik-best.jpg\" alt=\"\" width=\"170\" height=\"191\" \/><\/p>\n<p>&nbsp;<\/p>\n<p>&nbsp;<\/p>\n<p><a href=\"https:\/\/stranapro.cz\/\"><img decoding=\"async\" loading=\"lazy\" class=\"wp-image-30218 aligncenter\" src=\"http:\/\/www.infokuryr.cz\/n\/wp-content\/uploads\/2023\/06\/PRO-banner-300x36.png\" alt=\"\" width=\"1391\" height=\"167\" srcset=\"https:\/\/www.infokuryr.cz\/n\/wp-content\/uploads\/2023\/06\/PRO-banner-300x36.png 300w, https:\/\/www.infokuryr.cz\/n\/wp-content\/uploads\/2023\/06\/PRO-banner-768x93.png 768w, https:\/\/www.infokuryr.cz\/n\/wp-content\/uploads\/2023\/06\/PRO-banner.png 849w\" sizes=\"(max-width: 1391px) 100vw, 1391px\" \/><\/a><\/p>\n<p>&nbsp;<\/p>\n<p>&nbsp;<\/p>\n<p>&nbsp;<\/p>\n","protected":false},"excerpt":{"rendered":"<p>STAN je pod palbou ze v\u0161ech stran. Minul\u00fd t\u00fdden, jen p\u00e1r dn\u00ed p\u0159ed t\u00edm, ne\u017e&#8230;<\/p>\n","protected":false},"author":2,"featured_media":8694,"comment_status":"closed","ping_status":"closed","sticky":false,"template":"","format":"standard","meta":[],"categories":[6],"tags":[122,424,1483],"_links":{"self":[{"href":"https:\/\/www.infokuryr.cz\/n\/wp-json\/wp\/v2\/posts\/30268"}],"collection":[{"href":"https:\/\/www.infokuryr.cz\/n\/wp-json\/wp\/v2\/posts"}],"about":[{"href":"https:\/\/www.infokuryr.cz\/n\/wp-json\/wp\/v2\/types\/post"}],"author":[{"embeddable":true,"href":"https:\/\/www.infokuryr.cz\/n\/wp-json\/wp\/v2\/users\/2"}],"replies":[{"embeddable":true,"href":"https:\/\/www.infokuryr.cz\/n\/wp-json\/wp\/v2\/comments?post=30268"}],"version-history":[{"count":0,"href":"https:\/\/www.infokuryr.cz\/n\/wp-json\/wp\/v2\/posts\/30268\/revisions"}],"wp:featuredmedia":[{"embeddable":true,"href":"https:\/\/www.infokuryr.cz\/n\/wp-json\/wp\/v2\/media\/8694"}],"wp:attachment":[{"href":"https:\/\/www.infokuryr.cz\/n\/wp-json\/wp\/v2\/media?parent=30268"}],"wp:term":[{"taxonomy":"category","embeddable":true,"href":"https:\/\/www.infokuryr.cz\/n\/wp-json\/wp\/v2\/categories?post=30268"},{"taxonomy":"post_tag","embeddable":true,"href":"https:\/\/www.infokuryr.cz\/n\/wp-json\/wp\/v2\/tags?post=30268"}],"curies":[{"name":"wp","href":"https:\/\/api.w.org\/{rel}","templated":true}]}}