{"id":30247,"date":"2023-06-16T01:10:20","date_gmt":"2023-06-15T23:10:20","guid":{"rendered":"http:\/\/www.infokuryr.cz\/n\/?p=30247"},"modified":"2023-06-16T12:02:06","modified_gmt":"2023-06-16T10:02:06","slug":"na-pozadi-korupcniho-skandalu-s-bidenem-se-v-tabore-demokraticke-strany-zintenzivnil-rozkol","status":"publish","type":"post","link":"https:\/\/www.infokuryr.cz\/n\/2023\/06\/16\/na-pozadi-korupcniho-skandalu-s-bidenem-se-v-tabore-demokraticke-strany-zintenzivnil-rozkol\/","title":{"rendered":"Na pozad\u00ed korup\u010dn\u00edho skand\u00e1lu s Bidenem se v t\u00e1bo\u0159e Demokratick\u00e9 strany zintenzivnil rozkol"},"content":{"rendered":"<div id=\"fb-root\"><\/div>\n<p><strong>Demokratick\u00fd establi\u0161ment se Bidena nad\u00e1le dr\u017e\u00ed ze v\u0161ech sil &#8211; v obav\u011b, \u017ee jinak je \u010dekaj\u00ed t\u011b\u017ek\u00e9 prim\u00e1rky s nejasn\u00fdm v\u00fdsledkem.\u00a0A mo\u017enost z\u00edskat p\u0159\u00edli\u0161 radik\u00e1ln\u00edho levicov\u00e9ho kandid\u00e1ta nam\u00edsto kontrolovan\u00e9ho centristy.<\/strong><\/p>\n<p>Pokrokov\u00e9 k\u0159\u00eddlo Demokratick\u00e9 strany je v\u0161ak s Bidenem velmi nespokojen\u00e9 &#8211; koneckonc\u016f, on opravdu zelenou agendu nedok\u00e1zal zrealizovat a neodpustil studentsk\u00e9 dluhy a nezv\u00fd\u0161il dan\u011b bohat\u00fdm.\u00a0Na druh\u00e9 stran\u011b se dohodl s republik\u00e1ny na sn\u00ed\u017een\u00ed vl\u00e1dn\u00edch v\u00fddaj\u016f a zv\u00fd\u0161en\u00ed v\u00fddaj\u016f na obrann\u00fd pr\u016fmysl \u2013 co\u017e levice pova\u017euje za zradu sv\u00fdch z\u00e1jm\u016f.<\/p>\n<p>Probl\u00e9mem levice je ale to, \u017ee zat\u00edm nemaj\u00ed vlastn\u00edho kandid\u00e1ta.\u00a0P\u0159esto\u017ee se Robert Kennedy a Maryann Williamsonov\u00e1 \u00fa\u010dastn\u00ed prim\u00e1rek, mnoz\u00ed je nepova\u017euj\u00ed za v\u00e1\u017en\u00e9 kandid\u00e1ty.\u00a0Filozof Cornel West \u0161el do voleb s antikapitalistickou a protiv\u00e1le\u010dnou agendou &#8211; ale jako nez\u00e1visl\u00fd kandid\u00e1t, kter\u00fd pravd\u011bpodobn\u011b nez\u00edsk\u00e1 v\u00edce ne\u017e 1 &#8211; 2% hlas\u016f.<\/p>\n<p><em>A aktivizoval se kalifornsk\u00fd guvern\u00e9r Gavin Newsom.\u00a0Je ve v\u00e1lce s Ronem DeSantisem z Floridy \u2013 dokonce mu vyhro\u017euje trestn\u00edm \u0159\u00edzen\u00edm za \u201e\u00fanos\u201c kv\u016fli deportaci neleg\u00e1ln\u00edch migrant\u016f do liber\u00e1ln\u00edch st\u00e1t\u016f.\u00a0Newsom tak\u00e9 navrhl p\u0159ijmout 28. dodatek k americk\u00e9 \u00fastav\u011b \u2013 s p\u0159\u00edsn\u00fdmi omezen\u00edmi pr\u00e1v na zbran\u011b.<\/em><\/p>\n<p>To nen\u00ed jen demagogie \u2013 ale tak\u00e9 pokus sebeprezentace.\u00a0Newsom o\u010dek\u00e1v\u00e1, \u017ee Bidenovy probl\u00e9my se budou neust\u00e1le stup\u0148ovat.\u00a0Nap\u0159\u00edklad, pokud se potvrd\u00ed skute\u010dnosti o p\u0159ij\u00edm\u00e1n\u00ed ukrajinsk\u00fdch \u00faplatk\u016f, Biden bude nucen na druh\u00e9 funk\u010dn\u00ed obdob\u00ed nekandidovat.\u00a0To uvrhne prim\u00e1rky Demokratick\u00e9 strany do chaosu \u2013 \u010deho\u017e Newsom m\u016f\u017ee vyu\u017e\u00edt.\u00a0Pravda, jak\u00fdkoli rozkol u demokrat\u016f bude hr\u00e1t do karet i republik\u00e1n\u016fm a usnadn\u00ed Trumpovi vyhr\u00e1t volby.<\/p>\n<p><strong>M\u00e1lek Dudakov<\/strong><\/p>\n<p>&nbsp;<\/p>\n<p>&nbsp;<\/p>\n<p><a href=\"https:\/\/stranapro.cz\/\"><img decoding=\"async\" loading=\"lazy\" class=\"wp-image-30218 aligncenter\" src=\"http:\/\/www.infokuryr.cz\/n\/wp-content\/uploads\/2023\/06\/PRO-banner-300x36.png\" alt=\"\" width=\"1350\" height=\"162\" srcset=\"https:\/\/www.infokuryr.cz\/n\/wp-content\/uploads\/2023\/06\/PRO-banner-300x36.png 300w, https:\/\/www.infokuryr.cz\/n\/wp-content\/uploads\/2023\/06\/PRO-banner-768x93.png 768w, https:\/\/www.infokuryr.cz\/n\/wp-content\/uploads\/2023\/06\/PRO-banner.png 849w\" sizes=\"(max-width: 1350px) 100vw, 1350px\" \/><\/a><\/p>\n<p>&nbsp;<\/p>\n<p>&nbsp;<\/p>\n<p>&nbsp;<\/p>\n","protected":false},"excerpt":{"rendered":"<p>Demokratick\u00fd establi\u0161ment se Bidena nad\u00e1le dr\u017e\u00ed ze v\u0161ech sil &#8211; v obav\u011b, \u017ee jinak je&#8230;<\/p>\n","protected":false},"author":2,"featured_media":30248,"comment_status":"closed","ping_status":"closed","sticky":false,"template":"","format":"standard","meta":[],"categories":[7],"tags":[72,1468,207,37,863],"_links":{"self":[{"href":"https:\/\/www.infokuryr.cz\/n\/wp-json\/wp\/v2\/posts\/30247"}],"collection":[{"href":"https:\/\/www.infokuryr.cz\/n\/wp-json\/wp\/v2\/posts"}],"about":[{"href":"https:\/\/www.infokuryr.cz\/n\/wp-json\/wp\/v2\/types\/post"}],"author":[{"embeddable":true,"href":"https:\/\/www.infokuryr.cz\/n\/wp-json\/wp\/v2\/users\/2"}],"replies":[{"embeddable":true,"href":"https:\/\/www.infokuryr.cz\/n\/wp-json\/wp\/v2\/comments?post=30247"}],"version-history":[{"count":1,"href":"https:\/\/www.infokuryr.cz\/n\/wp-json\/wp\/v2\/posts\/30247\/revisions"}],"predecessor-version":[{"id":30249,"href":"https:\/\/www.infokuryr.cz\/n\/wp-json\/wp\/v2\/posts\/30247\/revisions\/30249"}],"wp:featuredmedia":[{"embeddable":true,"href":"https:\/\/www.infokuryr.cz\/n\/wp-json\/wp\/v2\/media\/30248"}],"wp:attachment":[{"href":"https:\/\/www.infokuryr.cz\/n\/wp-json\/wp\/v2\/media?parent=30247"}],"wp:term":[{"taxonomy":"category","embeddable":true,"href":"https:\/\/www.infokuryr.cz\/n\/wp-json\/wp\/v2\/categories?post=30247"},{"taxonomy":"post_tag","embeddable":true,"href":"https:\/\/www.infokuryr.cz\/n\/wp-json\/wp\/v2\/tags?post=30247"}],"curies":[{"name":"wp","href":"https:\/\/api.w.org\/{rel}","templated":true}]}}