{"id":30231,"date":"2023-06-16T01:05:24","date_gmt":"2023-06-15T23:05:24","guid":{"rendered":"http:\/\/www.infokuryr.cz\/n\/?p=30231"},"modified":"2023-06-16T12:05:45","modified_gmt":"2023-06-16T10:05:45","slug":"ozbrojeni-migranti-zautocili-na-madarske-hranice","status":"publish","type":"post","link":"https:\/\/www.infokuryr.cz\/n\/2023\/06\/16\/ozbrojeni-migranti-zautocili-na-madarske-hranice\/","title":{"rendered":"Ozbrojen\u00ed migranti za\u00fato\u010dili na ma\u010farsk\u00e9 hranice"},"content":{"rendered":"<div id=\"fb-root\"><\/div>\n<p><span style=\"font-size: 14pt;\"><strong>Ma\u010farsk\u00e1 vl\u00e1da sd\u00edlela video n\u00e1siln\u00fdch neleg\u00e1ln\u00edch migrant\u016f, kte\u0159\u00ed v posledn\u00edch m\u011bs\u00edc\u00edch \u00fato\u010dili na ji\u017en\u00ed hranici Ma\u010farska.<\/strong><\/span><\/p>\n<figure id=\"attachment_116180\" class=\"wp-caption alignnone\" aria-describedby=\"caption-attachment-116180\"><img decoding=\"async\" loading=\"lazy\" class=\"wp-image-116180 td-animation-stack-type1-2\" src=\"https:\/\/i0.wp.com\/unser-mitteleuropa.com\/wp-content\/uploads\/2023\/06\/Migrant-mit-MPs.png?resize=463%2C250&amp;ssl=1\" sizes=\"(max-width: 463px) 100vw, 463px\" srcset=\"https:\/\/i0.wp.com\/unser-mitteleuropa.com\/wp-content\/uploads\/2023\/06\/Migrant-mit-MPs.png?resize=300%2C162&amp;ssl=1 300w, https:\/\/i0.wp.com\/unser-mitteleuropa.com\/wp-content\/uploads\/2023\/06\/Migrant-mit-MPs.png?w=732&amp;ssl=1 732w\" alt=\"\" width=\"463\" height=\"250\" \/><figcaption id=\"caption-attachment-116180\" class=\"wp-caption-text\">Dva jsou lep\u0161\u00ed ne\u017e jeden: Tato osoba hledaj\u00edc\u00ed ochranu cestuje se dv\u011bma posilova\u010di.\u00a0<\/figcaption><\/figure>\n<p><span style=\"font-size: 18pt;\"><strong>Tady video:<\/strong><\/span><\/p>\n<p><iframe loading=\"lazy\" src=\"https:\/\/www.facebook.com\/plugins\/video.php?href=https%3A%2F%2Fwww.facebook.com%2Fkormanyzat%2Fvideos%2F283767377366721%2F%3Fref%3Dembed_video&amp;show_text=0&amp;width=560\" width=\"560\" height=\"315\" frameborder=\"0\" scrolling=\"no\" allowfullscreen=\"allowfullscreen\" data-mce-fragment=\"1\"><\/iframe><\/p>\n<p>A to na pozad\u00ed toho, \u017ee Brusel ned\u00e1vno rozhodl o kv\u00f3t\u011b pro nucen\u00e9 p\u0159es\u00eddlen\u00ed pro migranty \u2013 rovn\u011b\u017e proti v\u016fli Ma\u010farska a Polska.\u00a0St\u0159edoevropsk\u00e9 zem\u011b, kter\u00e9 byly rovn\u011b\u017e obzvl\u00e1\u0161t\u011b posti\u017eeny (nap\u0159. Rakousko), se zdr\u017eely hlasov\u00e1n\u00ed.\u00a0<a href=\"https:\/\/unser-mitteleuropa.com\/ungarischer-eu-fidesz-abgeordneter-eu-migrations-vertrag-war-ein-putsch-feiges-oesterreich\/\" target=\"_blank\" rel=\"noopener\">UM<\/a>\u00a0ozn\u00e1milo:<\/p>\n<p><strong><em>Smlouva o migraci z EU byla &#8222;pu\u010d&#8220; &#8211; zbab\u011bl\u00e9 Rakousko + \u010desk\u00fd exposlanec Babi\u0161: migra\u010dn\u00ed kv\u00f3ta je &#8222;zrada&#8220;<\/em><\/strong><\/p>\n<p><img decoding=\"async\" loading=\"lazy\" class=\"alignnone size-full wp-image-1185\" src=\"http:\/\/www.infokuryr.cz\/n\/wp-content\/uploads\/2021\/04\/kuryr-podpis.png\" alt=\"\" width=\"84\" height=\"24\" \/><\/p>\n<p><a href=\"https:\/\/stranapro.cz\/\"><img decoding=\"async\" loading=\"lazy\" class=\"wp-image-30218 aligncenter\" src=\"http:\/\/www.infokuryr.cz\/n\/wp-content\/uploads\/2023\/06\/PRO-banner-300x36.png\" alt=\"\" width=\"1358\" height=\"163\" srcset=\"https:\/\/www.infokuryr.cz\/n\/wp-content\/uploads\/2023\/06\/PRO-banner-300x36.png 300w, https:\/\/www.infokuryr.cz\/n\/wp-content\/uploads\/2023\/06\/PRO-banner-768x93.png 768w, https:\/\/www.infokuryr.cz\/n\/wp-content\/uploads\/2023\/06\/PRO-banner.png 849w\" sizes=\"(max-width: 1358px) 100vw, 1358px\" \/><\/a><\/p>\n<p>&nbsp;<\/p>\n<p>&nbsp;<\/p>\n<p>&nbsp;<\/p>\n<p>&nbsp;<\/p>\n","protected":false},"excerpt":{"rendered":"<p>Ma\u010farsk\u00e1 vl\u00e1da sd\u00edlela video n\u00e1siln\u00fdch neleg\u00e1ln\u00edch migrant\u016f, kte\u0159\u00ed v posledn\u00edch m\u011bs\u00edc\u00edch \u00fato\u010dili na ji\u017en\u00ed hranici&#8230;<\/p>\n","protected":false},"author":2,"featured_media":30232,"comment_status":"closed","ping_status":"closed","sticky":false,"template":"","format":"standard","meta":[],"categories":[7],"tags":[804,78,989,73],"_links":{"self":[{"href":"https:\/\/www.infokuryr.cz\/n\/wp-json\/wp\/v2\/posts\/30231"}],"collection":[{"href":"https:\/\/www.infokuryr.cz\/n\/wp-json\/wp\/v2\/posts"}],"about":[{"href":"https:\/\/www.infokuryr.cz\/n\/wp-json\/wp\/v2\/types\/post"}],"author":[{"embeddable":true,"href":"https:\/\/www.infokuryr.cz\/n\/wp-json\/wp\/v2\/users\/2"}],"replies":[{"embeddable":true,"href":"https:\/\/www.infokuryr.cz\/n\/wp-json\/wp\/v2\/comments?post=30231"}],"version-history":[{"count":1,"href":"https:\/\/www.infokuryr.cz\/n\/wp-json\/wp\/v2\/posts\/30231\/revisions"}],"predecessor-version":[{"id":30233,"href":"https:\/\/www.infokuryr.cz\/n\/wp-json\/wp\/v2\/posts\/30231\/revisions\/30233"}],"wp:featuredmedia":[{"embeddable":true,"href":"https:\/\/www.infokuryr.cz\/n\/wp-json\/wp\/v2\/media\/30232"}],"wp:attachment":[{"href":"https:\/\/www.infokuryr.cz\/n\/wp-json\/wp\/v2\/media?parent=30231"}],"wp:term":[{"taxonomy":"category","embeddable":true,"href":"https:\/\/www.infokuryr.cz\/n\/wp-json\/wp\/v2\/categories?post=30231"},{"taxonomy":"post_tag","embeddable":true,"href":"https:\/\/www.infokuryr.cz\/n\/wp-json\/wp\/v2\/tags?post=30231"}],"curies":[{"name":"wp","href":"https:\/\/api.w.org\/{rel}","templated":true}]}}