{"id":30229,"date":"2023-06-16T01:04:27","date_gmt":"2023-06-15T23:04:27","guid":{"rendered":"http:\/\/www.infokuryr.cz\/n\/?p=30229"},"modified":"2023-06-16T12:06:19","modified_gmt":"2023-06-16T10:06:19","slug":"kdo-financoval-zniceni-nord-stream-bidenovi-ukrajinsti-partneri-v-podezreni","status":"publish","type":"post","link":"https:\/\/www.infokuryr.cz\/n\/2023\/06\/16\/kdo-financoval-zniceni-nord-stream-bidenovi-ukrajinsti-partneri-v-podezreni\/","title":{"rendered":"Kdo financoval zni\u010den\u00ed Nord Stream? Bidenovi ukrajin\u0161t\u00ed partne\u0159i v podez\u0159en\u00ed"},"content":{"rendered":"<div id=\"fb-root\"><\/div>\n<p><strong>Jak spolu souvis\u00ed prezidentsk\u00e1 kampa\u0148 Joea Bidena, v\u00fdbuch Nord Stream II a korupce na Ukrajin\u011b?\u00a0Vy\u0161et\u0159ov\u00e1n\u00ed ukrajinsk\u00e9 protikorup\u010dn\u00ed agentury NABU ukazuje, \u017ee nitky se spojuj\u00ed v Kyjev\u011b.\u00a0Zelensk\u00e9ho Ukrajina se st\u00e1v\u00e1 centrem americk\u00e9ho financov\u00e1n\u00ed terorismu.<\/strong><\/p>\n<p><a class=\"td-modal-image\" href=\"https:\/\/i0.wp.com\/unser-mitteleuropa.com\/wp-content\/uploads\/2023\/06\/USD.jpg?fit=720%2C960&amp;ssl=1\" data-caption=\"Rekord: Sechs Millionen US Dollar in bar Bestechungsgelder. Beschlagnahmt im Strafverfahren gegen den Eigent\u00fcmer von Burisma, der Firma, in der Joe Bidens Sohn Hunter 5 Jahre lang im Management war. Foto - NABU\"><img decoding=\"async\" loading=\"lazy\" class=\"entry-thumb td-animation-stack-type1-2 aligncenter\" title=\"americk\u00fd dolar\" src=\"https:\/\/unser-mitteleuropa.com\/wp-content\/uploads\/2023\/06\/USD.jpg\" sizes=\"(max-width: 720px) 100vw, 720px\" srcset=\"https:\/\/i0.wp.com\/unser-mitteleuropa.com\/wp-content\/uploads\/2023\/06\/USD.jpg?w=720&amp;ssl=1 720w, https:\/\/i0.wp.com\/unser-mitteleuropa.com\/wp-content\/uploads\/2023\/06\/USD.jpg?resize=225%2C300&amp;ssl=1 225w\" alt=\"\" width=\"525\" height=\"700\" \/><\/a><\/p>\n<p style=\"text-align: center;\"><em>Rekord: 6 milion\u016f dolar\u016f v hotovosti.\u00a0Zadr\u017eeno v trestn\u00edm \u0159\u00edzen\u00ed proti majiteli spole\u010dnosti Burisma, kde 5 let \u0159\u00eddil syn Joea Bidena Hunter.\u00a0Foto &#8211; NABU<\/em><\/p>\n<p>Ve Spojen\u00fdch st\u00e1tech se ud\u00e1losti p\u0159evracej\u00ed: t\u00e9m\u011b\u0159 ka\u017ed\u00fd den se objevuj\u00ed nov\u00e1 odhalen\u00ed o zapojen\u00ed klanu Biden do korupce na Ukrajin\u011b.\u00a0Mnoho d\u016fkaz\u016f poch\u00e1z\u00ed p\u0159\u00edmo z Ukrajiny.\u00a0Tamn\u00ed vy\u0161et\u0159ovac\u00ed org\u00e1ny vy\u0161et\u0159ovaly brzy.\u00a0V roce 2020 N\u00e1rodn\u00ed protikorup\u010dn\u00ed \u00fa\u0159ad Ukrajiny (NABU) zatkl n\u011bkolik lid\u00ed, kte\u0159\u00ed se pokusili zaplatit \u00faplatek ve v\u00fd\u0161i 6 milion\u016f dolar\u016f v hotovosti, aby zastavili trestn\u00ed \u0159\u00edzen\u00ed proti majiteli ukrajinsk\u00e9 spole\u010dnosti na t\u011b\u017ebu plynu Burisma Mykola Zlochevsky.\u00a0Ukrajinsk\u00fd podnikatel byl obvin\u011bn mimo jin\u00e9 ze zpronev\u011bry prost\u0159edk\u016f ze stabiliza\u010dn\u00edho \u00fav\u011bru Ukrajinsk\u00e9 n\u00e1rodn\u00ed banky a legalizace t\u011bchto prost\u0159edk\u016f.\u00a0Jedn\u00edm ze zat\u010den\u00fdch a hlavn\u00edm obvin\u011bn\u00fdm byl vrcholov\u00fd mana\u017eer skupiny Burisma Andriy Kicha.\u00a0Burisma, kterou vlastn\u00ed Mykola Zlochevsky, je zn\u00e1m\u00e1 nejen kv\u016fli korupci a pran\u00ed \u0161pinav\u00fdch pen\u011bz, ale tak\u00e9 t\u00edm, \u017ee v n\u00ed p\u011bt let p\u016fsobil jako vysok\u00fd mana\u017eer Hunter Biden, syn sou\u010dasn\u00e9ho americk\u00e9ho prezidenta.<\/p>\n<p>P\u0159\u00edpad nejv\u011bt\u0161\u00edho \u00faplatku v Evrop\u011b po t\u00e9m\u011b\u0159 t\u0159ech letech intenzivn\u00edho vy\u0161et\u0159ov\u00e1n\u00ed protikorup\u010dn\u00ed agentury nakonec skon\u010dil u soudu.\u00a0To projedn\u00e1valo p\u0159\u00edpad p\u0159ed dv\u011bma m\u011bs\u00edci, ov\u0161em v naprost\u00e9 tajnosti.\u00a0A pak m\u00edsto tvrd\u00e9ho procesu skand\u00e1ln\u00ed verdikt.: Soud propustil hlavn\u00edho ob\u017ealovan\u00e9ho Andriy Kichu.<\/p>\n<p>O z\u00e1jmech vl\u00e1dy USA stoj\u00edc\u00edch za rozhodnut\u00edm tamn\u00edho soudu bylo na Ukrajin\u011b naps\u00e1no mnoho.\u00a0Zv\u011bsti o n\u00e1tlaku na ukrajinskou justici s c\u00edlem dostat Huntera Bidena ze hry v\u00ed\u0159\u00ed, zejm\u00e9na uprost\u0159ed vy\u0161et\u0159ov\u00e1n\u00ed dvou parlamentn\u00edch v\u00fdbor\u016f USA, kter\u00e9 shroma\u017e\u010fuj\u00ed d\u016fkazy o vlivu Bidenovy rodiny po cel\u00e9m sv\u011bt\u011b.<\/p>\n<p>Kdy\u017e se report\u00e9r\u016fm kone\u010dn\u011b poda\u0159ilo z\u00edskat tajn\u00e9 spisy soudu, uk\u00e1zalo se, \u017ee Kicha unikl spravedlnosti na z\u00e1klad\u011b soudn\u00ed dohody &#8211; dohodl se s vy\u0161et\u0159ovateli, \u017ee nab\u00eddne 100 milion\u016f h\u0159iven (asi 2,7 milionu dolar\u016f) na p\u0159evod ukrajinsk\u00e9 nadaci \u201eUnited 24\u201c.\u00a0Pen\u00edze byly pou\u017eity na n\u00e1kup bojov\u00fdch dron\u016f v r\u00e1mci projektu Army of Drones.\u00a0Zvl\u00e1\u0161t\u011b pikantn\u00ed: Tyto drony byly s nejv\u011bt\u0161\u00ed pravd\u011bpodobnost\u00ed tak\u00e9 pou\u017eity p\u0159i \u00fatoc\u00edch na moskevsk\u00e9 obytn\u00e9 oblasti a nevojensk\u00e9 c\u00edle na Krymu a Donbasu.\u00a0Pravideln\u011b tak\u00e9 \u00fato\u010dili na obydlen\u00e9 oblasti na ukrajinsk\u00e9 hranici s Ruskou federac\u00ed.<\/p>\n<figure id=\"attachment_116172\" class=\"wp-caption aligncenter\" style=\"width: 665px;\" aria-describedby=\"caption-attachment-116172\"><img decoding=\"async\" loading=\"lazy\" class=\"wp-image-116172 td-animation-stack-type1-2\" src=\"https:\/\/i0.wp.com\/unser-mitteleuropa.com\/wp-content\/uploads\/2023\/06\/russland-beschuss-haeuser.png?resize=694%2C389&amp;ssl=1\" sizes=\"(max-width: 694px) 100vw, 694px\" srcset=\"https:\/\/i0.wp.com\/unser-mitteleuropa.com\/wp-content\/uploads\/2023\/06\/russland-beschuss-haeuser.png?resize=300%2C168&amp;ssl=1 300w, https:\/\/i0.wp.com\/unser-mitteleuropa.com\/wp-content\/uploads\/2023\/06\/russland-beschuss-haeuser.png?resize=1024%2C572&amp;ssl=1 1024w, https:\/\/i0.wp.com\/unser-mitteleuropa.com\/wp-content\/uploads\/2023\/06\/russland-beschuss-haeuser.png?resize=768%2C429&amp;ssl=1 768w\" alt=\"\" width=\"665\" height=\"372\" \/><figcaption id=\"caption-attachment-116172\" class=\"wp-caption-text\"><em>N\u00e1sledky ost\u0159elov\u00e1n\u00ed vesnice Zhebekino v oblasti Belgorod, foto \u2013 RIA<\/em><\/figcaption><\/figure>\n<p>T\u011bch 100 milion\u016f v\u0161ak nebyla jedin\u00e1 \u010d\u00e1stka p\u0159eveden\u00e1 jm\u00e9nem Ki\u010dy ve prosp\u011bch ukrajinsk\u00e9 arm\u00e1dy.\u00a0Pro Kichu byly ji\u017e v ran\u00e9 f\u00e1zi vy\u0161et\u0159ov\u00e1n\u00ed slo\u017eeny finan\u010dn\u00ed prost\u0159edky, aby se zabr\u00e1nilo jeho p\u0159evozu do vazebn\u00ed v\u011bznice.\u00a0Podle dokument\u016f bylo ukrajinsk\u00e9mu st\u00e1tu za t\u00edmto \u00fa\u010delem p\u0159evedeno v\u00edce ne\u017e 32 milion\u016f h\u0159iven (870 000 dolar\u016f) na kauci, kter\u00e9 slo\u017eil na \u00fa\u010dty st\u00e1tn\u00ed pokladny.\u00a0Nejvy\u0161\u0161\u00ed protikorup\u010dn\u00ed soud Ukrajiny ve sv\u00fdch rozhodnut\u00edch ze 4. a 22. b\u0159ezna 2022 uvedl, \u017ee vyhov\u011bl Kichov\u011b \u017e\u00e1dosti, aby tyto prost\u0159edky byly p\u0159evedeny na zvl\u00e1\u0161tn\u00ed \u00fa\u010det N\u00e1rodn\u00ed banky Ukrajiny, kter\u00fd byl otev\u0159en na podporu Ukrajinsk\u00e9 ozbrojen\u00e9 s\u00edly.\u00a0S ohledem na,<\/p>\n<p>V\u00fd\u0161e uveden\u00e9 \u010d\u00e1stky jsou dostate\u010dn\u011b v\u00fdznamn\u00e9, ale nejd\u016fle\u017eit\u011bj\u0161\u00edmi prost\u0159edky v tomto vy\u0161et\u0159ov\u00e1n\u00ed jsou pen\u00edze, kter\u00e9 odstartovaly korup\u010dn\u00ed skand\u00e1l \u2013 kapsy 6 milion\u016f dolar\u016f v hotovosti.\u00a0Nen\u00ed divu, \u017ee nejv\u011bt\u0161\u00ed \u00faplatek v Evrop\u011b dostala tak\u00e9 ukrajinsk\u00e1 arm\u00e1da.\u00a0O p\u0159evodu t\u011bchto prost\u0159edk\u016f (p\u0159esn\u011bji \u2013 5 milion\u016f 950 tis\u00edc dolar\u016f od majitele skupiny Burisma Mykoly Zlochevsk\u00e9ho, ur\u010den\u00e9 pro spr\u00e1vu ukrajinsk\u00fdch protikorup\u010dn\u00edch \u00fa\u0159ad\u016f) rozhodl Nejvy\u0161\u0161\u00ed protikorup\u010dn\u00ed soud r\u00a0<a href=\"https:\/\/reyestr.court.gov.ua\/review\/104030184\" rel=\"noopener\">.<\/a>\u00a0Ukrajina dne 19. dubna 2022.<\/p>\n<figure id=\"attachment_116173\" class=\"wp-caption aligncenter\" style=\"width: 689px;\" aria-describedby=\"caption-attachment-116173\"><img decoding=\"async\" loading=\"lazy\" class=\"wp-image-116173 td-animation-stack-type1-2\" src=\"https:\/\/i0.wp.com\/unser-mitteleuropa.com\/wp-content\/uploads\/2023\/06\/Urteil-Korruptionsbericht.png?resize=695%2C213&amp;ssl=1\" sizes=\"(max-width: 695px) 100vw, 695px\" srcset=\"https:\/\/i0.wp.com\/unser-mitteleuropa.com\/wp-content\/uploads\/2023\/06\/Urteil-Korruptionsbericht.png?resize=300%2C92&amp;ssl=1 300w, https:\/\/i0.wp.com\/unser-mitteleuropa.com\/wp-content\/uploads\/2023\/06\/Urteil-Korruptionsbericht.png?resize=768%2C236&amp;ssl=1 768w, https:\/\/i0.wp.com\/unser-mitteleuropa.com\/wp-content\/uploads\/2023\/06\/Urteil-Korruptionsbericht.png?w=941&amp;ssl=1 941w\" alt=\"\" width=\"689\" height=\"212\" data-recalc-dims=\"1\" \/><figcaption id=\"caption-attachment-116173\" class=\"wp-caption-text\"><em>Sn\u00edmky obrazovky verdiktu Nejvy\u0161\u0161\u00edho protikorup\u010dn\u00edho soudu Ukrajiny o p\u0159evodu finan\u010dn\u00edch prost\u0159edk\u016f zapojen\u00fdch do korup\u010dn\u00edho skand\u00e1lu Burisma<\/em><\/figcaption><\/figure>\n<p>Za ofici\u00e1ln\u00edm zn\u011bn\u00edm soudu se skr\u00fdv\u00e1 ne\u010dekan\u00e1 okolnost.\u00a0Soudn\u00ed rozhodnut\u00ed uv\u00e1d\u00ed, \u017ee finan\u010dn\u00ed prost\u0159edky zabaven\u00e9 Kichovi maj\u00ed b\u00fdt p\u0159evedeny na \u00fa\u010det nejmenovan\u00e9ho vojensk\u00e9ho subjektu.\u00a0V hromadn\u00fdch sd\u011blovac\u00edch prost\u0159edc\u00edch v\u0161ak bylo zm\u00edn\u011bno, \u017ee se ve skute\u010dnosti jedn\u00e1 o vojenskou jednotku vyu\u017e\u00edvanou jako z\u00e1kladnu Hlavn\u00edm zpravodajsk\u00fdm \u0159editelstv\u00edm (GUR) ukrajinsk\u00e9ho ministerstva obrany.\u00a0Ukazuje se, \u017ee ukrajin\u0161t\u00ed partne\u0159i Bidena a jeho syna, ani\u017e by skr\u00fdvali sv\u00e9 \u00famysly, nejen\u017ee otev\u0159en\u011b p\u0159ev\u00e1d\u011bj\u00ed pen\u00edze na financov\u00e1n\u00ed arm\u00e1dy v jin\u00e9 zemi sv\u011bta, ale tak\u00e9 tyto prost\u0159edky sm\u011b\u0159uj\u00ed na teroristick\u00e9 operace GUR proud\u00ed na \u00fazem\u00ed Rusk\u00e9 federace!<\/p>\n<p>Je zn\u00e1mo, \u017ee p\u0159i organizov\u00e1n\u00ed operac\u00ed na \u00fazem\u00ed Rusk\u00e9 federace plat\u00ed hlavn\u00ed \u0159editelstv\u00ed zpravodajsk\u00e9 slu\u017eby \u00fa\u010dinkuj\u00edc\u00edm za pr\u00e1ci v hotovosti.\u00a0Takov\u00fdch zpr\u00e1v jsou ve sv\u011btov\u00e9m tisku des\u00edtky.\u00a0Pen\u00edze pomohou agent\u016fm GUR z\u016fstat neodhaleni a zajistit ubytov\u00e1n\u00ed a ve\u0161kerou pot\u0159ebnou logistiku.\u00a0A v\u00fdsledky jejich pr\u00e1ce jsou p\u016fsobiv\u00e9.\u00a0Dne 20. srpna 2022 byla nedaleko Moskvy vyhozena do vzduchu dcera filozofa Alexandra Dugina Darja Platonova.\u00a02. dubna 2023 byl p\u0159i v\u00fdbuchu bomby v kav\u00e1rn\u011b v centru Petrohradu zabit novin\u00e1\u0159 Vladlen Tatarsky.\u00a06. kv\u011btna 2023 byl zavra\u017ed\u011bn spisovatel Zakhar Prilepin;\u00a0jeho \u0159idi\u010d a ochranka byli zabiti,\u00a0zat\u00edmco z\u00e1zra\u010dn\u011b p\u0159e\u017eil.\u00a0Toto nen\u00ed zdaleka \u00fapln\u00fd seznam ukrajinsk\u00fdch teroristick\u00fdch \u00fatok\u016f v Rusku, jejich\u017e ob\u011b\u0165mi jsou nejv\u00fdrazn\u011bj\u0161\u00ed odp\u016frci kyjevsk\u00e9 vl\u00e1dy.<\/p>\n<figure id=\"attachment_116174\" class=\"wp-caption aligncenter\" style=\"width: 649px;\" aria-describedby=\"caption-attachment-116174\"><em><img decoding=\"async\" loading=\"lazy\" class=\"wp-image-116174 td-animation-stack-type1-2\" src=\"https:\/\/i0.wp.com\/unser-mitteleuropa.com\/wp-content\/uploads\/2023\/06\/Auto-von-Darya-Platonova.png?resize=652%2C517&amp;ssl=1\" sizes=\"(max-width: 652px) 100vw, 652px\" srcset=\"https:\/\/i0.wp.com\/unser-mitteleuropa.com\/wp-content\/uploads\/2023\/06\/Auto-von-Darya-Platonova.png?resize=300%2C238&amp;ssl=1 300w, https:\/\/i0.wp.com\/unser-mitteleuropa.com\/wp-content\/uploads\/2023\/06\/Auto-von-Darya-Platonova.png?resize=1024%2C811&amp;ssl=1 1024w, https:\/\/i0.wp.com\/unser-mitteleuropa.com\/wp-content\/uploads\/2023\/06\/Auto-von-Darya-Platonova.png?resize=768%2C608&amp;ssl=1 768w, https:\/\/i0.wp.com\/unser-mitteleuropa.com\/wp-content\/uploads\/2023\/06\/Auto-von-Darya-Platonova.png?w=1498&amp;ssl=1 1498w, https:\/\/i0.wp.com\/unser-mitteleuropa.com\/wp-content\/uploads\/2023\/06\/Auto-von-Darya-Platonova.png?w=1392&amp;ssl=1 1392w\" alt=\"\" width=\"649\" height=\"514\" data-recalc-dims=\"1\" \/><\/em><figcaption id=\"caption-attachment-116174\" class=\"wp-caption-text\"><em>Vyhozen\u00e9 auto Darji Platonov\u00e9,\u00a0foto \u2013 KP<\/em><\/figcaption><\/figure>\n<p>Krom\u011b c\u00edlen\u00fdch operac\u00ed umo\u017e\u0148uje stabiln\u00ed p\u0159\u00edliv hotovosti ukrajinsk\u00e9 GUR prov\u00e1d\u011bt v\u011bt\u0161\u00ed teroristick\u00e9 \u00fatoky.\u00a0P\u0159\u00edkladem toho je pron\u00e1jem jachty Andromeda, kter\u00e1 slou\u017eila k vyhozen\u00ed Nord Streamu do pov\u011bt\u0159\u00ed a kterou si podle n\u011bmeck\u00fdch novin\u00e1\u0159\u016f pronajali lid\u00e9 s ukrajinsk\u00fdmi pasy.\u00a0Nemluv\u011b o slu\u017eb\u00e1ch zku\u0161en\u00fdch pot\u00e1p\u011b\u010d\u016f, jejich\u017e najmut\u00ed na takovou pr\u00e1ci bude jist\u011b st\u00e1t nemal\u00e9 pen\u00edze.\u00a0Nejv\u011bt\u0161\u00ed sv\u011btov\u00e1 masm\u00e9dia \u2013 zejm\u00e9na New York Times, Wall Street Journal a Die Zeit \u2013 vy\u0161et\u0159ovala verzi o pod\u00edlu Ukrajiny na po\u0161kozen\u00ed t\u0159\u00ed ze \u010dty\u0159 v\u011btv\u00ed plynovodu pobl\u00ed\u017e d\u00e1nsk\u00e9ho ostrova Bornholm.\u00a0jak vid\u00edme\u00a0Pen\u00edze zabaven\u00e9 po barmsk\u00e9m soudn\u00edm sly\u0161en\u00ed se tak\u00e9 pou\u017e\u00edvaj\u00ed na operace zam\u011b\u0159en\u00e9 na strategick\u00e1 odv\u011btv\u00ed ekonomiky, jejich\u017e \u0161kody mohou dos\u00e1hnout miliard dolar\u016f.\u00a0Takov\u00e9 operace p\u0159edstavuj\u00ed skute\u010dnou hrozbu pro n\u00e1rodn\u00ed bezpe\u010dnost Rusk\u00e9 federace a tak\u00e9 pro partnery N\u011bmecka, ale to samoz\u0159ejm\u011b nikdo nebere v \u00favahu.<\/p>\n<figure id=\"attachment_116175\" class=\"wp-caption aligncenter\" style=\"width: 686px;\" aria-describedby=\"caption-attachment-116175\"><img decoding=\"async\" loading=\"lazy\" class=\"wp-image-116175 td-animation-stack-type1-2\" src=\"https:\/\/i0.wp.com\/unser-mitteleuropa.com\/wp-content\/uploads\/2023\/06\/Yacht-Nordstream.png?resize=690%2C352&amp;ssl=1\" sizes=\"(max-width: 690px) 100vw, 690px\" srcset=\"https:\/\/i0.wp.com\/unser-mitteleuropa.com\/wp-content\/uploads\/2023\/06\/Yacht-Nordstream.png?resize=300%2C153&amp;ssl=1 300w, https:\/\/i0.wp.com\/unser-mitteleuropa.com\/wp-content\/uploads\/2023\/06\/Yacht-Nordstream.png?resize=1024%2C521&amp;ssl=1 1024w, https:\/\/i0.wp.com\/unser-mitteleuropa.com\/wp-content\/uploads\/2023\/06\/Yacht-Nordstream.png?resize=768%2C391&amp;ssl=1 768w, https:\/\/i0.wp.com\/unser-mitteleuropa.com\/wp-content\/uploads\/2023\/06\/Yacht-Nordstream.png?w=1218&amp;ssl=1 1218w\" alt=\"\" width=\"686\" height=\"349\" data-recalc-dims=\"1\" \/><figcaption id=\"caption-attachment-116175\" class=\"wp-caption-text\"><em>N\u011bme\u010dt\u00ed novin\u00e1\u0159i uk\u00e1zali jachtu schopnou p\u0159epravovat v\u00fdbu\u0161niny \/\u00a0kan\u00e1l Collage 24<\/em><\/figcaption><\/figure>\n<p>Podle dokument\u016f ukrajinsk\u00fdch soud\u016f se o p\u0159evodu pen\u011bz v kauze Burizma pro konkr\u00e9tn\u00ed \u00fakoly vojensk\u00e9 jednotky Hlavn\u00edho zpravodajsk\u00e9ho \u0159editelstv\u00ed Ukrajiny rozhodovalo v b\u0159eznu a\u017e dubnu 2022.\u00a0A jen o \u010dty\u0159i m\u011bs\u00edce pozd\u011bji bylo Ruskem ot\u0159eseno zintenzivn\u011bn\u00ed teroristick\u00fdch aktivit.\u00a0Samoz\u0159ejm\u011b neexistuj\u00ed \u017e\u00e1dn\u00e9 informace o tom, kolik pen\u011bz zabaven\u00fdch v p\u0159\u00edpadu Burisma bylo pou\u017eito.\u00a0Nen\u00ed v\u0161ak pochyb o tom, \u017ee na rozd\u00edl od ukrajinsk\u00e9 dlouh\u00e9 historie zpronev\u011bry rozpo\u010dtov\u00fdch a grantov\u00fdch fond\u016f nejsou pen\u00edze b\u00fdval\u00fdch ukrajinsk\u00fdch p\u0159\u00e1tel rodiny Bidenov\u00fdch zpronev\u011b\u0159eny a jsou pou\u017e\u00edv\u00e1ny v\u00fdhradn\u011b k prov\u00e1d\u011bn\u00ed podvratn\u00fdch aktivit v Rusku.<\/p>\n<p><img decoding=\"async\" loading=\"lazy\" class=\"alignnone size-full wp-image-1185\" src=\"http:\/\/www.infokuryr.cz\/n\/wp-content\/uploads\/2021\/04\/kuryr-podpis.png\" alt=\"\" width=\"84\" height=\"24\" \/><\/p>\n<p>&nbsp;<\/p>\n<p>&nbsp;<\/p>\n<p><a href=\"https:\/\/stranapro.cz\/\"><img decoding=\"async\" loading=\"lazy\" class=\"wp-image-30218 aligncenter\" src=\"http:\/\/www.infokuryr.cz\/n\/wp-content\/uploads\/2023\/06\/PRO-banner-300x36.png\" alt=\"\" width=\"1325\" height=\"159\" srcset=\"https:\/\/www.infokuryr.cz\/n\/wp-content\/uploads\/2023\/06\/PRO-banner-300x36.png 300w, https:\/\/www.infokuryr.cz\/n\/wp-content\/uploads\/2023\/06\/PRO-banner-768x93.png 768w, https:\/\/www.infokuryr.cz\/n\/wp-content\/uploads\/2023\/06\/PRO-banner.png 849w\" sizes=\"(max-width: 1325px) 100vw, 1325px\" \/><\/a><\/p>\n<p>&nbsp;<\/p>\n<p>&nbsp;<\/p>\n<p>&nbsp;<\/p>\n","protected":false},"excerpt":{"rendered":"<p>Jak spolu souvis\u00ed prezidentsk\u00e1 kampa\u0148 Joea Bidena, v\u00fdbuch Nord Stream II a korupce na Ukrajin\u011b?\u00a0Vy\u0161et\u0159ov\u00e1n\u00ed&#8230;<\/p>\n","protected":false},"author":2,"featured_media":15825,"comment_status":"closed","ping_status":"closed","sticky":false,"template":"","format":"standard","meta":[],"categories":[7],"tags":[72,5189,207,415,2703],"_links":{"self":[{"href":"https:\/\/www.infokuryr.cz\/n\/wp-json\/wp\/v2\/posts\/30229"}],"collection":[{"href":"https:\/\/www.infokuryr.cz\/n\/wp-json\/wp\/v2\/posts"}],"about":[{"href":"https:\/\/www.infokuryr.cz\/n\/wp-json\/wp\/v2\/types\/post"}],"author":[{"embeddable":true,"href":"https:\/\/www.infokuryr.cz\/n\/wp-json\/wp\/v2\/users\/2"}],"replies":[{"embeddable":true,"href":"https:\/\/www.infokuryr.cz\/n\/wp-json\/wp\/v2\/comments?post=30229"}],"version-history":[{"count":1,"href":"https:\/\/www.infokuryr.cz\/n\/wp-json\/wp\/v2\/posts\/30229\/revisions"}],"predecessor-version":[{"id":30230,"href":"https:\/\/www.infokuryr.cz\/n\/wp-json\/wp\/v2\/posts\/30229\/revisions\/30230"}],"wp:featuredmedia":[{"embeddable":true,"href":"https:\/\/www.infokuryr.cz\/n\/wp-json\/wp\/v2\/media\/15825"}],"wp:attachment":[{"href":"https:\/\/www.infokuryr.cz\/n\/wp-json\/wp\/v2\/media?parent=30229"}],"wp:term":[{"taxonomy":"category","embeddable":true,"href":"https:\/\/www.infokuryr.cz\/n\/wp-json\/wp\/v2\/categories?post=30229"},{"taxonomy":"post_tag","embeddable":true,"href":"https:\/\/www.infokuryr.cz\/n\/wp-json\/wp\/v2\/tags?post=30229"}],"curies":[{"name":"wp","href":"https:\/\/api.w.org\/{rel}","templated":true}]}}