{"id":30222,"date":"2023-06-16T01:01:17","date_gmt":"2023-06-15T23:01:17","guid":{"rendered":"http:\/\/www.infokuryr.cz\/n\/?p=30222"},"modified":"2023-06-16T12:07:52","modified_gmt":"2023-06-16T10:07:52","slug":"byvaly-sef-nato-rasmussen-potvrdil-ze-na-rade-bude-cina","status":"publish","type":"post","link":"https:\/\/www.infokuryr.cz\/n\/2023\/06\/16\/byvaly-sef-nato-rasmussen-potvrdil-ze-na-rade-bude-cina\/","title":{"rendered":"B\u00fdval\u00fd \u0161\u00e9f NATO Rasmussen potvrdil, \u017ee na \u0159ad\u011b bude \u010c\u00edna"},"content":{"rendered":"<div id=\"fb-root\"><\/div>\n<p><strong>B\u00fdval\u00fd \u0161\u00e9f NATO Anders Fogh Rasmussen vyzval Ukrajinu ke vstupu do NATO s c\u00edlem vy\u0159e\u0161it probl\u00e9m s Ruskem a z\u00e1rove\u0148 \u0159e\u0161it skute\u010dnou glob\u00e1ln\u00ed v\u00fdzvu, konkr\u00e9tn\u011b \u010c\u00ednu.<\/strong><\/p>\n<p>B\u00fdval\u00fd \u0161\u00e9f NATO Rasmussen vyz\u00fdv\u00e1 Ukrajinu, aby vstoupila do NATO, aby \u201evy\u0159e\u0161ila probl\u00e9m s Ruskem\u201c a \u201euvoln\u00edme t\u00edm zdroje na \u0159e\u0161en\u00ed skute\u010dn\u00e9 dlouhodob\u00e9 glob\u00e1ln\u00ed v\u00fdzvy: \u010c\u00edny\u201c.<\/p>\n<p>Ot\u00e1zka pro Rasmussena: &#8222;Jak si mysl\u00edte, \u017ee Rusko zareaguje?&#8220;<\/p>\n<p>Rasmussen: &#8222;Je mi to jedno.&#8220;<\/p>\n<p><iframe loading=\"lazy\" id=\"odysee-iframe\" src=\"https:\/\/odysee.com\/$\/embed\/@anti-kriegTV:a\/rassmussen:7?r=AU8CJg45fj1B36VJsKfU5Doym9PSXdge\" width=\"560\" height=\"315\" allowfullscreen=\"allowfullscreen\" data-mce-fragment=\"1\"><\/iframe><\/p>\n<p>B\u00fdval\u00fd gener\u00e1ln\u00ed tajemn\u00edk NATO Anders Fogh Rasmussen nevylou\u010dil mo\u017enost vysl\u00e1n\u00ed z\u00e1padn\u00edch voj\u00e1k\u016f na Ukrajinu.\u00a0Rasmussen \u0159ekl listu Guardian, pokud NATO na sv\u00e9m \u010dervencov\u00e9m summitu nedos\u00e1hne jasn\u00e9ho pokroku pro Ukrajinu.<\/p>\n<p>Rasmussen, kter\u00fd je tak\u00e9 ofici\u00e1ln\u00edm poradcem ukrajinsk\u00e9ho prezidenta Zelensk\u00e9ho, dodal, \u017ee nevylu\u010duje, \u017ee by Polsko a pobaltsk\u00e9 st\u00e1ty mohly v tomto ohledu zintenzivnit sv\u00e9 anga\u017em\u00e1 na n\u00e1rodn\u00ed \u00farovni, p\u0159\u00edpadn\u011b i nasazen\u00edm pozemn\u00edch sil.<\/p>\n<p>Zd\u016fraznil tak\u00e9, \u017ee je t\u0159eba, aby Ukrajina p\u0159ed summitem NATO obdr\u017eela p\u00edsemn\u00e9 bezpe\u010dnostn\u00ed z\u00e1ruky.\u00a0Tyto z\u00e1ruky by m\u011bly zahrnovat sd\u00edlen\u00ed zpravodajsk\u00fdch informac\u00ed, zv\u00fd\u0161enou produkci munice a dostate\u010dn\u00e9 dod\u00e1vky zbran\u00ed, kter\u00e9 by odradily dal\u0161\u00ed rusk\u00e9 \u00fatoky.<br \/>\n<img decoding=\"async\" loading=\"lazy\" class=\"alignnone size-full wp-image-1185\" src=\"http:\/\/www.infokuryr.cz\/n\/wp-content\/uploads\/2021\/04\/kuryr-podpis.png\" alt=\"\" width=\"84\" height=\"24\" \/><\/p>\n<p>&nbsp;<\/p>\n<p>&nbsp;<\/p>\n<p><a href=\"https:\/\/stranapro.cz\/\"><img decoding=\"async\" loading=\"lazy\" class=\"wp-image-30218 aligncenter\" src=\"http:\/\/www.infokuryr.cz\/n\/wp-content\/uploads\/2023\/06\/PRO-banner-300x36.png\" alt=\"\" width=\"1342\" height=\"161\" srcset=\"https:\/\/www.infokuryr.cz\/n\/wp-content\/uploads\/2023\/06\/PRO-banner-300x36.png 300w, https:\/\/www.infokuryr.cz\/n\/wp-content\/uploads\/2023\/06\/PRO-banner-768x93.png 768w, https:\/\/www.infokuryr.cz\/n\/wp-content\/uploads\/2023\/06\/PRO-banner.png 849w\" sizes=\"(max-width: 1342px) 100vw, 1342px\" \/><\/a><\/p>\n<p>&nbsp;<\/p>\n","protected":false},"excerpt":{"rendered":"<p>B\u00fdval\u00fd \u0161\u00e9f NATO Anders Fogh Rasmussen vyzval Ukrajinu ke vstupu do NATO s c\u00edlem vy\u0159e\u0161it&#8230;<\/p>\n","protected":false},"author":2,"featured_media":21138,"comment_status":"closed","ping_status":"closed","sticky":false,"template":"","format":"standard","meta":[],"categories":[7],"tags":[5184,30,39],"_links":{"self":[{"href":"https:\/\/www.infokuryr.cz\/n\/wp-json\/wp\/v2\/posts\/30222"}],"collection":[{"href":"https:\/\/www.infokuryr.cz\/n\/wp-json\/wp\/v2\/posts"}],"about":[{"href":"https:\/\/www.infokuryr.cz\/n\/wp-json\/wp\/v2\/types\/post"}],"author":[{"embeddable":true,"href":"https:\/\/www.infokuryr.cz\/n\/wp-json\/wp\/v2\/users\/2"}],"replies":[{"embeddable":true,"href":"https:\/\/www.infokuryr.cz\/n\/wp-json\/wp\/v2\/comments?post=30222"}],"version-history":[{"count":1,"href":"https:\/\/www.infokuryr.cz\/n\/wp-json\/wp\/v2\/posts\/30222\/revisions"}],"predecessor-version":[{"id":30223,"href":"https:\/\/www.infokuryr.cz\/n\/wp-json\/wp\/v2\/posts\/30222\/revisions\/30223"}],"wp:featuredmedia":[{"embeddable":true,"href":"https:\/\/www.infokuryr.cz\/n\/wp-json\/wp\/v2\/media\/21138"}],"wp:attachment":[{"href":"https:\/\/www.infokuryr.cz\/n\/wp-json\/wp\/v2\/media?parent=30222"}],"wp:term":[{"taxonomy":"category","embeddable":true,"href":"https:\/\/www.infokuryr.cz\/n\/wp-json\/wp\/v2\/categories?post=30222"},{"taxonomy":"post_tag","embeddable":true,"href":"https:\/\/www.infokuryr.cz\/n\/wp-json\/wp\/v2\/tags?post=30222"}],"curies":[{"name":"wp","href":"https:\/\/api.w.org\/{rel}","templated":true}]}}