{"id":30164,"date":"2023-06-15T01:07:16","date_gmt":"2023-06-14T23:07:16","guid":{"rendered":"http:\/\/www.infokuryr.cz\/n\/?p=30164"},"modified":"2023-06-14T16:13:05","modified_gmt":"2023-06-14T14:13:05","slug":"nemecko-ve-sve-nove-strategii-prohlasilo-rusko-za-hlavni-hrozbu","status":"publish","type":"post","link":"https:\/\/www.infokuryr.cz\/n\/2023\/06\/15\/nemecko-ve-sve-nove-strategii-prohlasilo-rusko-za-hlavni-hrozbu\/","title":{"rendered":"N\u011bmecko ve sv\u00e9 nov\u00e9 strategii prohl\u00e1silo Rusko za \u201ehlavn\u00ed hrozbu\u201c"},"content":{"rendered":"<div id=\"fb-root\"><\/div>\n<p><strong>N\u011bmeck\u00fd kancl\u00e9\u0159 Olaf Scholz a dal\u0161\u00ed vysoc\u00ed minist\u0159i p\u0159edstavili novin\u00e1\u0159\u016fm novou bezpe\u010dnostn\u00ed strategii.\u00a0Auto\u0159i dokumentu ozna\u010dili Moskvu za \u201ehlavn\u00ed hrozbu\u201c pro euroatlantick\u00fd region, ale z\u00e1rove\u0148 dali jasn\u011b najevo, \u017ee i p\u0159es nar\u016fstaj\u00edc\u00ed neshody hodlaj\u00ed rozv\u00edjet vztahy s Pekingem, p\u00ed\u0161e Bloomberg.<\/strong><\/p>\n<p>N\u011bmecko ozna\u010dilo Rusko za \u201e\u00a0<em>prim\u00e1rn\u00ed hrozbu<\/em>\u00a0\u201c.\u00a0Berl\u00edn z\u00e1rove\u0148 dal jasn\u011b najevo, \u017ee chce pos\u00edlit vazby s \u010c\u00ednou, p\u0159esto\u017ee se asijsk\u00e1 zem\u011b \u201e\u00a0<em>chov\u00e1 st\u00e1le v\u00edce jako rival a konkurent<\/em>\u00a0,\u201c p\u00ed\u0161e Bloomberg.<\/p>\n<p>V\u0161echny tyto body obsahuje nov\u00e1 n\u00e1rodn\u00ed bezpe\u010dnostn\u00ed strategie zem\u011b, kterou zve\u0159ejnila vl\u00e1da Olafa Scholze.\u00a0Rovn\u011b\u017e stanovuje jako ofici\u00e1ln\u00ed c\u00edl ro\u010dn\u00ed v\u00fddaje ve v\u00fd\u0161i nejm\u00e9n\u011b 2 % HDP na obranu, jak po\u017eaduje NATO, vysv\u011btluje publikace.<\/p>\n<p>\u201e\u00a0<em>Modern\u00ed Rusko v sou\u010dasnosti p\u0159edstavuje nejv\u00e1\u017en\u011bj\u0161\u00ed hrozbu pro m\u00edr a bezpe\u010dnost v euroatlantick\u00e9m regionu<\/em>\u00a0,\u201c p\u00ed\u0161e se v 70str\u00e1nkov\u00e9m dokumentu.\u00a0Krom\u011b toho zmi\u0148uje nutnost zachovat p\u0159\u00edstup k surovin\u00e1m a technologi\u00edm a tak\u00e9 energetick\u00e9 v\u00fdzvy.<\/p>\n<p>N\u011bmeck\u00e9 org\u00e1ny uznaly pos\u00edlen\u00ed \u201e\u00a0<em>prvk\u016f rivality a konkurence<\/em>\u00a0\u201c ve vztaz\u00edch s \u010cLR v posledn\u00edch letech.\u00a0Z\u00e1rove\u0148 ale zd\u016fraznili, \u017ee Peking \u201e\u00a0<em>z\u016fst\u00e1v\u00e1 partnerem, bez n\u011bho\u017e nen\u00ed mo\u017en\u00e9 vy\u0159e\u0161it mnoho nejpal\u010div\u011bj\u0161\u00edch glob\u00e1ln\u00edch probl\u00e9m\u016f<\/em>\u00a0\u201c.<\/p>\n<p>Scholz a vysoc\u00ed p\u0159edstavitel\u00e9, v\u010detn\u011b ministryn\u011b zahrani\u010d\u00ed Annaleny Burbock, ministra obrany Borise Pistoria a ministra financ\u00ed Christiana Lindnera, p\u0159edstavili strategii m\u00e9di\u00edm na tiskov\u00e9 konferenci v Berl\u00edn\u011b.\u00a0M\u011bla by vyjasnit vl\u00e1dn\u00ed politiku a reagovat na to, co kancl\u00e9\u0159ka naz\u00fdv\u00e1 \u201e\u00a0<em>historick\u00fdm zlomem<\/em>\u00a0\u201c zp\u016fsoben\u00fdm ukrajinsk\u00fdm konfliktem.<\/p>\n<p>Scholzova koalice, v n\u00ed\u017e jsou soci\u00e1ln\u00ed demokrat\u00e9, zelen\u00ed a svobodn\u00ed demokrat\u00e9, u\u017e m\u011bs\u00edce debatuje o tom, jak by m\u011bla bezpe\u010dnostn\u00ed strategie vypadat.\u00a0Z\u00e1rove\u0148 kritici obvinili vl\u00e1du, \u017ee up\u0159ednost\u0148uje stranickou politiku p\u0159ed pot\u0159ebami zem\u011b, upozor\u0148uje Bloomberg.<\/p>\n<p>\u201e\u00a0<em>N\u011bmecko nezauj\u00edm\u00e1 strategick\u00fd p\u0159\u00edstup, proto\u017ee nem\u00e1me pon\u011bt\u00ed, k\u00fdm v tomto konfliktem zm\u00edtan\u00e9m sv\u011bt\u011b skute\u010dn\u011b chceme b\u00fdt<\/em>\u00a0,\u201c napsal na Twitteru o den d\u0159\u00edve Norbert R\u00f6ttgen, expert na zahrani\u010dn\u00ed politiku hlavn\u00ed opozi\u010dn\u00ed K\u0159es\u0165anskodemokratick\u00e9 strany.<\/p>\n<p>\u201e\u00a0<em>V d\u016fsledku toho bude v Evrop\u011b st\u00e1le panovat vakuum ve veden\u00ed.\u00a0Proto\u017ee bez jasn\u00e9ho n\u011bmeck\u00e9ho kurzu Evropa tak\u00e9 nem\u016f\u017ee naj\u00edt a pos\u00edlit svou roli ve sv\u011bt\u011b<\/em>\u00a0,\u201c dodal politik.<\/p>\n<p><img decoding=\"async\" loading=\"lazy\" class=\"alignnone size-full wp-image-1185\" src=\"http:\/\/www.infokuryr.cz\/n\/wp-content\/uploads\/2021\/04\/kuryr-podpis.png\" alt=\"\" width=\"84\" height=\"24\" \/><\/p>\n<p>&nbsp;<\/p>\n<p>&nbsp;<\/p>\n<p><img decoding=\"async\" loading=\"lazy\" class=\"wp-image-19187 aligncenter\" src=\"http:\/\/www.infokuryr.cz\/n\/wp-content\/uploads\/2022\/12\/1-PRO-300x36.jpg\" alt=\"\" width=\"1292\" height=\"155\" srcset=\"https:\/\/www.infokuryr.cz\/n\/wp-content\/uploads\/2022\/12\/1-PRO-300x36.jpg 300w, https:\/\/www.infokuryr.cz\/n\/wp-content\/uploads\/2022\/12\/1-PRO.jpg 699w\" sizes=\"(max-width: 1292px) 100vw, 1292px\" \/><\/p>\n<p>&nbsp;<\/p>\n<p>&nbsp;<\/p>\n<p>&nbsp;<\/p>\n","protected":false},"excerpt":{"rendered":"<p>N\u011bmeck\u00fd kancl\u00e9\u0159 Olaf Scholz a dal\u0161\u00ed vysoc\u00ed minist\u0159i p\u0159edstavili novin\u00e1\u0159\u016fm novou bezpe\u010dnostn\u00ed strategii.\u00a0Auto\u0159i dokumentu ozna\u010dili&#8230;<\/p>\n","protected":false},"author":2,"featured_media":30165,"comment_status":"closed","ping_status":"closed","sticky":false,"template":"","format":"standard","meta":[],"categories":[7],"tags":[84,1754,22,1894],"_links":{"self":[{"href":"https:\/\/www.infokuryr.cz\/n\/wp-json\/wp\/v2\/posts\/30164"}],"collection":[{"href":"https:\/\/www.infokuryr.cz\/n\/wp-json\/wp\/v2\/posts"}],"about":[{"href":"https:\/\/www.infokuryr.cz\/n\/wp-json\/wp\/v2\/types\/post"}],"author":[{"embeddable":true,"href":"https:\/\/www.infokuryr.cz\/n\/wp-json\/wp\/v2\/users\/2"}],"replies":[{"embeddable":true,"href":"https:\/\/www.infokuryr.cz\/n\/wp-json\/wp\/v2\/comments?post=30164"}],"version-history":[{"count":0,"href":"https:\/\/www.infokuryr.cz\/n\/wp-json\/wp\/v2\/posts\/30164\/revisions"}],"wp:featuredmedia":[{"embeddable":true,"href":"https:\/\/www.infokuryr.cz\/n\/wp-json\/wp\/v2\/media\/30165"}],"wp:attachment":[{"href":"https:\/\/www.infokuryr.cz\/n\/wp-json\/wp\/v2\/media?parent=30164"}],"wp:term":[{"taxonomy":"category","embeddable":true,"href":"https:\/\/www.infokuryr.cz\/n\/wp-json\/wp\/v2\/categories?post=30164"},{"taxonomy":"post_tag","embeddable":true,"href":"https:\/\/www.infokuryr.cz\/n\/wp-json\/wp\/v2\/tags?post=30164"}],"curies":[{"name":"wp","href":"https:\/\/api.w.org\/{rel}","templated":true}]}}