{"id":30162,"date":"2023-06-15T01:06:46","date_gmt":"2023-06-14T23:06:46","guid":{"rendered":"http:\/\/www.infokuryr.cz\/n\/?p=30162"},"modified":"2023-06-14T16:06:48","modified_gmt":"2023-06-14T14:06:48","slug":"rusko-znicilo-temer-vsechny-bvp-bradley-ukrajinske-armady-kvuli-dvema-omylum-kyjeva","status":"publish","type":"post","link":"https:\/\/www.infokuryr.cz\/n\/2023\/06\/15\/rusko-znicilo-temer-vsechny-bvp-bradley-ukrajinske-armady-kvuli-dvema-omylum-kyjeva\/","title":{"rendered":"Rusko zni\u010dilo t\u00e9m\u011b\u0159 v\u0161echny BVP Bradley ukrajinsk\u00e9 arm\u00e1dy kv\u016fli dv\u011bma omyl\u016fm Kyjeva"},"content":{"rendered":"<div id=\"fb-root\"><\/div>\n<p><strong>Ukrajina p\u0159i\u0161la o v\u011bt\u0161inu bojov\u00fdch vozidel p\u011bchoty Bradley kv\u016fli tomu, \u017ee Z\u00e1pad podcenil mo\u017enosti rusk\u00e9 arm\u00e1dy, p\u00ed\u0161e InfoBRICS.<\/strong><\/p>\n<p>\u201eUkrajinsk\u00e1 ofenziva se realizuje, ale Kyjev nedos\u00e1hl prakticky \u017e\u00e1dn\u00fdch viditeln\u00fdch \u00fasp\u011bch\u016f. Naproti tomu se na soci\u00e1ln\u00edch s\u00edt\u00edch roz\u0161\u00ed\u0159ily z\u00e1b\u011bry zni\u010den\u00fdch tank\u016f Leopard a bojov\u00fdch vozidel p\u011bchoty Bradley pou\u017e\u00edvan\u00fdch ukrajinsk\u00fdmi jednotkami. Z tohoto d\u016fvodu n\u011bkte\u0159\u00ed odborn\u00edci p\u0159edpov\u00eddaj\u00ed por\u00e1\u017eku Ukrajiny a dal\u0161\u00ed geopolitick\u00e9 selh\u00e1n\u00ed NATO,\u201c uv\u00e1d\u00ed den\u00edk.<\/p>\n<p>InfoBRICS uv\u00e1d\u00ed dva d\u016fvody, pro\u010d se Z\u00e1pad p\u0159epo\u010d\u00edtal. Za prv\u00e9 hraje roli n\u00edzk\u00e9 m\u00edn\u011bn\u00ed Ukrajiny a jej\u00edch spojenc\u016f v NATO o bojov\u00fdch mo\u017enostech rusk\u00e9 arm\u00e1dy a za druh\u00e9 jsou to nerealistick\u00e1 o\u010dek\u00e1v\u00e1n\u00ed uvalen\u00e1 na v\u00fdcvik a vybaven\u00ed NATO, kter\u00e9 byly poskytnuty ukrajinsk\u00fdm sil\u00e1m.<\/p>\n<p>NATO a Ukrajina vsadily na to, \u017ee Rusku chyb\u00ed vojensk\u00fd potenci\u00e1l, \u017ee velitel\u016fm chyb\u00ed nezbytn\u00e1 komunikace ke koordinaci slo\u017eit\u00fdch operac\u00ed a voj\u00e1k\u016fm v\u00fdcvik a mor\u00e1ln\u00ed duch, uv\u00e1d\u00ed se v materi\u00e1lu. To vedlo k potupn\u00e9 ztr\u00e1t\u011b v\u011bt\u0161iny ukrajinsk\u00fdch bojov\u00fdch stroj\u016f, shrnuje autor.<\/p>\n<p>Prezident Vladimir Putin v p\u00e1tek 9. \u010dervna ozn\u00e1mil zah\u00e1jen\u00ed protiofenzivy Ozbrojen\u00fdch sil Ukrajiny. D\u00edky odvaze rusk\u00fdch voj\u00e1k\u016f a spr\u00e1vn\u00e9 organizaci jednotek v\u0161ak Kyjev nedos\u00e1hl zadan\u00fdch \u00fakol\u016f ani na jednom z \u00fasek\u016f boj\u016f, upozornil rusk\u00fd prezident.<\/p>\n<p><img decoding=\"async\" loading=\"lazy\" class=\"alignnone size-full wp-image-1185\" src=\"http:\/\/www.infokuryr.cz\/n\/wp-content\/uploads\/2021\/04\/kuryr-podpis.png\" alt=\"\" width=\"84\" height=\"24\" \/><\/p>\n<p>&nbsp;<\/p>\n<p>&nbsp;<\/p>\n<p><img decoding=\"async\" loading=\"lazy\" class=\"wp-image-19187 aligncenter\" src=\"http:\/\/www.infokuryr.cz\/n\/wp-content\/uploads\/2022\/12\/1-PRO-300x36.jpg\" alt=\"\" width=\"1258\" height=\"151\" srcset=\"https:\/\/www.infokuryr.cz\/n\/wp-content\/uploads\/2022\/12\/1-PRO-300x36.jpg 300w, https:\/\/www.infokuryr.cz\/n\/wp-content\/uploads\/2022\/12\/1-PRO.jpg 699w\" sizes=\"(max-width: 1258px) 100vw, 1258px\" \/><\/p>\n<p>&nbsp;<\/p>\n<p>&nbsp;<\/p>\n<p>&nbsp;<\/p>\n","protected":false},"excerpt":{"rendered":"<p>Ukrajina p\u0159i\u0161la o v\u011bt\u0161inu bojov\u00fdch vozidel p\u011bchoty Bradley kv\u016fli tomu, \u017ee Z\u00e1pad podcenil mo\u017enosti rusk\u00e9&#8230;<\/p>\n","protected":false},"author":2,"featured_media":30163,"comment_status":"closed","ping_status":"closed","sticky":false,"template":"","format":"standard","meta":[],"categories":[7],"tags":[5227,22,26],"_links":{"self":[{"href":"https:\/\/www.infokuryr.cz\/n\/wp-json\/wp\/v2\/posts\/30162"}],"collection":[{"href":"https:\/\/www.infokuryr.cz\/n\/wp-json\/wp\/v2\/posts"}],"about":[{"href":"https:\/\/www.infokuryr.cz\/n\/wp-json\/wp\/v2\/types\/post"}],"author":[{"embeddable":true,"href":"https:\/\/www.infokuryr.cz\/n\/wp-json\/wp\/v2\/users\/2"}],"replies":[{"embeddable":true,"href":"https:\/\/www.infokuryr.cz\/n\/wp-json\/wp\/v2\/comments?post=30162"}],"version-history":[{"count":0,"href":"https:\/\/www.infokuryr.cz\/n\/wp-json\/wp\/v2\/posts\/30162\/revisions"}],"wp:featuredmedia":[{"embeddable":true,"href":"https:\/\/www.infokuryr.cz\/n\/wp-json\/wp\/v2\/media\/30163"}],"wp:attachment":[{"href":"https:\/\/www.infokuryr.cz\/n\/wp-json\/wp\/v2\/media?parent=30162"}],"wp:term":[{"taxonomy":"category","embeddable":true,"href":"https:\/\/www.infokuryr.cz\/n\/wp-json\/wp\/v2\/categories?post=30162"},{"taxonomy":"post_tag","embeddable":true,"href":"https:\/\/www.infokuryr.cz\/n\/wp-json\/wp\/v2\/tags?post=30162"}],"curies":[{"name":"wp","href":"https:\/\/api.w.org\/{rel}","templated":true}]}}