{"id":30161,"date":"2023-06-15T01:05:55","date_gmt":"2023-06-14T23:05:55","guid":{"rendered":"http:\/\/www.infokuryr.cz\/n\/?p=30161"},"modified":"2023-06-14T16:04:15","modified_gmt":"2023-06-14T14:04:15","slug":"byvaly-prezident-trump-ani-v-jednom-z-obvineni-u-soudu-v-miami-neuznal-svou-vinu","status":"publish","type":"post","link":"https:\/\/www.infokuryr.cz\/n\/2023\/06\/15\/byvaly-prezident-trump-ani-v-jednom-z-obvineni-u-soudu-v-miami-neuznal-svou-vinu\/","title":{"rendered":"B\u00fdval\u00fd prezident Trump ani v jednom z obvin\u011bn\u00ed u soudu v Miami neuznal svou vinu"},"content":{"rendered":"<div id=\"fb-root\"><\/div>\n<p><strong>B\u00fdval\u00fd americk\u00fd prezident Donald Trump p\u0159i soudn\u00edm jedn\u00e1n\u00ed v Miami prohl\u00e1sil, \u017ee nen\u00ed vinen z dr\u017een\u00ed utajovan\u00fdch materi\u00e1l\u016f a ma\u0159en\u00ed spravedlnosti, uv\u00e1d\u00ed CNN. Trump tak odm\u00edtl v\u0161ech 37 bod\u016f obvin\u011bn\u00ed.<\/strong><\/p>\n<p>Trump b\u011bhem sv\u00e9ho p\u016fsoben\u00ed u soudu byl podle m\u00e9di\u00ed technicky zat\u010den. Exprezidenta a jeho asistenta Walta Nautha nakonec propustili ze soudu bez jak\u00fdchkoliv podm\u00ednek. Podle Fox News nebyli Trump ani jeho pod\u0159\u00edzen\u00fd uzn\u00e1ni osobami, kter\u00e9 by mohly ut\u00e9ct. Podle CBS News soud op\u011bt neuvalil \u017e\u00e1dn\u00e1 omezen\u00ed na Trump\u016fv pohyb, v\u010detn\u011b jeho cest do zahrani\u010d\u00ed.<\/p>\n<p><span style=\"font-size: 18pt;\"><strong>Zabr\u00e1nit p\u00e1du USA<\/strong><\/span><\/p>\n<p>S\u00e1m Trump se po jedn\u00e1n\u00ed soudu okam\u017eit\u011b vr\u00e1til do kampan\u011b a sl\u00edbil sv\u00fdm p\u0159\u00edznivc\u016fm, \u017ee zabr\u00e1n\u00ed dal\u0161\u00edmu \u00fapadku Spojen\u00fdch st\u00e1t\u016f.<\/p>\n<p>\u201eNa\u0161e zem\u011b je v takov\u00e9m \u00fapadku jako nikdy p\u0159edt\u00edm, a to nem\u016f\u017eeme dopustit,\u201c \u0159ekl sv\u00fdm p\u0159\u00edznivc\u016fm v Miami.<\/p>\n<p><span style=\"font-size: 18pt;\"><strong>Obvin\u011bn\u00ed proti Trumpovi<\/strong><\/span><\/p>\n<p>B\u00fdval\u00fd prezident byl obvin\u011bn z \u201e\u00famysln\u00e9ho zadr\u017eov\u00e1n\u00ed informac\u00ed o n\u00e1rodn\u00ed obran\u011b\u201c, ze \u201espiknut\u00ed za \u00fa\u010delem ma\u0159en\u00ed spravedlnosti\u201c, \u201ezadr\u017een\u00ed dokumentu nebo z\u00e1znamu\u201c, \u201ekorup\u010dn\u00ed zadr\u017eov\u00e1n\u00ed dokumentu nebo z\u00e1znamu\u201c a \u201ezadr\u017een\u00ed dokumentu p\u0159i feder\u00e1ln\u00edm vy\u0161et\u0159ov\u00e1n\u00ed\u201c, z \u201e\u00fa\u010dast\u00ed v kryc\u00edm syst\u00e9mu\u201c a \u201ep\u0159edkl\u00e1d\u00e1n\u00ed nepravdiv\u00fdch informac\u00ed a sv\u011bdectv\u00ed\u201c. Kv\u016fli ka\u017ed\u00e9mu z obvin\u011bn\u00ed mu hroz\u00ed od p\u011bti do dvaceti let odn\u011bt\u00ed svobody.<\/p>\n<p>V prob\u00edhaj\u00edc\u00edm procesu se \u017ealobci pokus\u00ed prok\u00e1zat, \u017ee Trump poru\u0161il z\u00e1kon, kdy\u017e ji\u017e jako soukrom\u00fd ob\u010dan uchov\u00e1val informace o americk\u00fdch vojensk\u00fdch schopnostech, pl\u00e1nech a zranitelnosti USA v nevhodn\u00e9 soukrom\u00e9 rezidenci, prozrazoval st\u00e1tn\u00ed tajemstv\u00ed cizinc\u016fm a ma\u0159il vy\u0161et\u0159ov\u00e1n\u00ed.<\/p>\n<p>S\u00e1m b\u00fdval\u00fd prezident trv\u00e1 na sv\u00e9 nevin\u011b.<\/p>\n<p><em>Prezidentsk\u00e9 volby v USA jsou napl\u00e1nov\u00e1ny na listopad 2024. Trump v listopadu 2022 ozn\u00e1mil sv\u016fj vstup do boje o prezidentsk\u00fd \u00fa\u0159ad. Sou\u010dasn\u00e1 hlava st\u00e1tu Joe Biden tak\u00e9 v dubnu ofici\u00e1ln\u011b ozn\u00e1mil, \u017ee se uch\u00e1z\u00ed o druh\u00e9 funk\u010dn\u00ed obdob\u00ed, aby \u201edokon\u010dil, co za\u010dal\u201c, a spustil webovou str\u00e1nku volebn\u00ed kampan\u011b. Pokud usp\u011bje, bude mu na za\u010d\u00e1tku druh\u00e9ho prezidentsk\u00e9ho obdob\u00ed 82 let.<\/em><\/p>\n<p><img decoding=\"async\" loading=\"lazy\" class=\"alignnone size-full wp-image-1185\" src=\"http:\/\/www.infokuryr.cz\/n\/wp-content\/uploads\/2021\/04\/kuryr-podpis.png\" alt=\"\" width=\"84\" height=\"24\" \/><\/p>\n<p>&nbsp;<\/p>\n<p>&nbsp;<\/p>\n<p><img decoding=\"async\" loading=\"lazy\" class=\"wp-image-19187 aligncenter\" src=\"http:\/\/www.infokuryr.cz\/n\/wp-content\/uploads\/2022\/12\/1-PRO-300x36.jpg\" alt=\"\" width=\"1275\" height=\"153\" srcset=\"https:\/\/www.infokuryr.cz\/n\/wp-content\/uploads\/2022\/12\/1-PRO-300x36.jpg 300w, https:\/\/www.infokuryr.cz\/n\/wp-content\/uploads\/2022\/12\/1-PRO.jpg 699w\" sizes=\"(max-width: 1275px) 100vw, 1275px\" \/><\/p>\n<p>&nbsp;<\/p>\n<p>&nbsp;<\/p>\n<p>&nbsp;<\/p>\n","protected":false},"excerpt":{"rendered":"<p>B\u00fdval\u00fd americk\u00fd prezident Donald Trump p\u0159i soudn\u00edm jedn\u00e1n\u00ed v Miami prohl\u00e1sil, \u017ee nen\u00ed vinen z&#8230;<\/p>\n","protected":false},"author":2,"featured_media":26124,"comment_status":"closed","ping_status":"closed","sticky":false,"template":"","format":"standard","meta":[],"categories":[7],"tags":[1352,37,422],"_links":{"self":[{"href":"https:\/\/www.infokuryr.cz\/n\/wp-json\/wp\/v2\/posts\/30161"}],"collection":[{"href":"https:\/\/www.infokuryr.cz\/n\/wp-json\/wp\/v2\/posts"}],"about":[{"href":"https:\/\/www.infokuryr.cz\/n\/wp-json\/wp\/v2\/types\/post"}],"author":[{"embeddable":true,"href":"https:\/\/www.infokuryr.cz\/n\/wp-json\/wp\/v2\/users\/2"}],"replies":[{"embeddable":true,"href":"https:\/\/www.infokuryr.cz\/n\/wp-json\/wp\/v2\/comments?post=30161"}],"version-history":[{"count":0,"href":"https:\/\/www.infokuryr.cz\/n\/wp-json\/wp\/v2\/posts\/30161\/revisions"}],"wp:featuredmedia":[{"embeddable":true,"href":"https:\/\/www.infokuryr.cz\/n\/wp-json\/wp\/v2\/media\/26124"}],"wp:attachment":[{"href":"https:\/\/www.infokuryr.cz\/n\/wp-json\/wp\/v2\/media?parent=30161"}],"wp:term":[{"taxonomy":"category","embeddable":true,"href":"https:\/\/www.infokuryr.cz\/n\/wp-json\/wp\/v2\/categories?post=30161"},{"taxonomy":"post_tag","embeddable":true,"href":"https:\/\/www.infokuryr.cz\/n\/wp-json\/wp\/v2\/tags?post=30161"}],"curies":[{"name":"wp","href":"https:\/\/api.w.org\/{rel}","templated":true}]}}