{"id":30153,"date":"2023-06-15T01:00:59","date_gmt":"2023-06-14T23:00:59","guid":{"rendered":"http:\/\/www.infokuryr.cz\/n\/?p=30153"},"modified":"2023-06-14T15:32:55","modified_gmt":"2023-06-14T13:32:55","slug":"znamy-americky-autor-protekcionismus-v-americkem-stylu-je-bremeno-ktere-evropa-nemuze-unest","status":"publish","type":"post","link":"https:\/\/www.infokuryr.cz\/n\/2023\/06\/15\/znamy-americky-autor-protekcionismus-v-americkem-stylu-je-bremeno-ktere-evropa-nemuze-unest\/","title":{"rendered":"Zn\u00e1m\u00fd americk\u00fd autor: Protekcionismus v americk\u00e9m stylu je b\u0159emeno, kter\u00e9 Evropa nem\u016f\u017ee un\u00e9st"},"content":{"rendered":"<div id=\"fb-root\"><\/div>\n<p><span data-spm-anchor-id=\"C01140752918.PaZNIkA0prFD.0.i2\">9. \u010dervna publikoval port\u00e1l Washington Post \u010dl\u00e1nek publicisty a zn\u00e1m\u00e9ho moder\u00e1tora CNN Fareeda Zakaria. Zakaria ned\u00e1vno po sv\u00e9 cest\u011b do Evropy vydal \u010dl\u00e1nek, v n\u011bm\u017e pouk\u00e1zal na to, \u017ee pro Evropu je obchod z\u00e1sadn\u00ed a jej\u00ed prosperita z\u00e1le\u017e\u00ed na obchodu s ostatn\u00edmi \u010d\u00e1stmi sv\u011bta, v\u010detn\u011b \u010c\u00edny. Evropa se nem\u016f\u017ee odd\u011blit od \u010c\u00edny, jinak to bude konec globalizace.<\/span><\/p>\n<p>Zakaria v \u010dl\u00e1nku uvedl, \u017ee p\u0159ed deseti lety \u010c\u00edna vyv\u00e1\u017eela relativn\u011b m\u00e1lo aut. Dnes snadno p\u0159edstihla Japonsko jako p\u0159edn\u00edho sv\u011btov\u00e9ho v\u00fdvozce automobil\u016f. Zejm\u00e9na u elektrick\u00fdch vozidel jsou dv\u011b ze t\u0159\u00ed elektrick\u00fdch vozidel na sv\u011bt\u011b vyrobena v \u010c\u00edn\u011b. Upozornil, \u017ee p\u0159i p\u0159em\u00fd\u0161len\u00ed o \u010c\u00edn\u011b je t\u0159eba m\u00edt na pam\u011bti jej\u00ed siln\u00e9 str\u00e1nky a to, jak je \u00fazce propojena s glob\u00e1ln\u00ed ekonomikou.<\/p>\n<p>Zakaria \u0159ekl, \u017ee b\u00fdval\u00fd britsk\u00fd premi\u00e9r Gordon Brown mu vysv\u011btlil neut\u011b\u0161enou situaci Evropy.\u00a0Brown \u0159ekl, \u017ee Evropa nem\u016f\u017ee n\u00e1sledovat protekcionistickou politiku Bidenovy administrativy. \u201eObchod je pro Evropu \u017eivotn\u011b d\u016fle\u017eit\u00fd, jej\u00ed prosperita z\u00e1vis\u00ed na obchodu se zbytkem sv\u011bta, v\u010detn\u011b \u010c\u00edny, zat\u00edmco pro USA to tak nen\u00ed. P\u0159esto\u017ee Evropa a Spojen\u00e9 st\u00e1ty dos\u00e1hly na povrchu dohody, rozd\u00edly pravd\u011bpodobn\u011b porostou,\u201c \u0159ekl.<\/p>\n<p>Zakaria zm\u00ednil, \u017ee b\u00fdval\u00e1 d\u00e1nsk\u00e1 premi\u00e9rka Helle Thorning Schmidtov\u00e1 s\u00a0t\u00edm souhlasila. \u201eEvropa se nem\u016f\u017ee odd\u011blit od \u010c\u00edny,\u201c vysv\u011btlila. \u201eTo by byl konec globalizace.\u201c<\/p>\n<p data-spm-anchor-id=\"C01140752918.PaZNIkA0prFD.0.i1\">\u010cl\u00e1nek citoval Browna, jak \u0159\u00edk\u00e1: \u201eV\u0161ichni pot\u0159ebujeme dob\u0159e funguj\u00edc\u00ed a neust\u00e1le expanduj\u00edc\u00ed glob\u00e1ln\u00ed obchodn\u00ed syst\u00e9m a efektivn\u00ed multilater\u00e1ln\u00ed instituce.\u201c<\/p>\n<p data-spm-anchor-id=\"C01140752918.PaZNIkA0prFD.0.i1\"><img decoding=\"async\" loading=\"lazy\" class=\"alignnone size-full wp-image-1185\" src=\"http:\/\/www.infokuryr.cz\/n\/wp-content\/uploads\/2021\/04\/kuryr-podpis.png\" alt=\"\" width=\"84\" height=\"24\" \/><\/p>\n<p data-spm-anchor-id=\"C01140752918.PaZNIkA0prFD.0.i1\">\n<p data-spm-anchor-id=\"C01140752918.PaZNIkA0prFD.0.i1\">\n<p data-spm-anchor-id=\"C01140752918.PaZNIkA0prFD.0.i1\"><img decoding=\"async\" loading=\"lazy\" class=\"wp-image-19187 aligncenter\" src=\"http:\/\/www.infokuryr.cz\/n\/wp-content\/uploads\/2022\/12\/1-PRO-300x36.jpg\" alt=\"\" width=\"1292\" height=\"155\" srcset=\"https:\/\/www.infokuryr.cz\/n\/wp-content\/uploads\/2022\/12\/1-PRO-300x36.jpg 300w, https:\/\/www.infokuryr.cz\/n\/wp-content\/uploads\/2022\/12\/1-PRO.jpg 699w\" sizes=\"(max-width: 1292px) 100vw, 1292px\" \/><\/p>\n<p data-spm-anchor-id=\"C01140752918.PaZNIkA0prFD.0.i1\">\n<p data-spm-anchor-id=\"C01140752918.PaZNIkA0prFD.0.i1\">\n<p data-spm-anchor-id=\"C01140752918.PaZNIkA0prFD.0.i1\">\n","protected":false},"excerpt":{"rendered":"<p>9. \u010dervna publikoval port\u00e1l Washington Post \u010dl\u00e1nek publicisty a zn\u00e1m\u00e9ho moder\u00e1tora CNN Fareeda Zakaria. Zakaria&#8230;<\/p>\n","protected":false},"author":2,"featured_media":10403,"comment_status":"closed","ping_status":"closed","sticky":false,"template":"","format":"standard","meta":[],"categories":[7],"tags":[283,3162,37],"_links":{"self":[{"href":"https:\/\/www.infokuryr.cz\/n\/wp-json\/wp\/v2\/posts\/30153"}],"collection":[{"href":"https:\/\/www.infokuryr.cz\/n\/wp-json\/wp\/v2\/posts"}],"about":[{"href":"https:\/\/www.infokuryr.cz\/n\/wp-json\/wp\/v2\/types\/post"}],"author":[{"embeddable":true,"href":"https:\/\/www.infokuryr.cz\/n\/wp-json\/wp\/v2\/users\/2"}],"replies":[{"embeddable":true,"href":"https:\/\/www.infokuryr.cz\/n\/wp-json\/wp\/v2\/comments?post=30153"}],"version-history":[{"count":0,"href":"https:\/\/www.infokuryr.cz\/n\/wp-json\/wp\/v2\/posts\/30153\/revisions"}],"wp:featuredmedia":[{"embeddable":true,"href":"https:\/\/www.infokuryr.cz\/n\/wp-json\/wp\/v2\/media\/10403"}],"wp:attachment":[{"href":"https:\/\/www.infokuryr.cz\/n\/wp-json\/wp\/v2\/media?parent=30153"}],"wp:term":[{"taxonomy":"category","embeddable":true,"href":"https:\/\/www.infokuryr.cz\/n\/wp-json\/wp\/v2\/categories?post=30153"},{"taxonomy":"post_tag","embeddable":true,"href":"https:\/\/www.infokuryr.cz\/n\/wp-json\/wp\/v2\/tags?post=30153"}],"curies":[{"name":"wp","href":"https:\/\/api.w.org\/{rel}","templated":true}]}}