{"id":3013,"date":"2021-07-02T03:51:00","date_gmt":"2021-07-02T01:51:00","guid":{"rendered":"http:\/\/www.infokuryr.cz\/n\/?p=3013"},"modified":"2021-07-02T03:51:00","modified_gmt":"2021-07-02T01:51:00","slug":"nemecko-zpusobilo-polsku-skody-za-vice-nez-850-miliard-dolaru","status":"publish","type":"post","link":"https:\/\/www.infokuryr.cz\/n\/2021\/07\/02\/nemecko-zpusobilo-polsku-skody-za-vice-nez-850-miliard-dolaru\/","title":{"rendered":"N\u011bmecko zp\u016fsobilo Polsku \u0161kody za v\u00edce ne\u017e 850 miliard dolar\u016f"},"content":{"rendered":"<div id=\"fb-root\"><\/div>\n<p>Za smrt 6 milion\u016f polsk\u00fdch ob\u010dan\u016f, zlo\u010diny a genocidu, stejn\u011b jako nep\u0159edstaviteln\u00e9 materi\u00e1ln\u00ed ztr\u00e1ty m\u016f\u017ee Polsko po\u017eadovat od N\u011bmecka reparace v\u00edce ne\u017e 850 miliard USD, uvedl ve vys\u00edl\u00e1n\u00ed rozhlasov\u00e9 stanice Jedynka poslanec Sejmu a p\u0159edseda v\u00fdboru pro odhad v\u00e1le\u010dn\u00fdch \u0161kod zp\u016fsoben\u00fdch N\u011bmeckem za druh\u00e9 sv\u011btov\u00e9 v\u00e1lky Arkadiusz Mularczyk.<\/p>\n<p>P\u0159ipomn\u011bl, \u017ee po druh\u00e9 sv\u011btov\u00e9 v\u00e1lce odhadl \u00da\u0159ad pro v\u00e1le\u010dn\u00e9 od\u0161kodn\u011bn\u00ed \u00a0pro Polsko na 50 milion\u016f dolar\u016f.\u00a0P\u0159i p\u0159epo\u010dtu t\u00e9to \u010d\u00e1stky na sou\u010dasnou kupn\u00ed s\u00edlu by to bylo 850 miliard dolar\u016f.\u00a0 M\u00edstop\u0159edseda parlamentn\u00edho v\u00fdboru pro zahrani\u010dn\u00ed v\u011bci je p\u0159esv\u011bd\u010den, \u017ee polsk\u00e9 \u00a0n\u00e1roky nevypr\u0161ely a nevyvol\u00e1vaj\u00ed \u017e\u00e1dn\u00e9 pochybnosti.\u00a0Zpr\u00e1va vypracovan\u00e1 jeho t\u00fdmem to p\u0159esn\u011b popisuje.\u00a0Arkadiusz Mularczyk p\u0159ipom\u00edn\u00e1, \u017ee Polsko nedostalo reparace stanoven\u00e9 v Postupimsk\u00e9 smlouv\u011b.<\/p>\n<p>Mularczyk p\u0159ipomn\u011bl, \u017ee ztr\u00e1ty, kter\u00e9 Polsko utrp\u011blo v d\u016fsledku druh\u00e9 sv\u011btov\u00e9 v\u00e1lky, byly t\u00e9m\u011b\u0159 nep\u0159edstaviteln\u00e9.\u00a0\u201eZtratili\u00a0jsme\u00a06 milion\u016f ob\u010dan\u016f a na\u0161e ekonomick\u00e1 situace se v\u00fdrazn\u011b zhor\u0161ila.\u00a0Jsme m\u00e9n\u011b rozvinut\u00e1 zem\u011b, m\u00e9n\u011b bohat\u00e1 a m\u00e9n\u011b prosperuj\u00edc\u00ed ne\u017e N\u011bmecko, Francie, Nizozemsko nebo Belgie.\u00a0Mus\u00edme neust\u00e1le doh\u00e1n\u011bt zem\u011b z\u00e1padn\u00ed Evropy, vyu\u017e\u00edvat finan\u010dn\u00ed prost\u0159edky na pomoc,\u201c\u00a0\u00a0zd\u016fraznil.<\/p>\n<p>Zpr\u00e1va, kterou p\u0159ipravil jeho v\u00fdbor, mus\u00ed b\u00fdt pln\u011b profesion\u00e1ln\u00ed, proto\u017ee zat\u00edmco do \u0161edes\u00e1t\u00fdch let bylo N\u011bmecko pod politick\u00fdm tlakem Spojen\u00fdch st\u00e1t\u016f ochotno platit od\u0161kodn\u011bn\u00ed, je nyn\u00ed st\u00e1le obt\u00ed\u017en\u011bj\u0161\u00ed prosadit jej.\u00a0Po z\u00edsk\u00e1n\u00ed podpory polsk\u00e9ho parlamentu bude vl\u00e1da schopna p\u0159ipravit ofici\u00e1ln\u00ed diplomatickou n\u00f3tu n\u011bmeck\u00e9 vl\u00e1d\u011b.<\/p>\n<p>P\u0159ipome\u0148me, \u017ee N\u011bmecko nem\u00e1 vedle Polska dodnes vypo\u0159\u00e1dan\u00e9\u00a0\u00a0reparace zejm\u00e9na s\u00a0\u0158eckem a jedn\u00e1n\u00ed o nich unik\u00e1.<\/p>\n<p><a href=\"http:\/\/vasevec.parlamentnilisty.cz\/nemecko-zpusobilo-polsku-skody-za-vice-nez-850-miliard-dolaru\">Jan Urbach<\/a><\/p>\n<p>&nbsp;<\/p>\n","protected":false},"excerpt":{"rendered":"<p>Za smrt 6 milion\u016f polsk\u00fdch ob\u010dan\u016f, zlo\u010diny a genocidu, stejn\u011b jako nep\u0159edstaviteln\u00e9 materi\u00e1ln\u00ed ztr\u00e1ty m\u016f\u017ee&#8230;<\/p>\n","protected":false},"author":2,"featured_media":3014,"comment_status":"closed","ping_status":"closed","sticky":false,"template":"","format":"standard","meta":[],"categories":[7],"tags":[84,31,40],"_links":{"self":[{"href":"https:\/\/www.infokuryr.cz\/n\/wp-json\/wp\/v2\/posts\/3013"}],"collection":[{"href":"https:\/\/www.infokuryr.cz\/n\/wp-json\/wp\/v2\/posts"}],"about":[{"href":"https:\/\/www.infokuryr.cz\/n\/wp-json\/wp\/v2\/types\/post"}],"author":[{"embeddable":true,"href":"https:\/\/www.infokuryr.cz\/n\/wp-json\/wp\/v2\/users\/2"}],"replies":[{"embeddable":true,"href":"https:\/\/www.infokuryr.cz\/n\/wp-json\/wp\/v2\/comments?post=3013"}],"version-history":[{"count":0,"href":"https:\/\/www.infokuryr.cz\/n\/wp-json\/wp\/v2\/posts\/3013\/revisions"}],"wp:featuredmedia":[{"embeddable":true,"href":"https:\/\/www.infokuryr.cz\/n\/wp-json\/wp\/v2\/media\/3014"}],"wp:attachment":[{"href":"https:\/\/www.infokuryr.cz\/n\/wp-json\/wp\/v2\/media?parent=3013"}],"wp:term":[{"taxonomy":"category","embeddable":true,"href":"https:\/\/www.infokuryr.cz\/n\/wp-json\/wp\/v2\/categories?post=3013"},{"taxonomy":"post_tag","embeddable":true,"href":"https:\/\/www.infokuryr.cz\/n\/wp-json\/wp\/v2\/tags?post=3013"}],"curies":[{"name":"wp","href":"https:\/\/api.w.org\/{rel}","templated":true}]}}