{"id":3011,"date":"2021-07-02T03:45:34","date_gmt":"2021-07-02T01:45:34","guid":{"rendered":"http:\/\/www.infokuryr.cz\/n\/?p=3011"},"modified":"2021-07-02T03:45:34","modified_gmt":"2021-07-02T01:45:34","slug":"do-boje-eu-potahne-proti-islamistum-v-mozambiku","status":"publish","type":"post","link":"https:\/\/www.infokuryr.cz\/n\/2021\/07\/02\/do-boje-eu-potahne-proti-islamistum-v-mozambiku\/","title":{"rendered":"Do boje! EU pot\u00e1hne proti isl\u00e1mist\u016fm v Mozambiku"},"content":{"rendered":"<div id=\"fb-root\"><\/div>\n<p>EU v\u010dera schv\u00e1lila vysl\u00e1n\u00ed vojensk\u00e9 mise proti isl\u00e1mist\u016fmAl \u0160ab\u00e1b (Ho\u0161i) v Mozambiku. Mise by m\u011bla pomoci mazambick\u00e9 arm\u00e1d\u011b v boj\u00edch s d\u017eih\u00e1disty u hranic s Tanz\u00e1ni\u00ed. Isl\u00e1misti u\u017e zmasakrovali stovky lid\u00ed a statis\u00edce vyhnali z jejich domov\u016f.<\/p>\n<p>V oblasti Cabo Delgado tak vznik\u00e1 dal\u0161\u00ed isl\u00e1mistick\u00fd st\u00e1t. Proponenti vojensk\u00e9 mise jsou Francie, Portugalsko, \u0160pan\u011blsko a Lucembusrko.<\/p>\n<p><a href=\"https:\/\/elpais.com\/internacional\/2021-06-30\/la-ue-acuerda-crear-una-mision-militar-en-mozambique-contra-la-creciente-amenaza-terrorista.html\">ZDROJ<\/a><\/p>\n<p>&nbsp;<\/p>\n","protected":false},"excerpt":{"rendered":"<p>EU v\u010dera schv\u00e1lila vysl\u00e1n\u00ed vojensk\u00e9 mise proti isl\u00e1mist\u016fmAl \u0160ab\u00e1b (Ho\u0161i) v Mozambiku. Mise by m\u011bla&#8230;<\/p>\n","protected":false},"author":2,"featured_media":3012,"comment_status":"closed","ping_status":"closed","sticky":false,"template":"","format":"standard","meta":[],"categories":[7],"tags":[41,44,82],"_links":{"self":[{"href":"https:\/\/www.infokuryr.cz\/n\/wp-json\/wp\/v2\/posts\/3011"}],"collection":[{"href":"https:\/\/www.infokuryr.cz\/n\/wp-json\/wp\/v2\/posts"}],"about":[{"href":"https:\/\/www.infokuryr.cz\/n\/wp-json\/wp\/v2\/types\/post"}],"author":[{"embeddable":true,"href":"https:\/\/www.infokuryr.cz\/n\/wp-json\/wp\/v2\/users\/2"}],"replies":[{"embeddable":true,"href":"https:\/\/www.infokuryr.cz\/n\/wp-json\/wp\/v2\/comments?post=3011"}],"version-history":[{"count":0,"href":"https:\/\/www.infokuryr.cz\/n\/wp-json\/wp\/v2\/posts\/3011\/revisions"}],"wp:featuredmedia":[{"embeddable":true,"href":"https:\/\/www.infokuryr.cz\/n\/wp-json\/wp\/v2\/media\/3012"}],"wp:attachment":[{"href":"https:\/\/www.infokuryr.cz\/n\/wp-json\/wp\/v2\/media?parent=3011"}],"wp:term":[{"taxonomy":"category","embeddable":true,"href":"https:\/\/www.infokuryr.cz\/n\/wp-json\/wp\/v2\/categories?post=3011"},{"taxonomy":"post_tag","embeddable":true,"href":"https:\/\/www.infokuryr.cz\/n\/wp-json\/wp\/v2\/tags?post=3011"}],"curies":[{"name":"wp","href":"https:\/\/api.w.org\/{rel}","templated":true}]}}