{"id":30074,"date":"2023-06-13T06:15:36","date_gmt":"2023-06-13T04:15:36","guid":{"rendered":"http:\/\/www.infokuryr.cz\/n\/?p=30074"},"modified":"2023-06-13T06:18:23","modified_gmt":"2023-06-13T04:18:23","slug":"sok-usa-tajne-rozmistily-v-evrope-jaderne-zbrane","status":"publish","type":"post","link":"https:\/\/www.infokuryr.cz\/n\/2023\/06\/13\/sok-usa-tajne-rozmistily-v-evrope-jaderne-zbrane\/","title":{"rendered":"\u0160ok! USA tajn\u011b rozm\u00edstily v Evrop\u011b jadern\u00e9 zbran\u011b"},"content":{"rendered":"<div id=\"fb-root\"><\/div>\n<p><strong>USA rozm\u00edstily asi 150 jadern\u00fdch hlavic na vojensk\u00fdch leteck\u00fdch z\u00e1kladn\u00e1ch v p\u011bti evropsk\u00fdch zem\u00edch. Uvedla to koordin\u00e1torka politiky a v\u00fdzkumu Mezin\u00e1rodn\u00ed kampan\u011b za zru\u0161en\u00ed jadern\u00fdch zbran\u00ed (ICAN) Alicia Sanders-Zakre.<\/strong><\/p>\n<p>Pentagon podle n\u00ed tajn\u011b rozm\u00edstil jadern\u00e9 zbran\u011b v N\u011bmecku, Belgii, Nizozemsku, Turecku a It\u00e1lii.\u00a0\u00a0Z\u00e1stupce ICAN poznamenal, \u017ee evropsk\u00e9 zem\u011b volaj\u00edc\u00ed po transparentnosti v ot\u00e1zce jadern\u00fdch zbran\u00ed jsou prost\u011b pokrytci.<\/p>\n<p>Spojen\u00e9 st\u00e1ty bez jak\u00e9hokoli ofici\u00e1ln\u00edho ozn\u00e1men\u00ed rozm\u00edstily na leteck\u00e9 z\u00e1kladny v Evrop\u011b asi 150 jadern\u00fdch zbran\u00ed, \u0159ekla Alicia Sanders-Zakre, koordin\u00e1torka politiky a v\u00fdzkumu Mezin\u00e1rodn\u00ed kampan\u011b za zru\u0161en\u00ed jadern\u00fdch zbran\u00ed (ICAN).<\/p>\n<p>Tato munice se podle n\u00ed nach\u00e1z\u00ed v N\u011bmecku, Belgii, Nizozemsku, Turecku a It\u00e1lii.<\/p>\n<p><em>\u201cPodle nez\u00e1visl\u00fdch expert\u016f je na americk\u00fdch leteck\u00fdch z\u00e1kladn\u00e1ch v t\u011bchto zem\u00edch rozm\u00edst\u011bno asi 150 hlavic,\u201d<\/em>\u00a0\u0159ekla na br\u00edfinku s\u00a0novin\u00e1\u0159i akreditovan\u00fdmi\u00a0p\u0159i\u00a0<a href=\"https:\/\/ria.ru\/organization_OON\/\" target=\"_blank\" rel=\"noreferrer noopener\">OSN.<\/a><\/p>\n<p>Sanders-Zakre dodala, \u017ee ICAN je neuv\u011b\u0159iteln\u011b znepokojen nasazen\u00edm tohoto typu zbran\u00ed v jak\u00e9koli evropsk\u00e9 zemi.\u00a0P\u0159ipomn\u011bla tak\u00e9 kub\u00e1nskou raketovou krizi a dodala, \u017ee takov\u00e9 akce jsou potenci\u00e1ln\u00edm spou\u0161t\u011bc\u00edm bodem, kter\u00fd zvy\u0161uje riziko jadern\u00e9 v\u00e1lky.<\/p>\n<p>Jak poznamenala Sanders-Zakre, v sou\u010dasn\u00e9 situaci jsou evropsk\u00e9 zem\u011b, kter\u00e9 vyz\u00fdvaj\u00ed cel\u00fd sv\u011bt k transparentnosti ohledn\u011b jadern\u00fdch zbran\u00ed, otev\u0159en\u011b pokryteck\u00e9.<\/p>\n<p><em>\u201cProto je tak d\u016fle\u017eit\u00e9 pod\u00edvat se na n\u00e1stroje, kter\u00e9 m\u00e1me ke zlep\u0161en\u00ed t\u00e9to transparentnosti, a polo\u017eit si ot\u00e1zky: co je to za bomby a kde se nach\u00e1zej\u00ed?\u201d\u00a0<\/em>zd\u016fraznila.<\/p>\n<p>ICAN\u00a0je mezin\u00e1rodn\u00ed ve\u0159ejn\u00e1 organizace zalo\u017een\u00e1 v roce 2007.\u00a0Jej\u00edm \u00fa\u010delem je podporovat p\u0159ijet\u00ed a prov\u00e1d\u011bn\u00ed Smlouvy o z\u00e1kazu jadern\u00fdch zbran\u00ed.<\/p>\n<p>Fialova vl\u00e1da mus\u00ed b\u00fdt postavena za kolaboraci s t\u011bmito zlo\u010dinci z USA p\u0159ed soud. U\u017e ch\u00e1pete pro\u010d Rusko um\u00edstilo sv\u00e9 jadern\u00e9 st\u0159ely do B\u011bloruska?!<\/p>\n<p><img decoding=\"async\" loading=\"lazy\" class=\"alignnone size-full wp-image-1185\" src=\"http:\/\/www.infokuryr.cz\/n\/wp-content\/uploads\/2021\/04\/kuryr-podpis.png\" alt=\"\" width=\"84\" height=\"24\" \/><\/p>\n<p>&nbsp;<\/p>\n<p>&nbsp;<\/p>\n<p><img decoding=\"async\" loading=\"lazy\" class=\"wp-image-19187 aligncenter\" src=\"http:\/\/www.infokuryr.cz\/n\/wp-content\/uploads\/2022\/12\/1-PRO-300x36.jpg\" alt=\"\" width=\"1317\" height=\"158\" srcset=\"https:\/\/www.infokuryr.cz\/n\/wp-content\/uploads\/2022\/12\/1-PRO-300x36.jpg 300w, https:\/\/www.infokuryr.cz\/n\/wp-content\/uploads\/2022\/12\/1-PRO.jpg 699w\" sizes=\"(max-width: 1317px) 100vw, 1317px\" \/><\/p>\n<p>&nbsp;<\/p>\n<p>&nbsp;<\/p>\n<p>&nbsp;<\/p>\n","protected":false},"excerpt":{"rendered":"<p>USA rozm\u00edstily asi 150 jadern\u00fdch hlavic na vojensk\u00fdch leteck\u00fdch z\u00e1kladn\u00e1ch v p\u011bti evropsk\u00fdch zem\u00edch. Uvedla&#8230;<\/p>\n","protected":false},"author":2,"featured_media":29276,"comment_status":"closed","ping_status":"closed","sticky":false,"template":"","format":"standard","meta":[],"categories":[7],"tags":[283,1069,37],"_links":{"self":[{"href":"https:\/\/www.infokuryr.cz\/n\/wp-json\/wp\/v2\/posts\/30074"}],"collection":[{"href":"https:\/\/www.infokuryr.cz\/n\/wp-json\/wp\/v2\/posts"}],"about":[{"href":"https:\/\/www.infokuryr.cz\/n\/wp-json\/wp\/v2\/types\/post"}],"author":[{"embeddable":true,"href":"https:\/\/www.infokuryr.cz\/n\/wp-json\/wp\/v2\/users\/2"}],"replies":[{"embeddable":true,"href":"https:\/\/www.infokuryr.cz\/n\/wp-json\/wp\/v2\/comments?post=30074"}],"version-history":[{"count":1,"href":"https:\/\/www.infokuryr.cz\/n\/wp-json\/wp\/v2\/posts\/30074\/revisions"}],"predecessor-version":[{"id":30075,"href":"https:\/\/www.infokuryr.cz\/n\/wp-json\/wp\/v2\/posts\/30074\/revisions\/30075"}],"wp:featuredmedia":[{"embeddable":true,"href":"https:\/\/www.infokuryr.cz\/n\/wp-json\/wp\/v2\/media\/29276"}],"wp:attachment":[{"href":"https:\/\/www.infokuryr.cz\/n\/wp-json\/wp\/v2\/media?parent=30074"}],"wp:term":[{"taxonomy":"category","embeddable":true,"href":"https:\/\/www.infokuryr.cz\/n\/wp-json\/wp\/v2\/categories?post=30074"},{"taxonomy":"post_tag","embeddable":true,"href":"https:\/\/www.infokuryr.cz\/n\/wp-json\/wp\/v2\/tags?post=30074"}],"curies":[{"name":"wp","href":"https:\/\/api.w.org\/{rel}","templated":true}]}}