{"id":30073,"date":"2023-06-13T06:10:10","date_gmt":"2023-06-13T04:10:10","guid":{"rendered":"http:\/\/www.infokuryr.cz\/n\/?p=30073"},"modified":"2023-06-13T06:10:10","modified_gmt":"2023-06-13T04:10:10","slug":"mirove-plany-pro-ukrajinsky-konflikt-a-sabotaz-ze-strany-kyjeva-a-zapadu","status":"publish","type":"post","link":"https:\/\/www.infokuryr.cz\/n\/2023\/06\/13\/mirove-plany-pro-ukrajinsky-konflikt-a-sabotaz-ze-strany-kyjeva-a-zapadu\/","title":{"rendered":"M\u00edrov\u00e9 pl\u00e1ny pro ukrajinsk\u00fd konflikt a sabot\u00e1\u017e ze strany Kyjeva a Z\u00e1padu"},"content":{"rendered":"<div id=\"fb-root\"><\/div>\n<p><strong>Odm\u00edt\u00e1n\u00edm m\u00edrov\u00fdch iniciativ se Z\u00e1pad a Ukrajina kompromituj\u00ed, ukazuj\u00ed svou vlastn\u00ed neschopnost a obracej\u00ed proti sob\u011b p\u00f3ly vznikaj\u00edc\u00edho multipol\u00e1rn\u00edho sv\u011bta.<\/strong><\/p>\n<p>Ukrajinsk\u00fd konflikt je\u0161t\u011b zdaleka neskon\u010dil a s\u00e1zky se zvy\u0161uj\u00ed. Nejhlasit\u011bj\u0161\u00ed zpr\u00e1vou tohoto t\u00fddne bylo zhroucen\u00ed p\u0159ehrady vodn\u00ed elektr\u00e1rny Kachovka, kter\u00e1 zaplavila rozs\u00e1hl\u00e9 oblasti po proudu \u0159eky Dn\u011bpr. V\u011bt\u0161inou v oblasti kontrolovan\u00e9 rusk\u00fdmi silami. Tajemn\u00edk rusk\u00e9 bezpe\u010dnostn\u00ed rady Patru\u0161ev prohl\u00e1sil, \u017ee Ukrajina vyhodila do pov\u011bt\u0159\u00ed p\u0159ehradu Kachovka: Kyjev nejprve provedl rozs\u00e1hl\u00e9 upou\u0161t\u011bn\u00ed vody v Dn\u011bpersk\u00e9 vodn\u00ed elektr\u00e1rn\u011b a pot\u00e9 ude\u0159il na vodn\u00ed elektr\u00e1rnu Kachovka. Ohro\u017eena je tak\u00e9 Z\u00e1poro\u017esk\u00e1 jadern\u00e1 elektr\u00e1rna, jej\u00ed\u017e \u00fadery Kyjeva mohou zp\u016fsobit nenapraviteln\u00e9 \u0161kody lidem i \u017eivotn\u00edmu prost\u0159ed\u00ed. Rusko ji\u017e prohl\u00e1silo, \u017ee na p\u0159\u00edpadn\u00e9 \u00fatoky Kyjeva na Z\u00e1poro\u017eskou JE bude reagovat velmi tvrd\u011b.<\/p>\n<p>T\u011bmto hroziv\u00fdm n\u00e1sledk\u016fm se dalo p\u0159edej\u00edt. Bylo navr\u017eeno n\u011bkolik mo\u017enost\u00ed deeskalace, ale poka\u017ed\u00e9 je ukrajinsk\u00e1 strana odm\u00edtla. Zva\u017eme jen n\u011bkolik z nich, kter\u00e9 mohly pomoci zabr\u00e1nit rozs\u00e1hl\u00e9mu ni\u010den\u00ed a \u00famrt\u00edm civilist\u016f i vojensk\u00e9ho person\u00e1lu.<\/p>\n<p><span style=\"font-size: 18pt;\"><strong>\u010c\u00ednsk\u00fd pl\u00e1n os\u00eddlen\u00ed: 12 pozic<\/strong><\/span><\/p>\n<p>Jeden z nejpropracovan\u011bj\u0161\u00edch pl\u00e1n\u016f ji\u017e d\u0159\u00edve\u00a0<a href=\"https:\/\/www.fmprc.gov.cn\/zyxw\/202302\/t20230224_11030707.shtml\">navrhla \u010c\u00edna<\/a>. Dvan\u00e1ctibodov\u00fd program Pekingu k ukon\u010den\u00ed nep\u0159\u00e1telstv\u00ed a zah\u00e1jen\u00ed m\u00edrov\u00fdch rozhovor\u016f se naz\u00fdv\u00e1 \u201epostoj \u010c\u00edny k politick\u00e9mu \u0159e\u0161en\u00ed ukrajinsk\u00e9 krize\u201c.<\/p>\n<p><strong>Mezi hlavn\u00ed body jedn\u00e1n\u00ed pat\u0159\u00ed:<\/strong><\/p>\n<ul>\n<li>Respektov\u00e1n\u00ed suverenity a mezin\u00e1rodn\u00edho pr\u00e1va bez \u201edvoj\u00edch standard\u016f\u201c;<\/li>\n<li>Odm\u00edtnut\u00ed my\u0161len\u00ed studen\u00e9 v\u00e1lky, \u017ee bezpe\u010dnosti jedn\u00e9 zem\u011b nelze dos\u00e1hnout na \u00fakor bezpe\u010dnosti jin\u00fdch st\u00e1t\u016f a \u017ee \u201eregion\u00e1ln\u00ed bezpe\u010dnosti nelze dos\u00e1hnout posilov\u00e1n\u00edm nebo roz\u0161i\u0159ov\u00e1n\u00edm vojensk\u00fdch blok\u016f\u201c. V objasn\u011bn\u00ed se uv\u00e1d\u00ed, \u017ee takov\u00fd p\u0159\u00edstup \u201evylu\u010duje vytv\u00e1\u0159en\u00ed t\u00e1borov\u00fdch konfrontac\u00ed\u201c;<\/li>\n<li>P\u0159\u00edm\u011b\u0159\u00ed: z\u00e1vazek nevyhrocovat konflikt, zm\u00edrnit jeho eskalaci a obnovit p\u0159\u00edm\u00fd dialog mezi Ruskem a Ukrajinou;<\/li>\n<li>M\u00edrov\u00e1 jedn\u00e1n\u00ed zprost\u0159edkovan\u00e1 na mezin\u00e1rodn\u00ed \u00farovni;<\/li>\n<li>\u0158e\u0161en\u00ed humanit\u00e1rn\u00ed krize vytvo\u0159en\u00edm humanit\u00e1rn\u00edch koridor\u016f pro evakuaci, humanit\u00e1rn\u00ed pomoc apod.;<\/li>\n<li>Ochrana civilist\u016f a v\u00e1le\u010dn\u00fdch zajatc\u016f a civiln\u00edch objekt\u016f;<\/li>\n<li>Samostatn\u011b \u010c\u00edna zd\u016fraznila v\u00fdznam zabezpe\u010den\u00ed jadern\u00fdch elektr\u00e1ren, kter\u00e9 je v sou\u010dasn\u00e9 dob\u011b obzvl\u00e1\u0161t\u011b d\u016fle\u017eit\u00e9 (zamezen\u00ed \u00fatok\u016fm na m\u00edrov\u00e1 jadern\u00e1 za\u0159\u00edzen\u00ed);<\/li>\n<li>Sn\u00ed\u017een\u00ed rizik, v\u010detn\u011b pou\u017eit\u00ed jadern\u00fdch, biologick\u00fdch, chemick\u00fdch a dal\u0161\u00edch zbran\u00ed;<\/li>\n<li>Z\u00e1ruka odstran\u011bn\u00ed zrn;<\/li>\n<li>Ukon\u010den\u00ed jednostrann\u00fdch sankc\u00ed, kter\u00e9 \u201enejen\u017ee probl\u00e9my nevy\u0159e\u0161\u00ed, ale naopak vytvo\u0159\u00ed nov\u00e9\u201c;<\/li>\n<li>Zaji\u0161t\u011bn\u00ed stability v\u00fdrobn\u00edch a dodavatelsk\u00fdch \u0159et\u011bzc\u016f a ochrana glob\u00e1ln\u00ed ekonomiky p\u0159ed politizac\u00ed;<\/li>\n<li>Podpora pov\u00e1le\u010dn\u00e9 obnovy.<\/li>\n<\/ul>\n<p>Rusk\u00fd prezident Vladimir Putin na tiskov\u00e9 konferenci po jedn\u00e1n\u00ed s \u010d\u00ednsk\u00fdm prezidentem Si \u0164in-pchingem zd\u016fraznil, \u017ee \u010d\u00ednsk\u00fd pl\u00e1n by se mohl st\u00e1t funk\u010dn\u00edm, pokud by na n\u011bj Kyjev a Z\u00e1pad byly p\u0159ipraveny. \u201eZat\u00edm v\u0161ak takovou p\u0159ipravenost z jejich strany nepozorujeme,\u201c dodal prezident.<\/p>\n<p><span style=\"font-size: 18pt;\"><strong>Indon\u00e9sk\u00fd pl\u00e1n: demilitarizovan\u00e1 z\u00f3na a m\u00edrov\u00e9 s\u00edly<\/strong><\/span><\/p>\n<p>Indon\u00e9sk\u00fd ministr obrany gener\u00e1l Prabowo Subianto navrhl vlastn\u00ed pl\u00e1n urovn\u00e1n\u00ed situace na Ukrajin\u011b. Zahrnuje p\u0159edev\u0161\u00edm vytvo\u0159en\u00ed demilitarizovan\u00e9 z\u00f3ny a rozm\u00edst\u011bn\u00ed m\u00edrov\u00fdch sil OSN. Jakarta navrhla uzav\u0159\u00edt p\u0159\u00edm\u011b\u0159\u00ed s p\u0159ihl\u00e9dnut\u00edm k pozic\u00edm, kter\u00e9 v sou\u010dasn\u00e9 dob\u011b zast\u00e1vaj\u00ed rusk\u00e1 a ukrajinsk\u00e1 strana. Indon\u00e9sie rovn\u011b\u017e navrhla uspo\u0159\u00e1dat referendum o sporn\u00fdch \u00fazem\u00edch pod z\u00e1\u0161titou OSN a p\u0159ijmout prohl\u00e1\u0161en\u00ed o zah\u00e1jen\u00ed jedn\u00e1n\u00ed mezi Ruskem a Ukrajinou.<\/p>\n<p>Subianto odk\u00e1zal na korejsk\u00e9 zku\u0161enosti s \u0159e\u0161en\u00edm konflikt\u016f (demilitarizovan\u00e1 z\u00f3na, udr\u017eov\u00e1n\u00ed m\u00edru a referendum).<\/p>\n<p>Pl\u00e1n v\u0161ak odm\u00edtla i Ukrajina. Ministerstvo obrany jej ozna\u010dilo za \u201epodivn\u00fd\u201c a podobn\u00fd rusk\u00e9mu a Kyjev odm\u00edtl my\u0161lenku demilitarizovan\u00fdch z\u00f3n. Pro Kyjev je nep\u0159ijateln\u00e9 zpochyb\u0148ovat suverenitu Ukrajiny na \u00fazem\u00edch, kter\u00e1 pova\u017euje za sv\u00e1 (Krym, Z\u00e1poro\u017esk\u00e1 a Chersonsk\u00e1 oblast a Donbas).<\/p>\n<p><span style=\"font-size: 18pt;\"><strong>Pape\u017e\u016fv pl\u00e1n<\/strong><\/span><\/p>\n<p>Leonid Sevastjanov, tzv. p\u0159edseda Sv\u011btov\u00e9ho svazu starousedl\u00edk\u016f (WUP), \u0159ekl agentu\u0159e RIA Novosti, \u017ee pape\u017e Franti\u0161ek m\u00e1 tak\u00e9 pl\u00e1n na urovn\u00e1n\u00ed sporu.<\/p>\n<p>V Sevastianov\u011b p\u0159evypr\u00e1v\u011bn\u00ed pape\u017e navrhl tezi o rovn\u00e9 odpov\u011bdnosti za ka\u017ed\u00fd konflikt a c\u00edl \u201espravedliv\u00e9ho m\u00edru\u201c s inkluz\u00ed. Mezi priority pat\u0159\u00ed \u017eivot a zdrav\u00ed a n\u00e1strojem urovn\u00e1n\u00ed jsou vatik\u00e1nsk\u00e1 jedn\u00e1n\u00ed. Podle n\u011bj v konfliktu nikdy nen\u00ed jen jedna vinn\u00e1 strana.<\/p>\n<p>Pape\u017e tak\u00e9 reprodukoval teze Karla Poppera o \u201eotev\u0159en\u00e9 spole\u010dnosti\u201c, kter\u00e9 p\u0159evzali modern\u00ed neoliber\u00e1lov\u00e9: jeden sv\u011bt pro v\u0161echny bez zd\u00ed a hranic je podle n\u011bj z\u00e1rukou spravedliv\u00e9 existence. \u201e<em>Rusko, Ukrajina a Evropa jsou sou\u010d\u00e1st\u00ed jednoho inkluzivn\u00edho sv\u011bta pro v\u0161echny! M\u00edsto v\u00e1lky \u2013 spolupr\u00e1ce a budov\u00e1n\u00ed jednotn\u00e9ho spravedliv\u00e9ho socioekonomick\u00e9ho prostoru. Kultura, jazyk, n\u00e1rodnost a v\u00edra ka\u017ed\u00e9ho \u010dlov\u011bka maj\u00ed b\u00fdt chr\u00e1n\u011bny a respektov\u00e1ny.<\/em>\u201c<\/p>\n<p>V\u0161echny tyto teze v\u0161ak konflikt ne\u0159e\u0161\u00ed, ale pouze reprodukuj\u00ed z\u00e1padn\u00ed diskurz, kter\u00fd byl Ukrajinc\u016fm vnucov\u00e1n po desetilet\u00ed a kter\u00fd do zna\u010dn\u00e9 m\u00edry zp\u016fsobil sou\u010dasn\u00e9 ud\u00e1losti. Jedin\u00fdm rozumn\u00fdm n\u00e1vrhem pape\u017ee byla v\u00fdzva k zastaven\u00ed dod\u00e1vek z\u00e1padn\u00edch zbran\u00ed na Ukrajinu. Sevastjanovy v\u00fdroky je v\u0161ak t\u0159eba br\u00e1t s rezervou, nebo\u0165 s\u00e1m Vatik\u00e1n o sv\u00e9 m\u00edrov\u00e9 misi rad\u011bji nemluv\u00ed.<\/p>\n<p>S\u00e1m pape\u017e Franti\u0161ek uvedl, \u017ee o konfliktu na Ukrajin\u011b jednal s p\u0159edstavitelem rusk\u00e9 pravoslavn\u00e9 c\u00edrkve, ma\u010farsk\u00fdm a budape\u0161\u0165sk\u00fdm metropolitou Hilarionem (Alfejevem), a ma\u010farsk\u00fdm prezidentem Viktorem Orb\u00e1nem v dubnu 2023 b\u011bhem n\u00e1v\u0161t\u011bvy t\u00e9to zem\u011b. Pape\u017eov\u00fdm vyslancem pro \u0159e\u0161en\u00ed ukrajinsk\u00e9 krize se stal kardin\u00e1l Matteo Zuppi, kter\u00fd je Kyjevu naklon\u011bn. Se Zelensk\u00fdm se ji\u017e setkal, ale Vatik\u00e1n zat\u00edm nepodnikl \u017e\u00e1dn\u00e9 praktick\u00e9 kroky k uspo\u0159\u00e1d\u00e1n\u00ed n\u00e1v\u0161t\u011bvy pape\u017eova vyslance v Moskv\u011b.<\/p>\n<p><span style=\"font-size: 18pt;\"><strong>Brazilsk\u00fd sc\u00e9n\u00e1\u0159<\/strong><\/span><\/p>\n<p>Brazilsk\u00fd prezident Luiz In\u00e1cio Lula da Silva zase navrhuje z\u0159\u00edzen\u00ed tzv. \u201em\u00edrov\u00e9ho klubu\u201c za \u00fa\u010dasti \u010c\u00edny, kter\u00fd by \u0159e\u0161il ukrajinskou ot\u00e1zku. Podle n\u011bj by se skupina zem\u00ed mohla st\u00e1t prost\u0159edn\u00edky \u2013 nejsou p\u0159\u00edmo zapojeny do ozbrojen\u00e9 konfrontace a budou schopny st\u0159\u00edzliv\u011b posoudit situaci. Pat\u0159\u00ed mezi n\u011b \u010c\u00edna, Braz\u00edlie, Indon\u00e9sie a Indie.<\/p>\n<p>Brazilsk\u00fd v\u016fdce z\u00e1rove\u0148 prohl\u00e1sil, \u017ee Ukrajina by se m\u011bla vzd\u00e1t sv\u00fdch n\u00e1rok\u016f na Krym a uznat jej za rusk\u00fd, co\u017e m\u016f\u017ee slou\u017eit jako z\u00e1klad pro dosa\u017een\u00ed m\u00edru. Pokud jde o ostatn\u00ed \u00fazem\u00ed, kter\u00e1 se stala sou\u010d\u00e1st\u00ed Rusk\u00e9 federace, je t\u0159eba situaci \u201ep\u0159ehodnotit\u201c.<\/p>\n<p>\u201e<em>Mo\u017en\u00e1 se bude jednat o Krymu. Zelenskij tak\u00e9 nem\u016f\u017ee cht\u00edt dostat v\u0161echno. Sv\u011bt pot\u0159ebuje m\u00edr. Mus\u00edme naj\u00edt \u0159e\u0161en\u00ed,<\/em>\u201c \u0159ekl prezident.<\/p>\n<p>Je d\u016fle\u017eit\u00e9 poznamenat, \u017ee Lula ji\u017e d\u0159\u00edve nepodpo\u0159il dod\u00e1vky vojensk\u00e9 pomoci Ukrajin\u011b a na setk\u00e1n\u00ed s n\u011bmeck\u00fdm kancl\u00e9\u0159em Olafem Scholzem zd\u016fraznil, \u017ee jeho zem\u011b se odm\u00edt\u00e1 na dod\u00e1vk\u00e1ch pod\u00edlet.<\/p>\n<p>Op\u011bt to byl Kyjev, kter\u00fd mo\u017enost pl\u00e1nu p\u0159edem pop\u0159el s t\u00edm, \u017ee Krym \u201enebude vyd\u00e1n\u201c.<\/p>\n<p><span style=\"font-size: 18pt;\"><strong>Africk\u00e1 nab\u00eddka<\/strong><\/span><\/p>\n<p>Dal\u0161\u00ed \u010derstv\u00e1 iniciativa p\u0159ich\u00e1z\u00ed z africk\u00e9ho kontinentu. Navrhlo ji \u0161est zem\u00ed \u2013 Jihoafrick\u00e1 republika, Uganda, Kongo, Zambie, Egypt a Senegal. Potvrdil to jihoafrick\u00fd prezident Cyril Ramaphosa: podle jeho slov budou k projedn\u00e1n\u00ed iniciativy vysl\u00e1ny delegace jak do Moskvy, tak do Kyjeva (je pravd\u011bpodobn\u00e9, \u017ee deleg\u00e1ti nejprve nav\u0161t\u00edv\u00ed Kyjev a pot\u00e9 Moskvu). P\u0159edb\u011b\u017en\u011b se bude jednat o slo\u017een\u00fd pl\u00e1n slo\u017een\u00fd z prvk\u016f r\u016fzn\u00fdch existuj\u00edc\u00edch m\u00edrov\u00fdch iniciativ.<\/p>\n<p>Dal\u0161\u00ed podrobnosti o programu pl\u00e1nuj\u00ed zem\u011b sd\u011blit na summitu Rusko-Afrika, kter\u00fd se bude konat koncem \u010dervence v Petrohrad\u011b.<\/p>\n<p>Iniciativu v\u00edtaj\u00ed i dal\u0161\u00ed africk\u00e9 zem\u011b: zejm\u00e9na St\u0159edoafrick\u00e1 republika uv\u00edtala diskusi o m\u00edrov\u00e9m pl\u00e1nu \u2013 nav\u00edc navrhla, aby Afrika bojovala proti kolonialismu stejn\u00fdm zp\u016fsobem, jak\u00fdm proti syst\u00e9mu bojuje Rusko, a to navzdory mezin\u00e1rodn\u00edm sankc\u00edm.<\/p>\n<p>Podle velvyslance St\u0159edoafrick\u00e9 republiky v Rusku bude na programu summitu t\u00e9ma Ukrajiny, nebo\u0165 je d\u016fle\u017eit\u00e9, aby africk\u00e9 zem\u011b vyj\u00e1d\u0159ily Rusku svou podporu tv\u00e1\u0159\u00ed v tv\u00e1\u0159 sankc\u00edm.<\/p>\n<p>V tomto p\u0159\u00edpad\u011b jsou to z\u00e1padn\u00ed \u201epartne\u0159i\u201c Kyjeva, kte\u0159\u00ed se sna\u017e\u00ed zablokovat iniciativu t\u00edm, \u017ee se sna\u017e\u00ed odradit Afri\u010dany od cesty do Moskvy. T\u00edm Z\u00e1pad p\u0159izn\u00e1v\u00e1, \u017ee z\u00e1m\u011brn\u011b br\u00e1n\u00ed stran\u00e1m v dosa\u017een\u00ed m\u00edrov\u00e9 dohody a p\u0159il\u00e9v\u00e1 olej do ohn\u011b.<\/p>\n<p>\u2011USA a jejich vazalov\u00e9 d\u011blaj\u00ed v\u0161e pro to, aby dos\u00e1hli mezin\u00e1rodn\u00ed izolace Ruska,\u201c komentoval to rusk\u00fd ministr zahrani\u010d\u00ed Sergej Lavrov, \u201ezejm\u00e9na se sna\u017e\u00ed torp\u00e9dovatdruh\u00fd summit Rusko-Afrikam\u00e1 konat koncem \u010dervence vPetrohrad\u011b, a odradit na\u0161e africk\u00e9 p\u0159\u00e1tele od \u00fa\u010dasti na n\u011bm.\u201c<\/p>\n<p>Navzdory pokus\u016fm o zma\u0159en\u00ed summitu ji\u017e Putin a jihoafrick\u00fd prezident jednali o africk\u00e9 iniciativ\u011b na urovn\u00e1n\u00ed situace na Ukrajin\u011b. Vedouc\u00ed p\u0159edstavitel\u00e9 se dohodli, \u017ee v bl\u00edzk\u00e9 budoucnosti p\u0159ijmou v Moskv\u011b delegace z Afriky.<\/p>\n<p><span style=\"font-size: 18pt;\"><strong>Z\u00e1v\u011bry<\/strong><\/span><\/p>\n<p>Pozorujeme, \u017ee iniciativy k \u0159e\u0161en\u00ed konflikt\u016f jsou hojn\u00e9: mnoh\u00e9 z nich poch\u00e1zej\u00ed z glob\u00e1ln\u00edho Jihu, kter\u00e9mu glob\u00e1ln\u00ed eskalace konfrontace mezi Ruskem a Z\u00e1padem zp\u016fsobila v\u00e1\u017en\u00e9 n\u00e1klady. Zpravidla navrhuj\u00ed mechanismy, kter\u00e9 glob\u00e1ln\u00ed Sever d\u0159\u00edve uplat\u0148oval v\u016f\u010di zem\u00edm t\u0159et\u00edho sv\u011bta, co\u017e vedlo mimo jin\u00e9 k p\u0159ekreslen\u00ed hranic v t\u011bchto regionech.<\/p>\n<p>V sou\u010dasn\u00e9m konfliktu v\u0161ak Z\u00e1pad demonstruje politiku dvoj\u00edch standard\u016f a odm\u00edt\u00e1 uva\u017eovat o samotn\u00e9 mo\u017enosti opustit my\u0161lenku, \u017ee ukrajinsk\u00e9 hranice z roku 1991 jsou nedotknuteln\u00e9.<\/p>\n<p>Je tak\u00e9 z\u0159ejm\u00e9, \u017ee rusk\u00e9 veden\u00ed nejen\u017ee naslouch\u00e1 n\u00e1zor\u016fm zem\u00ed glob\u00e1ln\u00edho Jihu, bere je v \u00favahu a je otev\u0159eno spolupr\u00e1ci, ale je tak\u00e9 p\u0159ipraveno zah\u00e1jit procesy deeskalace. Je to v\u0161ak Kyjev a Z\u00e1pad, kdo pop\u00edr\u00e1 nebo sabotuje pokusy o zastaven\u00ed konfliktu. Za t\u011bchto okolnost\u00ed pad\u00e1 ve\u0161ker\u00e1 odpov\u011bdnost za d\u016fsledky eskalace konfliktu na bedra z\u00e1padn\u00edch elit a jejich satelitu, Ukrajiny. Rusko nem\u00e1 jinou mo\u017enost ne\u017e br\u00e1nit svou suverenitu a bezpe\u010dnost, volbu obyvatel Krymu, Donbasu, Chersonsk\u00e9 a Z\u00e1poro\u017esk\u00e9 oblasti st\u00e1t se sou\u010d\u00e1st\u00ed Ruska. To vy\u017eaduje drtivou por\u00e1\u017eku Zelensk\u00e9ho re\u017eimu.<\/p>\n<p>Probl\u00e9mem (Kyjeva a Z\u00e1padu) je, \u017ee sv\u011bt p\u0159est\u00e1v\u00e1 v\u011b\u0159it jejich slov\u016fm a prohl\u00e1\u0161en\u00edm. Odm\u00edt\u00e1n\u00edm m\u00edrov\u00fdch iniciativ se pouze kompromituj\u00ed a ukazuj\u00ed vlastn\u00ed ned\u016fv\u011bryhodnost a obracej\u00ed proti sob\u011b p\u00f3ly vznikaj\u00edc\u00edho multipol\u00e1rn\u00edho sv\u011bta.<\/p>\n<p><a href=\"https:\/\/katehon.com\/ru\/article\/mirnye-plany-po-ukrainskomu-konfliktu-i-sabotazh-kieva-i-zapada\">\u041c\u0418\u0420\u041d\u042b\u0415 \u041f\u041b\u0410\u041d\u042b \u041f\u041e \u0423\u041a\u0420\u0410\u0418\u041d\u0421\u041a\u041e\u041c\u0423 \u041a\u041e\u041d\u0424\u041b\u0418\u041a\u0422\u0423 \u0418 \u0421\u0410\u0411\u041e\u0422\u0410\u0416 \u041a\u0418\u0415\u0412\u0410 \u0418 \u0417\u0410\u041f\u0410\u0414\u0410<\/a> vy\u0161el 9.6.2023 na katehon.com. P\u0159eklad\u00a0<a href=\"https:\/\/zvedavec.news\/komentare\/2023\/06\/9669-mirove-plany-pro-ukrajinsky-konflikt-a-sabotaz-ze-strany-kyjeva-a-zapadu.htm\">Zvedavec.org<\/a><\/p>\n<p>&nbsp;<\/p>\n<p>&nbsp;<\/p>\n<p>&nbsp;<\/p>\n<p><img decoding=\"async\" loading=\"lazy\" class=\"wp-image-19187 aligncenter\" src=\"http:\/\/www.infokuryr.cz\/n\/wp-content\/uploads\/2022\/12\/1-PRO-300x36.jpg\" alt=\"\" width=\"1308\" height=\"157\" srcset=\"https:\/\/www.infokuryr.cz\/n\/wp-content\/uploads\/2022\/12\/1-PRO-300x36.jpg 300w, https:\/\/www.infokuryr.cz\/n\/wp-content\/uploads\/2022\/12\/1-PRO.jpg 699w\" sizes=\"(max-width: 1308px) 100vw, 1308px\" \/><\/p>\n<p>&nbsp;<\/p>\n<p>&nbsp;<\/p>\n<p>&nbsp;<\/p>\n","protected":false},"excerpt":{"rendered":"<p>Odm\u00edt\u00e1n\u00edm m\u00edrov\u00fdch iniciativ se Z\u00e1pad a Ukrajina kompromituj\u00ed, ukazuj\u00ed svou vlastn\u00ed neschopnost a obracej\u00ed proti&#8230;<\/p>\n","protected":false},"author":2,"featured_media":28259,"comment_status":"closed","ping_status":"closed","sticky":false,"template":"","format":"standard","meta":[],"categories":[7],"tags":[565,4030,26,365],"_links":{"self":[{"href":"https:\/\/www.infokuryr.cz\/n\/wp-json\/wp\/v2\/posts\/30073"}],"collection":[{"href":"https:\/\/www.infokuryr.cz\/n\/wp-json\/wp\/v2\/posts"}],"about":[{"href":"https:\/\/www.infokuryr.cz\/n\/wp-json\/wp\/v2\/types\/post"}],"author":[{"embeddable":true,"href":"https:\/\/www.infokuryr.cz\/n\/wp-json\/wp\/v2\/users\/2"}],"replies":[{"embeddable":true,"href":"https:\/\/www.infokuryr.cz\/n\/wp-json\/wp\/v2\/comments?post=30073"}],"version-history":[{"count":0,"href":"https:\/\/www.infokuryr.cz\/n\/wp-json\/wp\/v2\/posts\/30073\/revisions"}],"wp:featuredmedia":[{"embeddable":true,"href":"https:\/\/www.infokuryr.cz\/n\/wp-json\/wp\/v2\/media\/28259"}],"wp:attachment":[{"href":"https:\/\/www.infokuryr.cz\/n\/wp-json\/wp\/v2\/media?parent=30073"}],"wp:term":[{"taxonomy":"category","embeddable":true,"href":"https:\/\/www.infokuryr.cz\/n\/wp-json\/wp\/v2\/categories?post=30073"},{"taxonomy":"post_tag","embeddable":true,"href":"https:\/\/www.infokuryr.cz\/n\/wp-json\/wp\/v2\/tags?post=30073"}],"curies":[{"name":"wp","href":"https:\/\/api.w.org\/{rel}","templated":true}]}}