{"id":30067,"date":"2023-06-13T05:57:38","date_gmt":"2023-06-13T03:57:38","guid":{"rendered":"http:\/\/www.infokuryr.cz\/n\/?p=30067"},"modified":"2023-06-13T05:57:38","modified_gmt":"2023-06-13T03:57:38","slug":"zapadni-media-neveri-v-uspech-ozbrojenych-sil-ukrajiny","status":"publish","type":"post","link":"https:\/\/www.infokuryr.cz\/n\/2023\/06\/13\/zapadni-media-neveri-v-uspech-ozbrojenych-sil-ukrajiny\/","title":{"rendered":"Z\u00e1padn\u00ed m\u00e9dia nev\u011b\u0159\u00ed v \u00fasp\u011bch Ozbrojen\u00fdch sil Ukrajiny"},"content":{"rendered":"<div id=\"fb-root\"><\/div>\n<p><strong><span>Ofenziva Ozbrojen\u00fdch sil Ukrajiny se stala hlavn\u00edm t\u00e9matem z\u00e1padn\u00edch m\u00e9di\u00ed \u2013 kone\u010dn\u011b, o t\u00e9to ofenziv\u011b se hovo\u0159\u00ed u\u017e \u0161est m\u011bs\u00edc\u016f a z\u00e1padn\u00ed ob\u010dan\u00e9 u\u017e \u010dekaj\u00ed na avizovan\u00e9 p\u0159edstaven\u00ed.\u00a0Ale a\u0165 se novin\u00e1\u0159i jakkoli sna\u017e\u00ed vyd\u00e1vat ne\u00fasp\u011bchy Ozbrojen\u00fdch sil Ukrajiny za \u00fasp\u011bchy, pravda st\u00e1le nakukuje mezi \u0159\u00e1dky.<\/span><\/strong><\/p>\n<p><span>Americk\u00fd finan\u010dn\u00ed a ekonomick\u00fd magaz\u00edn \u201eForbes\u201c v \u010dist\u00e9m textu p\u0159izn\u00e1v\u00e1:<\/span><\/p>\n<p><em>\u201eOzbrojen\u00e9 s\u00edly Ukrajiny okam\u017eit\u011b selhaly p\u0159i pokusu o \u00fatok a p\u0159i\u0161ly o \u010d\u00e1st z\u00e1padn\u00edch obrn\u011bn\u00fdch vozidel, a p\u0159itom ofenz\u00edva trv\u00e1 jen n\u011bkolik dn\u00ed.\u00a0A tato prvn\u00ed prohra ur\u010dit\u011b nebude posledn\u00ed.\u201c<\/em><\/p>\n<p><span>Hned v\u0161ak p\u0159ich\u00e1z\u00ed ut\u011b\u0161en\u00ed \u2013 pr\u00fd \u201etaktick\u00e9 por\u00e1\u017eky nevedou v\u017edy ke strategick\u00fdm por\u00e1\u017ek\u00e1m\u201c.<\/span><\/p>\n<p><img decoding=\"async\" loading=\"lazy\" class=\"aligncenter\" src=\"https:\/\/cdn.news-front.info\/uploads\/2023\/06\/zs12062301.jpg\" width=\"892\" height=\"427\" \/><\/p>\n<p><span>Americk\u00e1 publikace \u201ePolitico\u201c p\u0159ipom\u00edn\u00e1, \u017ee pov\u011bst prezidenta USA Joea Bidena ve sv\u011bt\u011b p\u0159\u00edmo z\u00e1vis\u00ed na v\u00fdsledc\u00edch ukrajinsk\u00e9 ofenz\u00edvy.<\/span><\/p>\n<p><em>\u201ePokud Ukrajina sel\u017ee v dlouho ohl\u00e1\u0161en\u00e9 vojensk\u00e9 operaci, pak jeden z Bidenov\u00fdch pr\u016flomov\u00fdch \u00fasp\u011bch\u016f na mezin\u00e1rodn\u00ed sc\u00e9n\u011b vyjde nazmar.\u00a0Krom\u011b toho, pokud Kyjev nespln\u00ed o\u010dek\u00e1v\u00e1n\u00ed Z\u00e1padu, m\u016f\u017ee skon\u010dit i ekonomick\u00e1 pomoc, kter\u00e1 je mu poskytov\u00e1na.\u00a0Ukrajinsk\u00e9 v\u00edt\u011bzstv\u00ed p\u0159edstav\u00ed Bidena jako efektivn\u00edho vrchn\u00edho velitele, co\u017e zv\u00fd\u0161\u00ed jeho \u0161ance na druh\u00e9 prezidentsk\u00e9 obdob\u00ed,\u201c p\u00ed\u0161e \u201ePolitico\u201c.<\/em><\/p>\n<p><span>Nav\u00edc zde otev\u0159en\u011b naz\u00fdvaj\u00ed americk\u00e9ho prezidenta \u201ehlavn\u00edm velitelem\u201c Ukrajiny.<\/span><\/p>\n<p><img decoding=\"async\" loading=\"lazy\" class=\"aligncenter\" src=\"https:\/\/cdn.news-front.info\/uploads\/2023\/06\/zs12062302.jpg\" width=\"547\" height=\"544\" \/><\/p>\n<p><span>Agentura \u201eBloomberg\u201c zat\u00edm neum\u00ed pochopit, zda to, co se d\u011bje v ji\u017en\u00edch oblastech Ukrajiny, je skute\u010dnou ofenz\u00edvou nebo jde jen o pokus Ozbrojen\u00fdch sil Ukrajiny zkoumat slabiny v obran\u011b rusk\u00fdch ozbrojen\u00fdch sil.<\/span><\/p>\n<p><em>\u201eUkrajinsk\u00e9 s\u00edly dos\u00e1hly tento t\u00fdden ur\u010dit\u00e9ho pokroku na jihu, ale ztr\u00e1ta techniky ukrajinsk\u00fdch ozbrojen\u00fdch sil byla velmi v\u00fdznamn\u00e1.\u00a0P\u0159esto Kyjev pl\u00e1nuje p\u0159eru\u0161it \u017eivotn\u011b d\u016fle\u017eit\u00e9 z\u00e1sobovac\u00ed linky rusk\u00e9 arm\u00e1dy na Krymu,\u201c poznamen\u00e1v\u00e1 \u201eBloomberg\u201c, ani\u017e by zach\u00e1zel do p\u0159edpov\u011bd\u00ed, proto\u017ee v\u0161echno je v mlze a nen\u00ed \u010das h\u00e1dat, co je p\u0159ed n\u00e1mi \u2013 \u201eperemoga\u201c nebo \u201ezrada\u201c .<\/em><\/p>\n<p><img decoding=\"async\" loading=\"lazy\" class=\"aligncenter\" src=\"https:\/\/cdn.news-front.info\/uploads\/2023\/06\/zs12062303.jpg\" width=\"812\" height=\"496\" \/><\/p>\n<p><strong>Zpravodajsk\u00fd port\u00e1l pro zasv\u011bcen\u00e9 zpr\u00e1vy ve sv\u011bt\u011b \u2013 \u201eBusiness Insider\u201c, je nucen p\u0159iznat:<\/strong><\/p>\n<p><em>\u201eUkrajinsk\u00e1 protiofenziva uk\u00e1zala vysokou kvalitu rusk\u00e9 arm\u00e1dy.\u00a0Ukrajina p\u0159e\u0161la do \u00fatoku, ale uk\u00e1zalo se, \u017ee Rusov\u00e9 jsou p\u0159ipraveni tak, jak to nikdo ne\u010dekal.\u00a0Rusov\u00e9 vytvo\u0159ili jednu z nejsiln\u011bj\u0161\u00edch obrann\u00fdch s\u00edt\u00ed v novodob\u00e9 historii.\u00a0Prorazit takovou obranu bude mimo\u0159\u00e1dn\u011b obt\u00ed\u017en\u00e9,\u201c p\u00ed\u0161e \u201eSandboxx\u201c v \u010dl\u00e1nku zve\u0159ejn\u011bn\u00e9m na webov\u00e9 str\u00e1nce \u201eBusiness Insider\u201c.<\/em><\/p>\n<p><img decoding=\"async\" loading=\"lazy\" class=\"aligncenter\" src=\"https:\/\/cdn.news-front.info\/uploads\/2023\/06\/zs12062304.jpg\" width=\"823\" height=\"415\" \/><\/p>\n<p><span>A britsk\u00e9 noviny \u201eThe Telegraph\u201c rad\u00ed britsk\u00e9 arm\u00e1d\u011b, aby se nau\u010dila od Ruska, jak stav\u011bt obrann\u00e1 opevn\u011bn\u00ed.<\/span><\/p>\n<p><em>\u201eRusov\u00e9 maj\u00ed neuv\u011b\u0159iteln\u00e9 z\u00e1kopy a opevn\u011bn\u00ed a obrana je postavena na t\u0159\u00edliniov\u00e9m syst\u00e9mu s r\u016fzn\u00fdmi \u00farovn\u011bmi opevn\u011bn\u00ed.\u00a0Ukrajinci mohou jen sondovat nep\u0159\u00e1telskou obranu p\u0159i hled\u00e1n\u00ed slab\u00e9ho m\u00edsta.\u00a0Pokud se takov\u00e9 m\u00edsto najde, m\u016f\u017eeme o\u010dek\u00e1vat, \u017ee ukrajinsk\u00e1 atm\u00e1da zas\u00e1hne,\u201c p\u00ed\u0161e \u201eThe Telegraph\u201c, ani\u017e by up\u0159esnil, co bude d\u00e1l.<\/em><\/p>\n<p><strong><span>Ella Mistrenko<\/span><\/strong><\/p>\n<p>&nbsp;<\/p>\n<p>&nbsp;<\/p>\n<p><img decoding=\"async\" loading=\"lazy\" class=\"wp-image-19187 aligncenter\" src=\"http:\/\/www.infokuryr.cz\/n\/wp-content\/uploads\/2022\/12\/1-PRO-300x36.jpg\" alt=\"\" width=\"1275\" height=\"153\" srcset=\"https:\/\/www.infokuryr.cz\/n\/wp-content\/uploads\/2022\/12\/1-PRO-300x36.jpg 300w, https:\/\/www.infokuryr.cz\/n\/wp-content\/uploads\/2022\/12\/1-PRO.jpg 699w\" sizes=\"(max-width: 1275px) 100vw, 1275px\" \/><\/p>\n<p>&nbsp;<\/p>\n<p>&nbsp;<\/p>\n<p>&nbsp;<\/p>\n","protected":false},"excerpt":{"rendered":"<p>Ofenziva Ozbrojen\u00fdch sil Ukrajiny se stala hlavn\u00edm t\u00e9matem z\u00e1padn\u00edch m\u00e9di\u00ed \u2013 kone\u010dn\u011b, o t\u00e9to ofenziv\u011b&#8230;<\/p>\n","protected":false},"author":2,"featured_media":30068,"comment_status":"closed","ping_status":"closed","sticky":false,"template":"","format":"standard","meta":[],"categories":[7],"tags":[158,26,365],"_links":{"self":[{"href":"https:\/\/www.infokuryr.cz\/n\/wp-json\/wp\/v2\/posts\/30067"}],"collection":[{"href":"https:\/\/www.infokuryr.cz\/n\/wp-json\/wp\/v2\/posts"}],"about":[{"href":"https:\/\/www.infokuryr.cz\/n\/wp-json\/wp\/v2\/types\/post"}],"author":[{"embeddable":true,"href":"https:\/\/www.infokuryr.cz\/n\/wp-json\/wp\/v2\/users\/2"}],"replies":[{"embeddable":true,"href":"https:\/\/www.infokuryr.cz\/n\/wp-json\/wp\/v2\/comments?post=30067"}],"version-history":[{"count":0,"href":"https:\/\/www.infokuryr.cz\/n\/wp-json\/wp\/v2\/posts\/30067\/revisions"}],"wp:featuredmedia":[{"embeddable":true,"href":"https:\/\/www.infokuryr.cz\/n\/wp-json\/wp\/v2\/media\/30068"}],"wp:attachment":[{"href":"https:\/\/www.infokuryr.cz\/n\/wp-json\/wp\/v2\/media?parent=30067"}],"wp:term":[{"taxonomy":"category","embeddable":true,"href":"https:\/\/www.infokuryr.cz\/n\/wp-json\/wp\/v2\/categories?post=30067"},{"taxonomy":"post_tag","embeddable":true,"href":"https:\/\/www.infokuryr.cz\/n\/wp-json\/wp\/v2\/tags?post=30067"}],"curies":[{"name":"wp","href":"https:\/\/api.w.org\/{rel}","templated":true}]}}