{"id":30063,"date":"2023-06-13T05:22:40","date_gmt":"2023-06-13T03:22:40","guid":{"rendered":"http:\/\/www.infokuryr.cz\/n\/?p=30063"},"modified":"2023-06-13T05:22:40","modified_gmt":"2023-06-13T03:22:40","slug":"jan-cambell-po-rozhovoru","status":"publish","type":"post","link":"https:\/\/www.infokuryr.cz\/n\/2023\/06\/13\/jan-cambell-po-rozhovoru\/","title":{"rendered":"Jan Cambell: Po rozhovoru"},"content":{"rendered":"<div id=\"fb-root\"><\/div>\n<article><span style=\"font-size: 18pt;\"><strong>\u00davod<\/strong><\/span><\/p>\n<p>Prakticky ihned po metaforick\u00e9m p\u0159estupu z lodi na b\u00e1l, unaven z del\u0161\u00ed pracovn\u00ed cesty v zahrani\u010d\u00ed, urgentn\u00edho \u0159e\u0161en\u00ed priv\u00e1tn\u00ed z\u00e1le\u017eitosti po n\u00e1vratu a s pot\u00ed\u017eemi se skype, rozhodl jsem se akceptovat rozhovor s Petrem Bure\u0161em (8.6.2023).<\/p>\n<p>Hned v \u00favodu jsem pod\u011bkoval za podporu knihy Symposium, za dotazy, za nab\u00eddku vydavatelstv\u00ed Torden a.s. realizovat druh\u00e9 vyd\u00e1n\u00ed knihy, mo\u017enost prov\u00e9st prvn\u00ed placen\u00fd semin\u00e1\u0159 v Praze 15. \u010dervna a projeven\u00fd z\u00e1jem, p\u0159edev\u0161\u00edm mimo Prahu, z ji\u017en\u00ed Moravy, Slezska a Olomoucka.<\/p>\n<p>Sou\u010dasn\u011b jsem ozn\u00e1mil, \u017ee p\u0159ipravuji novou knihu s pracovn\u00edm n\u00e1zvem \u2013 77, a ni\u010deho nelituji. Dvoujazy\u010dn\u00e1 kniha (CZ, DE) bude vyd\u00e1na v Rakousku (Pharus de Vicotira) a m\u011bla by uvid\u011bt sv\u011btlo Bo\u017e\u00ed v listopadu t.r. Kniha obsahuje 77 kr\u00e1tk\u00fdch p\u0159\u00edb\u011bh\u016f napsan\u00fdch osobnostmi ze sedmi zem\u00ed, se kter\u00fdmi jsem m\u011bl privilegium se sezn\u00e1mit ve sv\u00e9m \u017eivot\u011b. Na p\u0159\u00edb\u011bhy reaguji formou zrcadla, pravdiv\u00e9ho, zkreslen\u00e9ho nebo p\u0159ekvapiv\u00e9ho, podobn\u011b jako je tomu v Bludi\u0161ti na Pet\u0159\u00edn\u011b. Odpov\u011bd\u00ed na ot\u00e1zky vypl\u00edvaj\u00edc\u00ed z p\u0159\u00edb\u011bh\u016f a \u017eivotn\u00edch situac\u00ed obsahuj\u00ed vysv\u011btlen\u00ed, vtipy, aforismy, p\u0159\u00edslov\u00ed, nebo i nov\u00e9 ot\u00e1zky. Odpov\u011bdi na n\u011b si m\u016f\u017ee ka\u017ed\u00fd \u010dten\u00e1\u0159 d\u00e1t s\u00e1m\u2026<\/p>\n<p><span style=\"font-size: 18pt;\"><strong>Rozhovor<\/strong><\/span><\/p>\n<p>Hned na za\u010d\u00e1tku rozhovoru jsem p\u0159ipomenul jedno v\u0161eobecn\u00e9 platn\u00e9 pozorov\u00e1n\u00ed jedn\u00e9 sp\u0159\u00edzn\u011bn\u00e9 du\u0161e, kter\u00e1 napsala p\u0159ibli\u017en\u011b a zkr\u00e1cen\u011b n\u00e1sleduj\u00edc\u00ed:<\/p>\n<p>U\u017e to, \u017ee v\u00edce jak 50% lid\u00ed t\u00e9to planety v\u016fbec nevn\u00edm\u00e1, co se kolem nich d\u011bje je indici\u00ed toho, co se masivn\u011b a velmi intenz\u00edvn\u011b d\u011bje a sv\u011bd\u010d\u00ed o hloubce a t\u00e9m\u011b\u0159 beznad\u011bjn\u00e9mu udu\u0161en\u00ed p\u0159irozen\u00fdch lidsk\u00fdch schopnost\u00ed a vlastnost\u00ed dan\u00fdch jejich genetickou v\u00fdbavou.<\/p>\n<p>P\u0159irozen\u00e9 lidsk\u00e9 vlastnosti jsou hluboce utlumeni genetickou manipulac\u00ed, chemick\u00fdmi l\u00e1tkami, kontaminovan\u00fdmi potravinami a vodou. Na dal\u0161\u00ed \u00farovni syst\u00e9mem p\u0159\u00edkaz\u016f a z\u00e1kaz\u016f, manipulativn\u00edmi programy ve \u0161kolstv\u00ed, zkorumpovan\u00fdmi masm\u00e9dii a z\u00e1bavn\u00edm pr\u016fmyslem vybaven\u00fdm technologiemi na vym\u00fdv\u00e1n\u00ed mozk\u016f lid\u00ed a na jejich p\u0159eprogramov\u00e1n\u00ed k bezmezn\u00e9 poslu\u0161nosti.<\/p>\n<p>Meziv\u00fdsledek, kter\u00fd m\u016f\u017eeme identifikovat, obsahuje spole\u010denskou slepotu, mor\u00e1ln\u00ed hluchotu nesamostatnosti a bezb\u0159eh\u00e9 z\u00e1vislosti na &#8218;vl\u00e1dc\u00edch&#8216; tohoto sv\u011bta. Toto v\u0161e je je\u0161t\u011b mocn\u011b podpo\u0159eno zaveden\u00fdm babylonsk\u00fdm pen\u011b\u017en\u00edm syst\u00e9mem nekone\u010dn\u00fdch dluh\u016f, ze kter\u00fdch se nelze nikdy vymanit.<\/p>\n<p>P\u0159ipom\u00edn\u00e1m, \u017ee lid\u00e9, kte\u0159\u00ed se za\u010dali prob\u00edrat a\u017e te\u010f, v\u016fbec netu\u0161\u00ed, \u010d\u00edm v\u0161\u00edm museli spojenci pod veden\u00edm USA proj\u00edt, kolik lidsk\u00fdch \u017eivot\u016f, americk\u00fdch, rusk\u00fdch, indick\u00fdch, \u010d\u00ednsk\u00fdch, a mnoh\u00fdch dal\u0161\u00edch, v\u010detn\u011b mimozemsk\u00fdch \u2013 o kter\u00fdch se ve\u0159ejn\u011b nediskutuje, bylo ztraceno. P\u0159ipom\u00edn\u00e1m t\u00edmto skute\u010dnost, \u017ee neinformovan\u00ed lid\u00e9 neznaj\u00ed hloubku, \u0161\u00ed\u0159ku a nekone\u010dn\u00fd rozm\u011br sou\u010dasn\u00e9 \u010dasov\u00e9, duchovn\u00ed, biologick\u00e9, dezinforma\u010dn\u00ed a energetick\u00e9 v\u00e1lky, kter\u00e1 nebyla nikdy ofici\u00e1ln\u011b vyhl\u00e1\u0161ena a kter\u00e1 prob\u00edh\u00e1 za podpory zkorumpovan\u00fdch a ji\u017e \u010d\u00e1ste\u010dn\u011b degenerovan\u00fdch a nelidsk\u00fdch politik\u016f za na\u0161imi z\u00e1dy a uvnit\u0159 na\u0161ich t\u011bl.<\/p>\n<p>Z hlavn\u00edch t\u00e9mat rozhovoru vyb\u00edr\u00e1m n\u011bkolik, kter\u00fdm se diskuze a ve\u0159ejn\u00e1, ale i alternativn\u00ed m\u00e9dia v \u010desk\u00e9 kotlin\u011b vyh\u00fdbaj\u00ed. Pro\u010d? Nebudu rad\u011bji vysv\u011btlovat.<\/p>\n<p><span style=\"font-size: 18pt;\"><strong>\u010cty\u0159i hlavn\u00ed \u00fakoly Erdogana<\/strong><\/span><\/p>\n<p>Prezident Turecka Recep Tayyip Erdogan bude b\u011bhem sv\u00e9ho nov\u00e9ho prezidentsk\u00e9ho obdob\u00ed \u010delit \u010dty\u0159em hlavn\u00edm \u00fakol\u016fm. Prvn\u00ed prioritou je p\u0159ekon\u00e1n\u00ed hospod\u00e1\u0159sk\u00e9 krize, kter\u00e9 Turecko \u010del\u00ed. Inflace v zemi z\u016fst\u00e1v\u00e1 vysok\u00e1, tureck\u00e1 lira siln\u011b oslabila a rezervy centr\u00e1ln\u00ed banky jsou n\u00edzk\u00e9. Letos na podzim, kdy klesaj\u00ed tureck\u00e9 p\u0159\u00edjmy z cestovn\u00edho ruchu a rostou n\u00e1klady na energie, bude vl\u00e1da Erdogana pravd\u011bpodobn\u011b muset &#8211; v reakci na krizi &#8211; zm\u011bnit hospod\u00e1\u0159skou politiku a zav\u00e9st struktur\u00e1ln\u00ed reformy. Za zm\u00ednku stoj\u00ed, \u017ee na ned\u00e1vn\u00e9 Champion league v\u00a0Istanbulu jedna PepsiCola st\u00e1la 20 euro!<\/p>\n<p>Za druh\u00e9, Erdogan bude muset urychlit tempo obnovy v oblasti posti\u017een\u00e9 zem\u011bt\u0159esen\u00edm, kter\u00e9 v \u00fanoru zas\u00e1hlo ji\u017en\u00ed Turecko. Zem\u0159elo v\u00edce ne\u017e 50 000 lid\u00ed a zanechalo v\u00edce ne\u017e t\u0159i miliony ob\u010dan\u016f bez domova. Erdogan jim v\u00a0r\u00e1mci volebn\u00ed kampan\u011b toti\u017e sl\u00edbil poskytnout p\u016fj\u010dky na bydlen\u00ed na 20 let s dvoulet\u00fdm odkladem spl\u00e1cen\u00ed.<\/p>\n<p>T\u0159et\u00edm c\u00edlem se mi jev\u00ed pot\u0159eba co nejd\u0159\u00edve nav\u00e1zat vztahy se S\u00fdri\u00ed prost\u0159ednictv\u00edm rusk\u00e9ho zprost\u0159edkov\u00e1n\u00ed. Pro\u010d? V Turecku uv\u00edzly v\u00edce ne\u017e t\u0159i miliony syrsk\u00fdch uprchl\u00edk\u016f a volebn\u00ed kampa\u0148 obou kandid\u00e1t\u016f obsahovala mnoho slib\u016f a pravd\u011bpodobn\u00fdch p\u0159ekvapen\u00ed v p\u0159edstaviteln\u00e9 budoucnosti, kter\u00e9 se t\u00fdkaj\u00ed mj. EU.<\/p>\n<p>\u010ctvrt\u00fdm c\u00edlem se mi jev\u00ed pos\u00edlen\u00ed vazeb s Ruskem a kvalitativn\u00ed zlep\u0161en\u00ed vztah\u016f s EU a USA. Pro\u010d? Turecko pot\u0159ebuje p\u0159il\u00e1kat zahrani\u010dn\u00ed investice, kter\u00e9 mohou napomoci \u0159e\u0161it hospod\u00e1\u0159sk\u00e9 probl\u00e9my Turecka. Ty jsou mj. spojeny i s probl\u00e9my EU, sank\u010dn\u00ed politikou Z\u00e1padu a migrac\u00ed.<\/p>\n<p><span style=\"font-size: 18pt;\"><strong>Migra\u010dn\u00ed politika EU<\/strong><\/span><\/p>\n<p>EU se bude muset sna\u017eit neotev\u0159\u00edt tureck\u00e9 br\u00e1ny na hranic\u00edch, za kter\u00fdmi \u010dekaj\u00ed mili\u00f3ny migrant\u016f na mo\u017enost dostat se do EU. Pr\u00e1v\u011b prob\u00edhaj\u00edc\u00ed, respektive ji\u017e ukon\u010den\u00e1 jedn\u00e1n\u00ed o spole\u010dn\u00e9 migra\u010dn\u00ed politice EU toti\u017e nev\u011b\u0161t\u00ed nic dobr\u00e9ho. Pro\u010d?<\/p>\n<p><span style=\"font-size: 18pt;\"><strong>1)<\/strong> <\/span>Necel\u00fd rok po zm\u011bn\u011b z\u00e1kladn\u00edho pr\u00e1va na azyl v\u00a0SRN v roce 1993 Heribert Prantl (1953, autor SZ, pr\u00e1vn\u00edk, ex-vy\u0161et\u0159ovatel a ex-soudce, p\u0159edstavitel liber\u00e1ln\u00edho a kosmopolitn\u00edho pr\u00e1vn\u00edho st\u00e1tu, kter\u00fd je p\u0159\u00edle\u017eitostn\u011b klasifikov\u00e1n jako &#8222;levicov\u00fd liber\u00e1l&#8220;, kter\u00fd se zam\u011b\u0159uje se zejm\u00e9na na pr\u016fse\u010d\u00edky pr\u00e1va, mor\u00e1lky a politiky) hovo\u0159il s tehdej\u0161\u00edm spolkov\u00fdm ministrem vnitra Manfredem Kantherem (CDU) o tom, \u010deho novela Z\u00e1kladn\u00edho z\u00e1kona dos\u00e1hla.<\/p>\n<p>Kanther vyj\u00e1d\u0159il sv\u00e9 velk\u00e9 uspokojen\u00ed. Hovo\u0159ili tak\u00e9 o \u017eh\u00e1\u0159sk\u00e9m \u00fatoku v Solingenu: t\u0159i dny po hlasov\u00e1n\u00ed o azylu v Bundestagu bylo toti\u017e pravicov\u00fdmi extremisty p\u0159i \u017eh\u00e1\u0159sk\u00e9m \u00fatoku zavra\u017ed\u011bno p\u011bt tureck\u00fdch \u017een a d\u00edvek. Zd\u011b\u0161en\u00fd koment\u00e1\u0159 k tomu by se dal \u010d\u00edst nasprejovan\u00fd na zdi domu v t\u00e9 dob\u011b: &#8222;Nejprve zem\u0159e z\u00e1kon, pak zem\u0159e \u010dlov\u011bk&#8220;. Kanther to vid\u011bl jinak. \u0158ekl: &#8222;Nyn\u00ed u\u017e nen\u00ed 30 000 uprchl\u00edk\u016f, ale 10 000 (pozn\u00e1mka &#8211; za m\u011bs\u00edc). Koneckonc\u016f, to je n\u011bco, tento v\u00fdsledek potvrzuje spr\u00e1vnost na\u0161\u00ed politiky. Nebylo by to mo\u017en\u00e9 bez ve\u0159ejn\u00e9 debaty, kter\u00e1 samoz\u0159ejm\u011b tak\u00e9 generovala \u00farove\u0148 tepla.&#8220; Ve skute\u010dnosti Kanther \u0159ekl &#8222;tepeln\u00e9 stupn\u011b&#8220;!\u2026.<\/p>\n<p><span style=\"font-size: 18pt;\"><strong>2)<\/strong> <\/span>Ve sv\u00e9m p\u0159\u00edsp\u011bvku ze 4. \u010dervna t.r. &#8211; SZ-Plus-Text (\u201eAsylbetr\u00fcger &#8230; sind nicht Fl\u00fcchtlinge, die Schutz vor Verfolgung und Hilfe in der Not suchen \u2013 sondern die Politiker, die ihnen Schutz und Hilfe verweigern&#8220;) Prantl sleduje cestu od n\u011bmeck\u00e9 novely Z\u00e1kladn\u00edho z\u00e1kona z roku 1993 k dne\u0161n\u00edm slum\u016fm v EU a k pl\u00e1n\u016fm na &#8222;pevnost Evropa&#8220;, kter\u00e9 maj\u00ed b\u00fdt p\u0159ijaty na nadch\u00e1zej\u00edc\u00edm zased\u00e1n\u00ed Rady EU. Dod\u00e1v\u00e1m, \u017ee pl\u00e1ny byly p\u0159ijaty. A \u017ee v\u00edce m\u00e9n\u011b st\u00e1le plat\u00ed, \u017ee uprchl\u00edci jsou pova\u017eov\u00e1ni za nep\u0159\u00e1tele prosperity.<\/p>\n<p>EU se p\u0159ed nimi chr\u00e1n\u00ed stejn\u011b jako p\u0159ed zlo\u010dinci. Jsou ob\u00e1van\u00ed kv\u016fli jejich po\u010dtu a vid\u00ed v nich druh zlo\u010dineck\u00e9 organizace. Proto se &#8222;prostor spravedlnosti, bezpe\u010dnosti a svobody&#8220;, jak se Evropa sama naz\u00fdv\u00e1, st\u00e1v\u00e1 pevnost\u00ed Evropa.<\/p>\n<p>Uprchl\u00edci, kte\u0159\u00ed p\u0159ich\u00e1zej\u00ed p\u0159ed tuto pevnost, uprchli, proto\u017ee cht\u011bj\u00ed m\u00edt budoucnost. Jsou mlad\u00ed, proto\u017ee pouze mlad\u00ed lid\u00e9 maj\u00ed s\u00edlu, kterou pot\u0159ebujete jako uprchl\u00edk. Televize a internet st\u00e1le l\u00e1kaj\u00ed vys\u00edl\u00e1n\u00edm do nej\u0161pinav\u011bj\u0161\u00edch kout\u016f slum\u016f obrazy ze sv\u011bta hojnosti. Drtiv\u00e1 v\u011bt\u0161ina lid\u00ed, kte\u0159\u00ed opou\u0161t\u011bj\u00ed sv\u00e9 domovy kv\u016fli v\u00e1lce, zm\u011bn\u011b klimatu a ho\u0159k\u00e9mu str\u00e1d\u00e1n\u00ed, st\u00e1le ale z\u016fst\u00e1v\u00e1 ve sv\u011bt\u011b, kter\u00fd se naz\u00fdv\u00e1 t\u0159et\u00ed a \u010dtvrt\u00fd. Jestli se n\u011bkomu migrace l\u00edb\u00ed nebo ne, nen\u00ed to ot\u00e1zkou.<\/p>\n<p>Ot\u00e1zkou je, jak se s t\u00edm vypo\u0159\u00e1dat, jak navrhnout \u0159e\u0161en\u00ed. Migrace se nept\u00e1, zda N\u011bmci nebo \u010ce\u0161i zm\u011bnili sv\u016fj z\u00e1kladn\u00ed z\u00e1kon a p\u0159\u00edpadn\u011b ho cht\u011bj\u00ed zm\u011bnit znovu. Nept\u00e1 se, zda se st\u00e1ty EU pl\u00ed\u017e\u00ed od \u017denevsk\u00e9 \u00famluvy o uprchl\u00edc\u00edch. Migrace je tady a migra\u010dn\u00ed tlak bude hlavn\u00edm t\u00e9matem tohoto stolet\u00ed. A o osudu kontinent\u016f rozhodne to, zda evropsk\u00e1 politika dok\u00e1\u017ee myslet na n\u011bco jin\u00e9ho ne\u017e na lockdown a mobilizaci proti uprchl\u00edk\u016fm.<\/p>\n<p>P\u0159ipom\u00edn\u00e1m, \u017ee od roku 1992 (kdy jsem pracoval pro EK jako vedouc\u00ed kancel\u00e1\u0159e programu TACIS), od p\u0159ijet\u00ed &#8222;lond\u00fdnsk\u00fdch rezoluc\u00ed&#8220; o zam\u00edtnut\u00ed \u017e\u00e1dost\u00ed o azyl, se jedna konference EU za druhou zab\u00fdvala pl\u00e1ny pevnosti Evropa; a projekt se v\u017edy naz\u00fdval &#8222;Harmonizace pr\u00e1va na azyl&#8220;. Za t\u0159i desetilet\u00ed nikomu v EK ani ve vl\u00e1d\u00e1ch jednotliv\u00fdch \u010dlensk\u00fdch st\u00e1t\u016f EU nep\u0159i\u0161lo za pot\u0159ebn\u00e9 nab\u00eddnout vzorec, kter\u00fd by mohl b\u00fdt kl\u00ed\u010dov\u00fdm receptem pro dobr\u00e9 a lep\u0161\u00ed pl\u00e1ny: Azyl je pro lidi, kte\u0159\u00ed n\u00e1s pot\u0159ebuj\u00ed. Imigrace je pro lidi, kter\u00e9 pot\u0159ebujeme. K propagaci takov\u00e9 z\u00e1kladn\u00ed my\u0161lenky dobr\u00e9 evropsk\u00e9 migra\u010dn\u00ed politiky je ale zapot\u0159eb\u00ed m\u00edt respektovan\u00e9 autority. EU je nem\u00e1. Proto n\u00e1s \u010dekaj\u00ed dal\u0161\u00ed v\u00fdzvy. Ty p\u0159inese i st\u00e1t, kter\u00fd nejenom \u010cR podporuje ze v\u0161ech sil, a kter\u00fd se je\u0161t\u011b naz\u00fdv\u00e1 Ukrajina.<\/p>\n<p><span style=\"font-size: 18pt;\"><strong>Ukrajina<\/strong><\/span><\/p>\n<p>Zvl\u00e1\u0161tn\u00ed operace neskon\u010d\u00ed v tomto ani p\u0159\u00ed\u0161t\u00edm roce. V\u00edt\u011bzstv\u00edm nebude dobyt\u00ed Od\u011bsy a Charkova, ale rozpad Ukrajiny jako st\u00e1tu. Po rozpadu si vezmou USA a Rusko, co uznaj\u00ed za vhodn\u00e9, ze zbytku bude ud\u011bl\u00e1n z\u00e1visl\u00fd &#8222;st\u00e1t&#8220;. Jak se bude jmenovat, nev\u00edm.<\/p>\n<p>\u00dasp\u011b\u0161n\u00e1 vojensk\u00e1 akce, v\u010detn\u011b tzv. vyhladov\u011bn\u00ed by m\u011bla tento okam\u017eik p\u0159ibl\u00ed\u017eit. Zhroucen\u00ed Ukrajiny v kone\u010dn\u00e9m v\u00fdsledku p\u0159\u00edmo souvis\u00ed nejen s vnit\u0159n\u00edmi ukrajinsk\u00fdmi procesy a situac\u00ed na linii dotyku, ale tak\u00e9 se stavem v\u011bc\u00ed na Z\u00e1pad\u011b (p\u0159edev\u0161\u00edm v anglosask\u00fdch zem\u00edch). A tak\u00e9 s mo\u017enost\u00ed globalistick\u00fdch elit udr\u017eet jednotu Z\u00e1padu p\u0159i mobilizaci pot\u0159ebn\u00fdch zdroj\u016f pro Ukrajinu, bez nich\u017e by Ukrajina nevydr\u017eela ani m\u011bs\u00edc.<\/p>\n<p>Mnoha Rus\u016fm je z\u0159ejm\u00e9, \u017ee se bl\u00ed\u017e\u00ed okam\u017eik rozpadu Z\u00e1padu. Proto\u017ee v\u0161ak nedo\u0161lo k dosa\u017een\u00ed ve\u0159ejn\u011b prohla\u0161ovan\u00fdch c\u00edl\u016f \u2013 de-nacifikace, de-militarizace, neutralita a ochrana ob\u010dan\u016f LLR a DLR, bude zapot\u0159eb\u00ed velk\u00e9 trp\u011blivosti, dokonce i tvrdohlavosti a vytrvalosti. To jsou typick\u00e9 n\u00e1rodn\u00ed vlastnost\u00ed Rus\u016f, na kter\u00e9 Z\u00e1pad, jak se jev\u00ed, zapomn\u011bl vz\u00edt na z\u0159etel.<\/p>\n<p><span style=\"font-size: 18pt;\"><strong>N\u011bkolik slov k r\u016fzn\u00fdm anal\u00fdz\u00e1m situace ve v\u00e1le\u010dn\u00e9 z\u00f3n\u011b<\/strong><\/span><\/p>\n<p>\u010cetn\u00e9 a st\u00e1le monot\u00f3nn\u011bj\u0161\u00ed pokusy o vojenskou anal\u00fdzu situace ve v\u00e1le\u010dn\u00e9 z\u00f3n\u011b (s mnoha v\u00fdk\u0159iky, apely, hesly, hysteri\u00ed a p\u0159edpov\u011b\u010fmi laik\u016f) \u010dasto sv\u011bd\u010d\u00ed o nepochopen\u00ed hlavn\u00ed podstaty speci\u00e1ln\u00ed vojensk\u00e9 operace a chov\u00e1n\u00ed prezidenta Zelensk\u00e9ho. Modern\u00ed v\u00e1lka se toti\u017e kvalitativn\u011b li\u0161\u00ed od sv\u011btov\u00fdch a region\u00e1ln\u00edch v\u00e1lek minul\u00e9ho stolet\u00ed i d\u0159\u00edv\u011bj\u0161\u00edch, kter\u00e9 zn\u00e1me. Rozd\u00edl je zhruba stejn\u00fd jako mezi modern\u00ed kosmickou lod\u00ed a letadlem. Nab\u00edz\u00edm pro zamy\u0161len\u00ed \u010dten\u00e1\u0159\u016fm subjektivn\u00ed hlavn\u00ed rozd\u00edly:<\/p>\n<p><span style=\"font-size: 18pt;\"><strong>1)<\/strong><\/span> \u010cist\u011b vojensk\u00fd aspekt je d\u016fle\u017eit\u00fdm, ale nikoli rozhoduj\u00edc\u00edm faktorem. Na stejn\u00e9 \u00farovni jako vojensk\u00e9 operace se rozv\u00edjej\u00ed ekonomick\u00e9, medi\u00e1ln\u00ed, diplomatick\u00e9 a dal\u0161\u00ed boje, kter\u00e9 dohromady ovliv\u0148uj\u00ed v\u00fdsledek mnohem v\u00edce ne\u017e arm\u00e1dy a kter\u00e9 p\u0159edur\u010duj\u00ed logiku vojensk\u00fdch operac\u00ed a na\u0161\u00ed budoucnost, m\u00e1me-li n\u011bjakou m\u00edt. Neu\u0161kod\u00ed proto si tak\u00e9 uv\u011bdomit, \u017ee skute\u010dn\u00e9 dob\u00fdv\u00e1n\u00ed \u00fazem\u00ed neprov\u00e1d\u011bj\u00ed arm\u00e1dy, dnes, a p\u0159edev\u0161\u00edm, m\u00e9dia.<\/p>\n<p><span style=\"font-size: 18pt;\"><strong>2)<\/strong><\/span> Pro pochopen\u00ed podstaty sou\u010dasn\u00e9 v\u00e1lky je velmi d\u016fle\u017eit\u00e9 v\u011bd\u011bt, \u017ee ozbrojen\u00fd konflikt se neodehr\u00e1v\u00e1 mezi Ruskem a Ukrajinou, nebo dokonce mezi Ruskem a NATO, ale v r\u00e1mci pl\u00e1nu vypracovan\u00e9ho sv\u011btov\u00fdmi neoliber\u00e1ln\u00edmi elitami. C\u00edlem pl\u00e1nu je &#8222;reset&#8220; sv\u011btov\u00fdch d\u011bjin. V souladu s t\u00edm se jedn\u00e1 o nejsv\u011btov\u011bj\u0161\u00ed v\u00e1lku ze v\u0161ech, s n\u011bkolika soub\u011b\u017en\u00fdmi d\u011bji\u0161ti vojensk\u00fdch akc\u00ed. To, co se odehr\u00e1v\u00e1 na \u00fazem\u00ed sou\u010dasn\u00e9 Ukrajiny, neznamen\u00e1, \u017ee se hlavn\u00ed ud\u00e1losti t\u00e9to v\u00e1lky odehr\u00e1vaj\u00ed pr\u00e1v\u011b tam. Vid\u00edme pouze \u0161pi\u010dku ledovce, kterou je pro politicky korektn\u00ed m\u00e9dia kontrolovan\u00e1 z\u00e1padn\u00edmi elitami v\u00fdhodn\u00e9 n\u00e1m uk\u00e1zat.<\/p>\n<p><strong><span style=\"font-size: 18pt;\">3)<\/span><\/strong> Sou\u010dasn\u00e1 nevyhl\u00e1\u0161en\u00ed v\u00e1lka v Evrop\u011b je sou\u010d\u00e1st\u00ed pl\u00e1nu stejn\u011b jako v\u010derej\u0161\u00ed pandemie koronaviru (p\u0159i\u010dem\u017e tato nemoc je naprosto re\u00e1ln\u00e1, stejn\u011b jako laborato\u0159e biologick\u00fdch zbran\u00ed, pomalu a jist\u011b st\u011bhuj\u00edc\u00ed se \u2013 podle autorem neprov\u011b\u0159iteln\u00e9 informace, \u010d\u00e1ste\u010dn\u011b z Ukrajiny do Kazachst\u00e1nu), nebo z\u00edt\u0159ej\u0161\u00ed sv\u011bt um\u011bl\u00e9 inteligence (kter\u00e1 ov\u0161em \u017e\u00e1dnou inteligenc\u00ed nen\u00ed). Jsou to etapy na cest\u011b neoliber\u00e1ln\u00edch elit ke zni\u010den\u00ed lidstva, kter\u00e9 stoj\u00ed v cest\u011b jejich \u0161t\u011bst\u00ed.<\/p>\n<p>Proto mi p\u0159ipad\u00e1 u\u017eite\u010dn\u011bj\u0161\u00ed a d\u016fle\u017eit\u011bj\u0161\u00ed, ne\u017e diskutovat s Prigo\u017einov\u00fdmi odp\u016frci \u010di spojenci, nebo o inflaci a lok\u00e1ln\u00edch jevech, jak\u00fdmi je d\u016fchodov\u00e1 reforma a \u2013 jak se nechala sly\u0161et mlad\u00e1 ekonomka, neakceptovateln\u00fd po\u010det d\u016fchodc\u016f po\u017e\u00edvaj\u00edc\u00edch d\u016fchod v\u00edce ne\u017e dvacet let, pokusit se pochopit jin\u00e9 procesy prob\u00edhaj\u00edc\u00ed ve sv\u011bt\u011b a zbavit se iluze, \u017ee proces brzy skon\u010d\u00ed. Nic podobn\u00e9ho se nestane, proto\u017ee se jedn\u00e1 o za\u010d\u00e1tek dlouh\u00e9ho fundament\u00e1ln\u00edho transforma\u010dn\u00edho procesu syst\u00e9mu (a) hodnot. Proto moje rada: nenechat se zmanipulovat. A zaj\u00edmat se o jin\u00e9 v\u011bci a budovat nov\u00e9 mikrosv\u011bty mezi ruinami hrout\u00edc\u00edho se sou\u010dasn\u00e9ho p\u0159e\u017eit\u00e9ho syst\u00e9mu.<\/p>\n<p><strong><span style=\"font-size: 18pt;\">Jin\u00e9 v\u011bci a z\u00e1v\u011br<\/span><\/strong><\/p>\n<p>Mezin\u00e1rodn\u00ed vesm\u00edrn\u00e1 stanice, ISS; nov\u00e9 v\u00fdzvy z Arktidy a Japonska; \u010c\u00edna m\u00e1 v \u00famyslu vybudovat druh\u00e9 hlavn\u00ed m\u011bsto; nebo prakticky ve\u0159ejnosti nezn\u00e1m\u00e1 biografie Vladim\u00edra Putina.<\/p>\n<p>Na z\u00e1v\u011br si dovol\u00edm citovat z\u00a0jednoho z\u00a0posledn\u00edch projev\u016f prezidenta Si: P\u0159esta\u0148te obvi\u0148ovat \u010c\u00ednu. \u010c\u00edna Rusku nepom\u00e1h\u00e1, ale pokud se rozhodne pomoci, B\u016fh v\u00e1m pom\u00e1hej. Ukrajin\u011b pom\u00e1h\u00e1 t\u00e9m\u011b\u0159 cel\u00fd sv\u011bt. Pokud uvid\u00edme hrozbu t\u0159et\u00ed sv\u011btov\u00e9 v\u00e1lky, Rusku pom\u016f\u017eeme, ale mezit\u00edm se uklidn\u011bte a d\u00edvejte se, jak Rusko v\u00edt\u011bz\u00ed samo nad v\u00edce ne\u017e 50 st\u00e1ty.<\/p>\n<p>V konci z\u00e1v\u011bru p\u0159\u00edsp\u011bvku se vrac\u00edm k jeho \u00favodu a zm\u00edn\u00edm se kr\u00e1tce o p\u0159\u00edb\u011bhu, kter\u00fd se ud\u00e1l p\u0159ed cca 100 lety, kter\u00fd se ale ve sv\u00e9 podstat\u011b podob\u00e1 jednomu z posledn\u00edch milostn\u00fdch p\u0159\u00edb\u011bh\u016f autora p\u0159\u00edsp\u011bvku, a proto bude sou\u010d\u00e1st\u00ed knihy &#8211; 77, a ni\u010deho nelituji.<\/p>\n<p>11. \u010dervna 1822 Fjodor Ivanovi\u010d \u0164ut\u010dev (1803-1873), rusk\u00fd romantick\u00fd b\u00e1sn\u00edk a diplomat, pova\u017eovan\u00fd po Pu\u0161kinovi a Lermontovovi za t\u0159et\u00edho nejv\u00fdznamn\u011bj\u0161\u00edho rusk\u00e9ho romantick\u00e9ho b\u00e1sn\u00edka, odjel do Mnichova jako mimo\u0159\u00e1dn\u00fd \u00fa\u0159edn\u00edk rusk\u00e9 diplomatick\u00e9 mise v Bavorsku. B\u011bhem pobytu v Mnichov\u011b se bl\u00e1zniv\u011b zamiloval do mlad\u00e9 hrab\u011bnky Am\u00e1lie Lerchenfeldov\u00e9, kter\u00e1 jeho l\u00e1sku op\u011btovala.<\/p>\n<p>V roce 1823 si \u0164ut\u010dev vym\u011bnil \u0159et\u00edzek k hodink\u00e1m s patn\u00e1ctiletou kr\u00e1skou a v\u00fdm\u011bnou za zlat\u00fd \u0159et\u00edzek dostal pouze hedv\u00e1bn\u00fd. Na nal\u00e9h\u00e1n\u00ed rodi\u010d\u016f se v\u0161ak kr\u00e1sn\u00e1 Am\u00e1lie provdala za Adlerberga. Na\u0161tvan\u00fd \u0164ut\u010dev, jako by se mstil osudu, se okam\u017eit\u011b o\u017eenil s mladou vdovou po rusk\u00e9m diplomatovi Eleonorou Petersonovou.<\/p>\n<p>L\u00e9ta plynula. \u0164ut\u010dev napsal \u0159adu politick\u00fdch \u010dl\u00e1nk\u016f, v\u011bnovan\u00fdch probl\u00e9m\u016fm vztahu mezi ruskou a z\u00e1padn\u00ed civilizac\u00ed. Na po\u010d\u00e1tku pades\u00e1t\u00fdch let napsal \u0159adu pronikav\u00fdch milostn\u00fdch b\u00e1sn\u00ed, v nich\u017e je l\u00e1ska ch\u00e1p\u00e1na jako trag\u00e9die. V \u0161edes\u00e1t\u00fdch letech v b\u00e1sn\u00edkov\u011b tvorb\u011b p\u0159evl\u00e1daj\u00ed politick\u00e9 n\u00e1m\u011bty. Pro\u010d? Proto\u017ee \u0164ut\u010dev a\u017e do konce \u017eivota pozorn\u011b sledoval d\u011bn\u00ed v Evrop\u011b. P\u0159ipom\u00edn\u00e1m, \u017ee \u0164ut\u010dev byl po prv\u00e9 v Praze v roce 1831 a b\u011bhem sv\u00e9 druh\u00e9 n\u00e1v\u0161t\u011bvy Prahy v roce 1841 napsal do proslul\u00fdch z\u00e1pisn\u00edk\u016f V\u00e1clava Hanky b\u00e1se\u0148 vyjad\u0159uj\u00edc\u00ed p\u0159\u00e1n\u00ed sjednotit Slovany do politicky siln\u00e9ho st\u00e1tn\u00edho \u00fatvaru.<\/p>\n<p>V roce 1870 n\u00e1hodou, jak se \u010dasto prav\u00ed, se setkal se svou b\u00fdvalou milenkou. Ta u\u017e d\u00e1vno poh\u0159bila sv\u00e9ho prvn\u00edho man\u017eela a stala se hrab\u011bnkou Adlerbergovou. Pr\u00e1v\u011b d\u00edky tomuto setk\u00e1n\u00ed vznikla slavn\u00e1 \u0164ut\u010devova b\u00e1se\u0148, kter\u00e1 na konci 19. stolet\u00ed byla zhudebn\u011bna a stala se romanc\u00ed. V neautorizovan\u00e9m p\u0159ekladu autora tohoto p\u0159\u00edsp\u011bvku n\u00e1zev zn\u00ed &#8211; Potkal jsem t\u011b, a v\u0161echno star\u00e9 v zastaral\u00e9m srdci o\u017eilo (1870).<\/p>\n<p>Srdce zest\u00e1rl\u00e9ho b\u00e1sn\u00edka, zakusiv\u0161\u00edho ho\u0159kost ztr\u00e1ty a zklam\u00e1n\u00ed, jako by u\u017e nebylo schopno siln\u00fdch cit\u016f, o\u017eivila jako z\u00e1zrak z\u00e1plava vzpom\u00ednek. \u0164ut\u010dev p\u0159irovn\u00e1v\u00e1 sv\u016fj stav k vz\u00e1cn\u00fdm dn\u016fm zlat\u00e9ho podzimu, kdy se p\u0159\u00edroda kr\u00e1tce c\u00edt\u00ed jako jaro. Vyzn\u00e1v\u00e1 se, \u017ee star\u00fd cit l\u00e1sky v n\u011bm nikdy nezem\u0159el. Pod vlivem nov\u00fdch siln\u00fdch dojm\u016f byl sice zapomenut, ale v hloubi jeho du\u0161e \u017eije d\u00e1l. Kr\u00e1sn\u00e9 rysy probudily d\u0159\u00edmaj\u00edc\u00ed v\u00e1\u0161e\u0148.<\/p>\n<p>Vzpom\u00ednky na zlat\u00e9 \u010dasy p\u016fsobily b\u00e1sn\u00edkovi velkou radost. Jako by se znovu narodil a zbavil se t\u00edhy pro\u017eit\u00fdch let, \u0164ut\u010dev nec\u00edt\u00ed l\u00edtost nad nepoveden\u00fdm mladick\u00fdm rom\u00e1nkem. Na sklonku sv\u00fdch dn\u016f se c\u00edtil b\u00fdt op\u011bt t\u00edm sam\u00fdm mlad\u00fdm mu\u017eem s velkou v\u00e1\u0161n\u00ed. Je neskonale vd\u011b\u010dn\u00fd Am\u00e1lii za setk\u00e1n\u00ed, kter\u00e9 pova\u017euje za neoceniteln\u00fd dar osudu, a neuv\u00e1d\u00ed \u017e\u00e1dn\u00fd konkr\u00e9tn\u00ed popis sv\u00e9 b\u00fdval\u00e9 milenky. Z\u00e1v\u011br b\u00e1sn\u011b mluv\u00ed s\u00e1m za sebe a p\u0159edstavuje z\u00e1kladn\u00ed my\u0161lenku i p\u0159\u00edb\u011bhu autora: Nic neubylo ze vzpom\u00ednek, \u017eivot se ozval, mluv\u00ed k n\u00e1m \u2013 jste kouzlo, kter\u00e9 nepomine, tu l\u00e1sku st\u00e1le v srdci m\u00e1m. Jin\u00fdmi slovy to vyjad\u0159uji n\u00e1sledovn\u011b:<span id=\"_GoBack\"><\/span> vzpom\u00ednka p\u0159edstavuje jedin\u00fd r\u00e1j, ze kter\u00e9ho mne nikdo a nikdy nem\u016f\u017ee vyhnat.<\/p>\n<p>\u017divotn\u00ed zku\u0161enost nau\u010dila b\u00e1sn\u00edka v\u00e1\u017eit si nikoli fyzick\u00e9, ale duchovn\u00ed a mor\u00e1ln\u00ed kr\u00e1sy, a proto nen\u00ed divu, \u017ee v O du\u0161i, O rozumu, napsal: Kdo Rusko sv\u00fdm rozumem p\u0159emost\u00ed, \u017e\u00e1dn\u00e9 m\u011b\u0159idlo ho nezm\u011b\u0159\u00ed, jeho du\u0161e je zvl\u00e1\u0161tn\u00ed bytost\u00ed, pozn\u00e1 ho jen ten, kdo v n\u011bj uv\u011b\u0159\u00ed. Souhlasu net\u0159eba.<\/p>\n<p><strong><em>Jan Campbell<\/em><\/strong><br \/>\n<strong><em>12.06.2023<\/em><\/strong><\/p>\n<\/article>\n<p class=\"docx_zpat\">\n<p>&nbsp;<\/p>\n<p>&nbsp;<\/p>\n<p><img decoding=\"async\" loading=\"lazy\" class=\"wp-image-19187 aligncenter\" src=\"http:\/\/www.infokuryr.cz\/n\/wp-content\/uploads\/2022\/12\/1-PRO-300x36.jpg\" alt=\"\" width=\"1325\" height=\"159\" srcset=\"https:\/\/www.infokuryr.cz\/n\/wp-content\/uploads\/2022\/12\/1-PRO-300x36.jpg 300w, https:\/\/www.infokuryr.cz\/n\/wp-content\/uploads\/2022\/12\/1-PRO.jpg 699w\" sizes=\"(max-width: 1325px) 100vw, 1325px\" \/><\/p>\n<p>&nbsp;<\/p>\n<p>&nbsp;<\/p>\n<p>&nbsp;<\/p>\n","protected":false},"excerpt":{"rendered":"<p>\u00davod Prakticky ihned po metaforick\u00e9m p\u0159estupu z lodi na b\u00e1l, unaven z del\u0161\u00ed pracovn\u00ed cesty&#8230;<\/p>\n","protected":false},"author":2,"featured_media":650,"comment_status":"closed","ping_status":"closed","sticky":false,"template":"","format":"standard","meta":[],"categories":[6],"tags":[41,1095,5214,1052,55],"_links":{"self":[{"href":"https:\/\/www.infokuryr.cz\/n\/wp-json\/wp\/v2\/posts\/30063"}],"collection":[{"href":"https:\/\/www.infokuryr.cz\/n\/wp-json\/wp\/v2\/posts"}],"about":[{"href":"https:\/\/www.infokuryr.cz\/n\/wp-json\/wp\/v2\/types\/post"}],"author":[{"embeddable":true,"href":"https:\/\/www.infokuryr.cz\/n\/wp-json\/wp\/v2\/users\/2"}],"replies":[{"embeddable":true,"href":"https:\/\/www.infokuryr.cz\/n\/wp-json\/wp\/v2\/comments?post=30063"}],"version-history":[{"count":0,"href":"https:\/\/www.infokuryr.cz\/n\/wp-json\/wp\/v2\/posts\/30063\/revisions"}],"wp:featuredmedia":[{"embeddable":true,"href":"https:\/\/www.infokuryr.cz\/n\/wp-json\/wp\/v2\/media\/650"}],"wp:attachment":[{"href":"https:\/\/www.infokuryr.cz\/n\/wp-json\/wp\/v2\/media?parent=30063"}],"wp:term":[{"taxonomy":"category","embeddable":true,"href":"https:\/\/www.infokuryr.cz\/n\/wp-json\/wp\/v2\/categories?post=30063"},{"taxonomy":"post_tag","embeddable":true,"href":"https:\/\/www.infokuryr.cz\/n\/wp-json\/wp\/v2\/tags?post=30063"}],"curies":[{"name":"wp","href":"https:\/\/api.w.org\/{rel}","templated":true}]}}