{"id":30057,"date":"2023-06-13T01:12:19","date_gmt":"2023-06-12T23:12:19","guid":{"rendered":"http:\/\/www.infokuryr.cz\/n\/?p=30057"},"modified":"2023-06-12T21:02:00","modified_gmt":"2023-06-12T19:02:00","slug":"nedelnik-adama-b-bartose-136-koalice-ochotnych-idiotu","status":"publish","type":"post","link":"https:\/\/www.infokuryr.cz\/n\/2023\/06\/13\/nedelnik-adama-b-bartose-136-koalice-ochotnych-idiotu\/","title":{"rendered":"NED\u011aLN\u00cdK ADAMA B. BARTO\u0160E (136) KOALICE OCHOTN\u00ddCH IDIOT\u016e"},"content":{"rendered":"<div id=\"fb-root\"><\/div>\n<p>P\u011bkn\u00e9 po\u010das\u00ed posledn\u00edch dn\u00ed v \u010dlov\u011bku sni\u017euje obez\u0159etnost a ostra\u017eitost. Kdy\u017e jsme mrznuli ve dvou svetrech a tr\u010deli doma, proto\u017ee venku byla zima je\u0161t\u011b v\u011bt\u0161\u00ed a smr\u00e1kalo se u\u017e odpoledne, \u010dlov\u011bk se v\u00edce zaob\u00edral v\u00e1lkou a v\u0161eobecn\u00fdm marasmem, ve kter\u00e9m jsme se ocitli. Jak se ale venku ud\u011blalo hezky, vym\u011bnili jsme svetry za tri\u010dka s kr\u00e1tk\u00fdm ruk\u00e1vem (a d\u00e1my a d\u00edvky si na sebe vzaly letn\u00ed \u0161aty) a vyjeli hromadn\u011b na v\u00fdlety, na chaty a chalupy, do p\u0159\u00edrody, \u010dlov\u011bk p\u0159i\u0161el na jin\u00e9 my\u0161lenky. Co\u017e je dob\u0159e, z hlediska uchov\u00e1n\u00ed si zdrav\u00e9ho du\u0161evn\u00edho rozpolo\u017een\u00ed \u2013 ale z hlediska p\u0159\u00edpravy jednotlivce na v\u00e1le\u010dn\u00e9 \u00fatrapy to v \u010dlov\u011bku jakoukoli aktivitu tohoto typu sp\u00ed\u0161e trochu utlumuje. S\u00e1m to na sob\u011b pozoruji. P\u0159edev\u0161\u00edm z d\u016fvodu, \u017ee pozitivn\u00ed my\u0161lenky poch\u00e1zej\u00edc\u00ed z tepla, slunce, p\u0159\u00edrody, \u010derstv\u00e9ho vzduchu a tvo\u0159iv\u00e9 pr\u00e1ce na zahrad\u011b nejen\u017ee zah\u00e1n\u011bj\u00ed chmury, ale zah\u00e1n\u011bj\u00ed i my\u0161lenky na to o\u0161kliv\u00e9, co by n\u00e1s mohlo potkat. Uklimb\u00e1vaj\u00ed \u010dlov\u011bka v pocitu, \u017ee snad nebude tak zle (jak by mohlo b\u00fdt tak zle, kdy\u017e je tak kr\u00e1sn\u011b a v\u0161ude to tak von\u00ed a kvete, \u017ee?). Do toho vlastn\u011b radost, \u017ee jsme p\u0159e\u017eili tu nep\u0159\u00edjemnou zimu, co\u017e v posledn\u00ed dob\u011b nen\u00ed v\u016fbec samoz\u0159ejmost a trochu n\u00e1s to vrac\u00ed do pozice na\u0161ich p\u0159edk\u016f v roubenk\u00e1ch \u2013 d\u00edky, nebo sp\u00ed\u0161e kv\u016fli, H\u0148upov\u011b vl\u00e1d\u011b. Jen\u017ee pr\u00e1v\u011b tento pocit \u00falevy se m\u016f\u017ee st\u00e1t zr\u00e1dn\u00fdm. M\u016f\u017ee \u010dlov\u011bka oklamat\u2026<\/p>\n<p>T\u00edm netvrd\u00edm, \u017ee by si \u010dlov\u011bk nemohl u\u017e\u00edvat hezk\u00e9ho po\u010das\u00ed \u010di v\u00fdletov\u00e1n\u00ed (kone\u010dn\u011b, zaslou\u017een\u011b) \u2013 ba naopak. Jak \u0159\u00edk\u00e1 m\u016fj kamar\u00e1d, Ale\u0161 P\u0159ichystal, pokud jsi na v\u0161e p\u0159ipraven, pokud m\u00e1\u0161 v\u0161e hotovo, pokud jsi zabezpe\u010den, pak klidn\u011b je\u010f na dovolenou. Jen\u017ee navzdory v\u0161eobecn\u00e9mu pocitu klidu, m\u00edru a pohody, kter\u00fd na \u010dlov\u011bka mimo m\u011bsto pad\u00e1 a do kter\u00e9ho ho dost\u00e1v\u00e1 pu\u010d\u00edc\u00ed p\u0159\u00edroda, \u0161um\u00edc\u00ed bory, hu\u010d\u00edc\u00ed vody, zp\u011bv pt\u00e1k\u016f, teplo slune\u010dn\u00edch paprsk\u016f, ne\u0159kuli orosen\u00e9 pivo \u010di vychlazen\u00e9 v\u00edno by n\u00e1s nic nem\u011blo v\u00e9st k p\u0159esv\u011bd\u010den\u00ed, \u017ee u\u017e nic nehroz\u00ed. Ba naopak\u2026<\/p>\n<p>Pr\u00e1v\u011b za\u010dalo nejv\u011bt\u0161\u00ed leteck\u00e9 cvi\u010den\u00ed NATO a potrv\u00e1 a \u017e do poloviny p\u0159\u00ed\u0161t\u00edho t\u00fddne \u2013 nejv\u011bt\u0161\u00ed v cel\u00e9 historii Severoatlantick\u00e9 aliance (jmenuje se Air Defender). Halasn\u011b u\u017e n\u011bkolik m\u011bs\u00edc\u016f ohla\u0161ovan\u00e1 ukrajinsk\u00e1 protiofenz\u00edva asi za\u010dala (p\u00ed\u0161u \u201easi\u201c, proto\u017ee to na ni moc nevypad\u00e1), ale to m\u016f\u017ee b\u00fdt tak\u00e9 zav\u00e1d\u011bj\u00edc\u00ed. Proto\u017ee i kdy\u017e v n\u00ed ukrajinsk\u00e9 ozbrojen\u00e9 s\u00edly zat\u00edm moc nep\u0159edvedly, riziko eskalace v\u00e1lky to paradoxn\u011b sp\u00ed\u0161e zvy\u0161uje \u2013 kdy\u017e ofenz\u00edva neusp\u011bje, p\u0159ijdou na pomoc sousedn\u00ed zem\u011b a konflikt se v podstat\u011b roz\u0161\u00ed\u0159\u00ed. A kdyby se naopak zada\u0159ilo Z\u00e1padu a Rusko bylo zatla\u010deno do kouta, vzr\u016fst\u00e1 nebezpe\u010d\u00ed pou\u017eit\u00ed jadern\u00fdch zbran\u00ed, proto\u017ee Rusko v kout\u011b nebude cht\u00edt z\u016fstat. V obou situac\u00edch to pro na\u0161i zemi nevypad\u00e1 moc dob\u0159e.<\/p>\n<p>\u010cetl jsem n\u00e1zory, \u017ee by zm\u00edn\u011bn\u00e9 vojensk\u00e9 leteck\u00e9 cvi\u010den\u00ed mohlo spustit horkou f\u00e1zi v\u00e1lky, a\u0165 u\u017e tak, \u017ee by cvi\u010den\u00ed bylo kryt\u00edm skute\u010dn\u00e9 vojensk\u00e9 operace nebo n\u011bjak\u00e9 false flag operace, p\u0159\u00edpadn\u011b, \u017ee by v r\u00e1mci vyost\u0159en\u00e9 situace mohly n\u011bkomu rupnout nervy, na t\u00e9 \u010di on\u00e9 stran\u011b, a cvi\u010den\u00ed by se mohlo st\u00e1t rozbu\u0161kou i nepl\u00e1novan\u011b. To je samoz\u0159ejm\u011b mo\u017en\u00e9, ale sp\u00ed\u0161e bych s\u00e1zel na to, \u017ee se \u010dek\u00e1 na \u010dervencov\u00fd summit NATO ve Vilniusu, kter\u00fd bude mo\u017en\u00e1 je\u0161t\u011b d\u016fle\u017eit\u011bj\u0161\u00ed. Na n\u011bm se toti\u017e bude hledat cesta, jak z patov\u00e9 situace (kdy Ukrajina nem\u016f\u017ee vyhr\u00e1t a Rusko nen\u00ed mo\u017en\u00e9 porazit, ani svrhnout Putina vlivem sankc\u00ed apod.). A tady pr\u00e1v\u011b p\u0159ich\u00e1z\u00ed na \u0159adu nebezpe\u010d\u00ed, kter\u00e9 jsem nazna\u010dil v\u00fd\u0161e: \u017ee toti\u017e pokud ukrajinsk\u00e1 protiofenz\u00edva sel\u017ee (co\u017e se v \u010dervenci bude v\u011bd\u011bt u\u017e bezpe\u010dn\u011b, zda selhala, \u010di ne), nastane pl\u00e1n B, kter\u00fd spo\u010d\u00edv\u00e1 v tom, \u017ee Ukrajin\u011b p\u0159ijde na pomoc tzv. koalice ochotn\u00fdch. A v t\u00e9to koalici je bohu\u017eel i \u010cesk\u00e1 republika, co\u017e bude znamenat, \u017ee H\u0148upem neust\u00e1le proklamovan\u00e9 \u201ejsme ve v\u00e1lce\u201c, dosud samoz\u0159ejm\u011b my\u0161len\u00e9 jako \u201emetafora\u201c, bude r\u00e1zem neoddiskutovateln\u00fdm faktem se v\u0161emi hrozn\u00fdmi n\u00e1sledky, kter\u00e9 z toho mohou vyplynout. H\u0148upova vl\u00e1da je dost \u0161\u00edlen\u00e1 na to, aby to u\u010dinila \u2013 \u201echce to sice odvahu\u201c, ale t\u00e9 m\u00e1 vl\u00e1da evidentn\u011b na rozd\u00e1v\u00e1n\u00ed. Odvahu zav\u0159\u00edt nepohodln\u00e1 m\u00e9dia, odvahu okr\u00e1st d\u016fchodce, odvahu v\u0161echny zdanit kv\u016fli napjat\u00e9mu rozpo\u010dtu a vz\u00e1p\u011bt\u00ed vyhodit pen\u00edze za americk\u00e9 zbran\u011b, odvahu vyhla\u0161ovat v\u00e1lku jadern\u00e9 mocnosti. V podstat\u011b vid\u00edme, \u017ee se s t\u00edm u\u017e po\u010d\u00edt\u00e1 t\u00e9m\u011b\u0159 jako s hotovou v\u011bc\u00ed. Pro\u010d jinak by si pan \u0158ehka pou\u0161t\u011bl pusu na \u0161pac\u00edr tak, jak to u\u017e n\u011bkolik m\u011bs\u00edc\u016f d\u011bl\u00e1 a stra\u0161il lidi mobilizac\u00ed? Bu\u010f je to \u0161\u00ed\u0159en\u00ed popla\u0161n\u00e9 zpr\u00e1vy a pan \u0158ehka by za to m\u011bl n\u00e9st odpov\u011bdnost, nebo n\u00e1s na to skute\u010dn\u011b p\u0159ipravuj\u00ed, proto\u017ee v\u011bd\u00ed n\u011bco, co my ne\u2026<\/p>\n<p>A nejde zdaleka jen o to, co \u0159ekne n\u011bjak\u00fd pan \u0158ehka, ale co ned\u00e1vno \u0159ekl n\u011bjak\u00fd pan Rasmussen, b\u00fdval\u00fd tajemn\u00edk NATO, kter\u00fd je nyn\u00ed moment\u00e1ln\u011b poradcem ukrajinsk\u00e9ho komika. Pronesl toti\u017e se v\u0161\u00ed v\u00e1\u017enost\u00ed, \u017ee pokud Ukrajina na zm\u00edn\u011bn\u00e9m summitu ve Vilniusu nedostane bezpe\u010dnost\u00ed garance (\u010d\u00edm\u017e se mysl\u00ed nap\u0159\u00edklad vstupenka do NATO) \u2013 a ty nedostane u\u017e z toho prost\u00e9ho d\u016fvodu, \u017ee v\u017edy bude n\u011bjak\u00e1 zem\u011b (n\u011bjak\u00e9 zem\u011b) proti a budou takov\u00fd n\u00e1pad vetovat \u2013 p\u0159ijde na \u0159adu zmi\u0148ovan\u00fd pl\u00e1n B. Tedy nasazen\u00ed koalice ochotn\u00fdch, \u010dili arm\u00e1d zem\u00ed t\u00e9m\u011b\u0159 cel\u00e9 Bukure\u0161\u0165sk\u00e9 dev\u00edtky, kte\u0159\u00ed na Ukrajinu vy\u0161lou sv\u00e9 sbory jakoby mimo NATO, jen na z\u00e1klad\u011b bilater\u00e1ln\u00edch dohod s Ukrajinou, co\u017e ale v praxi bude znamenat t\u00e9m\u011b\u0159 tot\u00e9\u017e, jako p\u0159\u00edm\u00e9 anga\u017em\u00e1 NATO, s jednou v\u00fdjimkou, kterou si \u0159ekneme vz\u00e1p\u011bt\u00ed. V tomto podivn\u00e9m spolku v\u00e1lkou nadr\u017een\u00fdch zem\u00ed je samoz\u0159ejm\u011b nejv\u011bt\u0161\u00ed nadr\u017eenec Polsko, v z\u00e1v\u011bsu za n\u00edm pak \u010cR, Slovensko, t\u0159i pobaltsk\u00e9 zem\u011b, Rumunsko, Bulharsko a Ma\u010farsko. Ma\u010farsko by do v\u00e1le\u010dn\u00e9ho dobrodru\u017estv\u00ed ne\u0161lo, proto \u0159\u00edk\u00e1m, \u017ee B9, jak se Bukure\u0161\u0165sk\u00e9 dev\u00edtce zkr\u00e1cen\u011b \u0159\u00edk\u00e1, se s koalic\u00ed ochotn\u00fdch kryje jen z\u010d\u00e1sti, i kdy\u017e ze sv\u00e9 v\u011bt\u0161\u00ed \u010d\u00e1sti.<\/p>\n<p>Co je vlastn\u011b koalice ochotn\u00fdch? Neform\u00e1ln\u00ed spojenectv\u00ed, kter\u00e9 je pape\u017e\u0161t\u011bj\u0161\u00ed ne\u017e pape\u017e \u2013 natov\u0161t\u011bj\u0161\u00ed ne\u017e NATO. Kdy\u017e se Severoatlantick\u00e9 alianci (\u010dti USA) n\u011bkam nechce, je n\u011bco moc riskantn\u00ed, p\u0159im\u011bje sv\u00e9 p\u0159icmrnd\u00e1va\u010de, aby \u0161pinavou pr\u00e1ci ud\u011blali za ni. N\u011bkdy (nebo sp\u00ed\u0161e v\u011bt\u0161inou) sed\u00ed v \u010dele p\u0159icmrnd\u00e1vaj\u00edc\u00edch zem\u00ed takov\u00e9 politick\u00e9 vlezdoprdelky, \u017ee to Ameri\u010dan\u00e9 ani nemusej\u00ed p\u0159ikazovat, sta\u010d\u00ed jen spiklenecky mrknout a \u00faslu\u017en\u00e9 vl\u00e1dy se mohou hore\u010dnatou aktivitou p\u0159etrhnout, aby se americk\u00e9mu p\u00e1n\u00ed\u010dkovi zal\u00edbily. N\u011bkdy dokonce cht\u011bj\u00ed v\u00e1l\u010dit tak urputn\u011b, a\u017e vyd\u011bs\u00ed i samotn\u00e9 Am\u00edky: jako kdy\u017e nap\u0159\u00edklad zatoulan\u00e1 ukrajinsk\u00e1 raketa p\u0159evrhla polsk\u00fd valn\u00edk s hnojem a \u010desk\u00e1 ministryn\u011b obrany u\u017e vytahovala z kabelky tank a \u0161turmovala do boje proti Rusku, a\u017e ji musel zastavit samotn\u00fd americk\u00fd str\u00fd\u010dek Joe. Probudil ze sp\u00e1nku a zhrozil se, \u017ee by spojeneck\u00e9 vlezdoprdelky odstartovaly jadernou apokalypsu na vlastn\u00ed p\u011bst. Takov\u00fdch pomatenc\u016f je hojn\u011b nejen u n\u00e1s, ale je\u0161t\u011b v\u00edce v Polsku, na Slovensku, v Pobalt\u00ed \u2013 ti v\u0161ichni se u\u017e t\u0159esou, jsou na startovac\u00edch zna\u010dk\u00e1ch, d\u00edvaj\u00ed se na americkou p\u00ed\u0161\u0165alku a n\u011bkter\u00fdm te\u010dou nervy tak moc, \u017ee omylem startuj\u00ed moc brzy, ze strachu, aby snad nevystartovali moc pozd\u011b. Tak klid, cht\u011blo by se \u0159\u00edci, ono se vlastn\u011b v\u016fbec nikam b\u011b\u017eet nemus\u00ed, ale koalice ochotn\u00fdch by b\u011b\u017eela tak moc r\u00e1da, tak moc r\u00e1da by se p\u0159edvedla, \u017ee se snad v\u00edc ne\u017e v\u00e1lky boj\u00ed toho, \u017ee by se nakonec sprint odp\u00edskal a nekonal. Jak by se pak p\u0159ed sv\u00fdm p\u00e1n\u00ed\u010dkem potom vyt\u00e1hli?<\/p>\n<p>Jin\u00fdmi slovy, takov\u00fd spolek poskok\u016f bychom mohli nazvat u\u017eite\u010dn\u00fdmi idioty, proto\u017ee z toho pro n\u011b neplyne nic dobr\u00e9ho, jen sam\u00e1 negativa. Berou na sebe riziko za n\u011bkoho jin\u00e9ho, ale na druh\u00e9 misce vah nen\u00ed nic, co by to vyv\u00e1\u017eilo. Klidn\u011b zat\u00e1hnou svou zemi do v\u00e1lky, ani\u017e by museli, prost\u011b jen proto, \u017ee Ameri\u010dan\u016fm to tak vyhovuje a oni by jim tak moc cht\u011bli vyhov\u011bt. Samoz\u0159ejm\u011b za to nikdy nic nedostanou, maxim\u00e1ln\u011b tak vy\u0159azen\u00fd a p\u0159edra\u017een\u00fd americk\u00fd vojensk\u00fd \u0161rot a p\u00e1r bezcenn\u00fdch medail\u00ed \u010di prebend, ale podrb\u00e1n\u00ed za ou\u0161kem od americk\u00e9ho prezidenta je pro n\u011bkter\u00e9 politick\u00e9 ubo\u017e\u00e1ky natolik l\u00e1kav\u00e9, \u017ee klidn\u011b svou zemi kv\u016fli n\u011b\u010demu tak n\u00edzk\u00e9mu ob\u011btuj\u00ed. V na\u0161em p\u0159\u00edpad\u011b to bude znamenat, \u017ee pokud budou na\u0161i voj\u00e1ci na Ukrajin\u011b, jsme p\u0159\u00edm\u00fdmi \u00fa\u010dastn\u00edky konfliktu a pro Rusko tedy jednozna\u010dn\u00fdm c\u00edlem. Je tak\u00e9 velice pravd\u011bpodobn\u00e9, \u017ee d\u0159\u00edve \u010di pozd\u011bji n\u011bkter\u00fd z \u010desk\u00fdch voj\u00e1k\u016f m\u016f\u017ee na Ukrajin\u011b pod rusk\u00fdm \u00faderem padnout a premi\u00e9r H\u0148up m\u016f\u017ee vyhl\u00e1sit v\u00e1le\u010dn\u00fd stav, aby se zl\u00e9mu Rusku za padl\u00e9 voj\u00e1ky \u201epomstil\u201c. Co\u017e op\u011bt povede k t\u00e9mu\u017e \u2013 budeme-li ve v\u00e1lce s Ruskem, jsme pro Rusko legitimn\u00edm c\u00edlem. N\u011bkte\u0159\u00ed z politik\u016f si p\u0159i t\u00e9to p\u0159edstav\u011b nejsp\u00ed\u0161e ucvrnk\u00e1vaj\u00ed do textilu, ale oby\u010dejn\u00fd \u010dlov\u011bk by se z n\u011b\u010deho takov\u00e9ho radovat nem\u011bl, proto\u017ee to m\u016f\u017eeme odsk\u00e1kat v\u0161ichni.<\/p>\n<p>Nyn\u00ed teprve d\u00e1vaj\u00ed smysl \u0158ehkova slova o tom, \u017ee Rusko je na trajektorii st\u0159etu s NATO a \u017ee v tomto st\u0159etu budeme coby \u010cesk\u00e1 republika od prvn\u00ed minuty a nejen sv\u00fdmi profesion\u00e1ln\u00edmi voj\u00e1ky, ale zapojit se pr\u00fd bude muset cel\u00e1 spole\u010dnost. Tohle nikdy ned\u00e1valo smysl \u2013 \u010dlenov\u00e9 NATO p\u0159eci hlasuj\u00ed o tom, jak se zachovat v p\u0159\u00edpad\u011b napaden\u00ed \u010dlensk\u00e9 zem\u011b nep\u0159\u00edtelem, \u010dl\u00e1nek 5 neznamen\u00e1 automaticky, \u017ee mu p\u0159ijdou vojensky na pomoc (proto tak\u00e9 NATO nic negarantuje). Pro\u010d tedy n\u011bkdo u\u017e dop\u0159edu tvrd\u00ed, \u017ee budeme ve v\u00e1lce od prvn\u00ed minuty? No, v p\u0159\u00edpad\u011b vysl\u00e1n\u00ed koalice ochotn\u00fdch \u2013 koalice u\u017eite\u010dn\u00fdch idiot\u016f \u2013 bude samoz\u0159ejm\u011b \u010cesk\u00e1 republika prvn\u00ed na zna\u010dk\u00e1ch \u2013 a tak\u00e9 prvn\u00ed na r\u00e1n\u011b. A potom je jasn\u00e9, \u017ee ta hrstka profesion\u00e1ln\u00edch voj\u00e1k\u016f nebude sta\u010dit a proto n\u00e1m \u0158ehka vyhro\u017euje mobilizac\u00ed, proto\u017ee p\u0159ed Ameri\u010dany se p\u0159ece nem\u016f\u017eeme bl\u00fdsknout jen p\u00e1r tis\u00edci voj\u00e1ky, ale mus\u00edme uk\u00e1zat, \u017ee si vytou\u017een\u00e9 americk\u00e9 podrb\u00e1n\u00ed zaslou\u017e\u00edme\u2026 Koalice ochotn\u00fdch idiot\u016f nebude \u010dekat na \u017e\u00e1dn\u00e9 NATO, na \u017e\u00e1dn\u00e9 hlasov\u00e1n\u00ed, na \u017e\u00e1dn\u00e9 debaty, ona prost\u011b naklu\u0161e na Ukrajinu na vlastn\u00ed triko. Pro\u010d? Proto\u017ee m\u00e1me mindr\u00e1k, \u017ee nejsme dostate\u010dn\u011b br\u00e1ni v\u00e1\u017en\u011b (v EU, v NATO), proto\u017ee m\u00e1me opr\u00e1vn\u011bn\u00fd pocit, \u017ee na n\u00e1s z\u00e1padn\u00ed zem\u011b ka\u0161lou a my si chceme zaslou\u017eit, \u017ee do t\u00e9to party pat\u0159\u00edme, tak\u017ee se klidn\u011b nab\u00eddneme, \u017ee ud\u011bl\u00e1me cokoli (klidn\u011b i n\u011bjakou \u0161pinavou v\u011bc), jen proto, aby n\u00e1s vzali mezi sebe a popl\u00e1cali n\u00e1s po z\u00e1dech. T\u0159eba si n\u00e1s pak budou i v\u0161\u00edmat\u2026?<\/p>\n<p>A pak je tu je\u0161t\u011b jeden mindr\u00e1k, kter\u00fd vysv\u011btluje, pro\u010d \u010desk\u00fd premi\u00e9r s viz\u00e1\u017e\u00ed pro\u0161ediv\u011bl\u00e9ho Harry Pottera chce j\u00edt s pomyslnou st\u0159\u00edkac\u00ed pistolkou na rusk\u00e9ho jadern\u00e9ho medv\u011bda. Zastydl\u00e1 puberta t\u011bch, kte\u0159\u00ed maj\u00ed mindr\u00e1k z \u0161edes\u00e1t\u00e9ho osm\u00e9ho. Na odpor se tehdy nikdo nepostavil, bojovalo se jen let\u00e1ky, vtipy a n\u00e1pisy v\u00e1pnem na vratech. Politici se \u201eposrali v kin\u011b\u201c a ob\u010dan\u00e9 jakbysmet. A tak \u2013 aby se n\u011bkde vy\u0161krabal alespo\u0148 jeden hrdina \u2013 vytahuje se jak\u00fdsi Kriegel, kter\u00fd pr\u00fd \u201enepodepsal\u201c, ale on ani nemohl, proto\u017ee na jedn\u00e1n\u00ed v Moskv\u011b nebyl pozv\u00e1n, co\u017e se nev\u00ed, proto\u017ee se to zaml\u010duje a v oslavn\u00e9m nov\u00e9m filmu o n\u011bm se to nejsp\u00ed\u0161e nedozv\u00edme \u2013 ov\u0161em historik Vladim\u00edr \u010cerm\u00e1k o tom p\u00ed\u0161e jasn\u011b \u2013 nebyl pozv\u00e1n, proto\u017ee sov\u011btsk\u00e9 veden\u00ed ho evidovalo jako agenta Mossadu, a tak ho nechalo \u010dekat na hotelov\u00e9m pokoji. Ale to jen tak na okraj. Zkr\u00e1tka \u2013 nikdo se nepostavil Sov\u011bt\u016fm na odpor a politici z toho dodnes maj\u00ed mindr\u00e1ky. Samoz\u0159ejm\u011b ti dne\u0161n\u00ed se nemohli postavit na odpor, proto\u017ee v t\u00e9 dob\u011b je\u0161t\u011b ani ne\u017eili nebo si v t\u00e9 dob\u011b hr\u00e1li na p\u00edskovi\u0161ti, ale maj\u00ed mindr\u00e1ky za sv\u00e9 otce, kte\u0159\u00ed se nezmohli na odpor a potom se je\u0161t\u011b nav\u00edc \u201eposrali v kin\u011b\u201c i po druh\u00e9 \u2013 toti\u017e p\u0159i normalizaci. Dnes by cht\u011bli b\u00fdt hrdiny, kte\u0159\u00ed to Rusku nat\u0159ou, kte\u0159\u00ed mu to vr\u00e1t\u00ed, kte\u0159\u00ed mu to oplat\u00ed, kte\u0159\u00ed mu to nandaj\u00ed, tu m\u00e1\u0161, ty zl\u00fd Rus\u00e1ku, za v\u0161echno to p\u0159\u00edko\u0159\u00ed, za to, \u017ee jste na n\u00e1s byli tehdy tak o\u0161kliv\u00ed, \u017ee jsme se v\u00e1s b\u00e1li a ani nep\u00edpli. Dnes si hraj\u00ed na voj\u00e1ky, dnes si hraj\u00ed na hrdiny \u2013 samoz\u0159ejm\u011b ale jen z pozice tepl\u00e9 kancel\u00e1\u0159e, p\u0159\u00edpadn\u011b ze zatemn\u011bn\u00e9ho vlaku, kter\u00fd jede maxim\u00e1ln\u011b tak do Polska. Je v tom i mindr\u00e1k z odp\u00edskan\u00e9 mobilizace v t\u0159ic\u00e1t\u00e9m osm\u00e9m, kdy pr\u00fd n\u00e1rod cht\u011bl bojovat, ale politici se zalekli (sp\u00ed\u0161e ale: poslouchali p\u0159\u00edkazy vy\u0161\u0161\u00edch zedn\u00e1\u0159\u016f, \u017ee pane Bene\u0161i?). A dnes je to p\u0159esn\u011b naopak, ale vlastn\u011b stejn\u011b \u2013 n\u00e1rod bojovat nechce, proto\u017ee nev\u00ed, pro\u010d by m\u011bl, dob\u0159e toti\u017e v\u00ed, \u017ee to nen\u00ed v jeho z\u00e1jmu a \u017ee se ho tento koflikt net\u00fdk\u00e1, ale politici do boje tentokr\u00e1t naopak burcuj\u00ed. \u017de by se pochlapili a byli najednou state\u010dn\u00ed? Ale kde\u017ee. To jen zase poslouchaj\u00ed p\u0159\u00edkazy v\u00fd\u0161e postaven\u00fdch zedn\u00e1\u0159\u016f, kte\u0159\u00ed dnes \u2013 pro zm\u011bnu \u2013 v\u00e1l\u010dit pot\u0159ebuj\u00ed (tak jako tehdy pot\u0159ebovali, aby \u010ceskoslovensko nekladlo odpor). V\u0161imn\u011bte si, \u017ee Ma\u010farsko, kter\u00e9 by mohlo m\u00edt z hlediska neblah\u00e9 historick\u00e9 zku\u0161enosti (rok 1956) motivaci, j\u00edt do v\u00e1lky s Ruskem, do n\u00ed nejde. Nemaj\u00ed \u017e\u00e1dn\u00fd mindr\u00e1k, proto\u017ee byli tehdy state\u010dn\u00ed, kdy\u017e state\u010dn\u00ed b\u00fdt m\u011bli. Dnes si proto nepot\u0159ebuj\u00ed nic dokazovat. Ale my, kte\u0159\u00ed jsme byli ponech\u00e1ni v 68. Z\u00e1padem na holi\u010dk\u00e1ch (podobn\u011b jako Ma\u010fa\u0159i v pades\u00e1t\u00e9m \u0161est\u00e9m) a proto jsme sv\u016fj \u201esocialismus s lidskou tv\u00e1\u0159\u00ed\u201c rad\u011bji pod sov\u011btsk\u00fdmi hlavn\u011bmi odvolali, se dnes chceme t\u00e9mu\u017e Z\u00e1padu zal\u00edbit sv\u00fdm n\u00e1hle objeven\u00fdm hrdinstv\u00edm? M\u00e1m jin\u00fd ne\u017e v\u0161eobecn\u011b p\u0159ij\u00edman\u00fd n\u00e1zor na ud\u00e1losti roku 1968, ale p\u0159esto mus\u00edm \u0159\u00edci, \u017ee si mysl\u00edm, \u017ee politici jsou od t\u00e9 doby zamindr\u00e1kovan\u00ed, a to nen\u00ed dob\u0159e.<\/p>\n<p>A kdy\u017e u\u017e tu byla \u0159e\u010d o tom, \u017ee Z\u00e1pad n\u00e1s nechal (a Ma\u010fary tak\u00e9) na holi\u010dk\u00e1ch, co\u017e Z\u00e1pad ud\u011bl\u00e1 v\u017edy, kdy\u017e vyc\u00edt\u00ed, \u017ee riziko je p\u0159\u00edli\u0161 velk\u00e9 \u2013 nejprve vyburcuje sv\u00e9 \u201epartnery\u201c, pak ucukne a nech\u00e1 je v tom \u2013 tak p\u0159esn\u011b tak to dopadne v p\u0159\u00edpad\u011b, \u017ee se banda ochotn\u00fdch blb\u016f nech\u00e1 vman\u00e9vrovat na Ukrajinu a tam se, nedej Bo\u017ee, n\u011bco semele. Nemus\u00edme b\u00fdt velk\u00fdmi znalci historie, abychom v\u011bd\u011bli, jak se k n\u00e1m Z\u00e1pad asi zachov\u00e1, a\u017e n\u00e1m zase pote\u010de do bot. A m\u011blo by n\u00e1s hlavn\u011b trknout toto: pokud samotn\u00fd \u010dl\u00e1nek 5 Smlouvy NATO skute\u010dn\u011b pr\u00e1vn\u011b nijak negarantuje na\u0161i ochranu a bezpe\u010dnost ani dnes (proto\u017ee mluv\u00ed pouze o tom, \u017ee na\u0161i spojenci \u201ezv\u00e1\u017e\u00ed, jak zareaguj\u00ed\u201c), jakou garanci budeme m\u00edt, a\u017e na Ukrajinu p\u016fjdeme bez NATO, na vlastn\u00ed p\u011bst? Mysl\u00edte, \u017ee NATO n\u00e1m pak p\u0159ijde na pomoc? Ne\u0159ekne n\u00e1m sp\u00ed\u0161e \u2013 \u00e9to v\u00e1\u0161e \u010f\u00e9lo? Nebo tedy sp\u00ed\u0161e p\u0159esn\u011bji: it\u00b4s not our business\u2026?<\/p>\n<p>Vlasti zdar!<\/p>\n<p><em><strong>Adam B. Barto\u0161<\/strong><\/em><br \/>\n<em>p\u0159edseda N\u00e1rodn\u00ed demokracie<\/em><br \/>\n\u00davodn\u00ed obr\u00e1zek: CD89.cz<\/p>\n<p><img decoding=\"async\" loading=\"lazy\" class=\"alignnone size-full wp-image-678\" src=\"http:\/\/www.infokuryr.cz\/n\/wp-content\/uploads\/2021\/04\/narodni_demokracie_logo.jpg\" alt=\"\" width=\"300\" height=\"85\" \/><\/p>\n<p>________________________________<\/p>\n<p>&nbsp;<\/p>\n<p>&nbsp;<\/p>\n<p>&nbsp;<\/p>\n<p><img decoding=\"async\" loading=\"lazy\" class=\"wp-image-19187 aligncenter\" src=\"http:\/\/www.infokuryr.cz\/n\/wp-content\/uploads\/2022\/12\/1-PRO-300x36.jpg\" alt=\"\" width=\"1267\" height=\"152\" srcset=\"https:\/\/www.infokuryr.cz\/n\/wp-content\/uploads\/2022\/12\/1-PRO-300x36.jpg 300w, https:\/\/www.infokuryr.cz\/n\/wp-content\/uploads\/2022\/12\/1-PRO.jpg 699w\" sizes=\"(max-width: 1267px) 100vw, 1267px\" \/><\/p>\n<p>&nbsp;<\/p>\n<p>&nbsp;<\/p>\n<p>&nbsp;<\/p>\n","protected":false},"excerpt":{"rendered":"<p>P\u011bkn\u00e9 po\u010das\u00ed posledn\u00edch dn\u00ed v \u010dlov\u011bku sni\u017euje obez\u0159etnost a ostra\u017eitost. Kdy\u017e jsme mrznuli ve dvou&#8230;<\/p>\n","protected":false},"author":2,"featured_media":30058,"comment_status":"closed","ping_status":"closed","sticky":false,"template":"","format":"standard","meta":[],"categories":[6],"tags":[367,29,85,122],"_links":{"self":[{"href":"https:\/\/www.infokuryr.cz\/n\/wp-json\/wp\/v2\/posts\/30057"}],"collection":[{"href":"https:\/\/www.infokuryr.cz\/n\/wp-json\/wp\/v2\/posts"}],"about":[{"href":"https:\/\/www.infokuryr.cz\/n\/wp-json\/wp\/v2\/types\/post"}],"author":[{"embeddable":true,"href":"https:\/\/www.infokuryr.cz\/n\/wp-json\/wp\/v2\/users\/2"}],"replies":[{"embeddable":true,"href":"https:\/\/www.infokuryr.cz\/n\/wp-json\/wp\/v2\/comments?post=30057"}],"version-history":[{"count":1,"href":"https:\/\/www.infokuryr.cz\/n\/wp-json\/wp\/v2\/posts\/30057\/revisions"}],"predecessor-version":[{"id":30059,"href":"https:\/\/www.infokuryr.cz\/n\/wp-json\/wp\/v2\/posts\/30057\/revisions\/30059"}],"wp:featuredmedia":[{"embeddable":true,"href":"https:\/\/www.infokuryr.cz\/n\/wp-json\/wp\/v2\/media\/30058"}],"wp:attachment":[{"href":"https:\/\/www.infokuryr.cz\/n\/wp-json\/wp\/v2\/media?parent=30057"}],"wp:term":[{"taxonomy":"category","embeddable":true,"href":"https:\/\/www.infokuryr.cz\/n\/wp-json\/wp\/v2\/categories?post=30057"},{"taxonomy":"post_tag","embeddable":true,"href":"https:\/\/www.infokuryr.cz\/n\/wp-json\/wp\/v2\/tags?post=30057"}],"curies":[{"name":"wp","href":"https:\/\/api.w.org\/{rel}","templated":true}]}}