{"id":30000,"date":"2023-06-12T06:37:16","date_gmt":"2023-06-12T04:37:16","guid":{"rendered":"http:\/\/www.infokuryr.cz\/n\/?p=30000"},"modified":"2023-06-12T06:37:16","modified_gmt":"2023-06-12T04:37:16","slug":"zbynek-fiala-nespokojeni-o-verejnych-financich","status":"publish","type":"post","link":"https:\/\/www.infokuryr.cz\/n\/2023\/06\/12\/zbynek-fiala-nespokojeni-o-verejnych-financich\/","title":{"rendered":"Zbyn\u011bk Fiala: Nespokojen\u00ed o ve\u0159ejn\u00fdch financ\u00edch"},"content":{"rendered":"<div id=\"fb-root\"><\/div>\n<p><strong>Pr\u016fm\u011brn\u00fd celoro\u010dn\u00ed deficit z let 2015 a\u017e 2019 n\u00e1m letos v kv\u011btnu nasko\u010dil za pouh\u00e9 t\u0159i dny!, uvedl v diskusn\u00edm podve\u010deru Nespokojen\u00fdch d\u011bkan N\u00e1rodohospod\u00e1\u0159sk\u00e9 fakulty V\u0160E doc. Miroslav \u0160ev\u010d\u00edk. Odbory te\u010f mus\u00ed prok\u00e1zat, \u017ee nejsou pap\u00edrov\u00fd tygr, konstatoval b\u00fdval\u00fd ministr pr\u016fmyslu Jan Ml\u00e1dek.<\/strong><\/p>\n<p>Zaj\u00edmav\u00e1 sestava p\u011bti ekonomick\u00fdch odborn\u00edk\u016f diskutovala ve \u010dtvrtek v\u00a0podve\u010der V\u00a0Praze na Novotn\u00e9ho l\u00e1vce o z\u00e1chrann\u00e9m bal\u00ed\u010dku vl\u00e1dy, d\u016fchodov\u00e9 reform\u011b, inflac\u00edch a dan\u00edch. Diskuse organizovan\u00e9 spolkem Nespokojen\u00fdch se z\u00fa\u010dastnili doc. Ing. Miroslav \u0160ev\u010d\u00edk, CSc., d\u011bkan N\u00e1rodohospod\u00e1\u0159sk\u00e9 fakulty, Ing. Jan Ml\u00e1dek, CSc., b\u00fdval\u00fd ministr pr\u016fmyslu a obchodu, ale i b\u00fdval\u00fd n\u00e1m\u011bstek ministra financ\u00ed, Ing. Yvona Legiersk\u00e1, Ph. D., b\u00fdval\u00e1 n\u00e1m\u011bstkyn\u011b ministra financ\u00ed \u010cR, Ing. Jaroslav \u0160ulc, CSc., b\u00fdval\u00fd n\u00e1m\u011bstek ministra financ\u00ed \u010cR, potom ekonomick\u00fd analytik \u010cMKOS. Moderoval Ing. Ji\u0159\u00ed Paroubek, b\u00fdval\u00fd premi\u00e9r, ale p\u0159edt\u00edm i b\u00fdval\u00fd n\u00e1m\u011bstek pra\u017esk\u00e9ho prim\u00e1tora pro finance. Byla to tedy opravdu kvalifikovan\u00e1 sestava.<\/p>\n<p>Debata m\u00e1 b\u00fdt zve\u0159ejn\u011bna na webu Nespokojen\u00fdch (<a href=\"https:\/\/www.nespokojeni2023.cz\/\">https:\/\/www.nespokojeni2023.cz\/<\/a>). Paroubek o t\u011bchto t\u00e9matech u n\u00e1s pravideln\u011b publikuje, \u0160ulcovo t\u00e9ma najdeme podrobn\u011b zpracov\u00e1no v\u00a0anal\u00fdze \u010cMKOS, o kter\u00e9 u\u017e jsem tu psal, Legiersk\u00e1 se v\u011bnovala detail\u016fm da\u0148ov\u00e9 \u010d\u00e1sti bal\u00ed\u010dku, co\u017e je sp\u00ed\u0161e pro odborn\u00edky. V\u00a0tomto p\u0159\u00edsp\u011bvku proto shrnu jen to, co mne zaujalo u zbyl\u00fdch dvou. Jan Ml\u00e1dek prezentoval velk\u00fd obraz ekonomick\u00e9 situace a doc. Miroslav \u0160ev\u010d\u00edk na\u0161el mimo\u0159\u00e1dn\u011b dramatick\u00e9 vyj\u00e1d\u0159en\u00ed zejm\u00e9na pro zni\u010duj\u00edc\u00ed dom\u00e1c\u00ed trend.<\/p>\n<p>Nejprve Jan Ml\u00e1dek, kter\u00fd k\u00a0panice kolem st\u00e1tn\u00edho rozpo\u010dtu uvedl, \u017ee probl\u00e9m zat\u00edm nen\u00ed ve velikosti\u00a0dluhu, ale v\u00a0tempu zadlu\u017eov\u00e1n\u00ed, kter\u00e9 je jedno z\u00a0nejvy\u0161\u0161\u00edch v\u00a0EU. Inflace je taky nejvy\u0161\u0161\u00ed, nezam\u011bstnanost je n\u00edzk\u00e1 a r\u016fst HDP je n\u011bkde u nuly, co\u017e nazna\u010duje riziko stagflace.<\/p>\n<p>Struktur\u00e1ln\u00ed deficit ve\u0159ejn\u00fdch financ\u00ed prudce vzrostl v\u00a0d\u016fsledku \u0159ady krok\u016f, na kter\u00fdch se pod\u00edlela i minul\u00e1 vl\u00e1da. Zru\u0161en\u00ed superhrub\u00e9 mzdy bylo spr\u00e1vn\u00e9, ale nikdo ne\u0159e\u0161il, kde nahradit\u00a0 100 miliard korun, o kter\u00e9 se sn\u00ed\u017eil v\u00fdnos p\u0159\u00edjmov\u00e9 dan\u011b. Vedle toho byla zru\u0161ena da\u0148 z\u00a0p\u0159evodu nemovitost\u00ed a silni\u010dn\u00ed da\u0148 pro osobn\u00ed auta. Dohromady to d\u011bl\u00e1 130 miliard korun a vznik\u00e1 ot\u00e1zka \u2013 kdo to zaplat\u00ed? (\u0160ulc a Legiersk\u00e1 pak podpo\u0159ili my\u0161lenku progres\u00edvn\u00edho zdan\u011bn\u00ed, to znamen\u00e1 vybrat v\u00edc od vysok\u00fdch p\u0159\u00edjm\u016f.)<\/p>\n<p>Penzijn\u00ed syst\u00e9m je soustavn\u011b oslabov\u00e1n t\u00edm, \u017ee pokra\u010duje \u0161varcsyst\u00e9m a ni\u017e\u0161\u00ed odvody OSV\u010c. To znamen\u00e1, \u017ee v\u00fdznamn\u00e1 \u010d\u00e1st \u00fa\u010dastn\u00edk\u016f syst\u00e9mu p\u0159isp\u00edv\u00e1 neadekv\u00e1tn\u011b, ale pak jsou naopak zv\u00fdhodn\u011bni. D\u016fchod se stanovuje nerovnom\u011brn\u011b vzhledem k\u00a0p\u0159edchoz\u00edm p\u0159\u00edjm\u016fm, z\u00a0t\u011bch vy\u0161\u0161\u00edch se zapo\u010d\u00edt\u00e1v\u00e1 jen mal\u00fd zlomek. Zato ten, kdo platil m\u00e1lo, m\u00e1 n\u00e1hradn\u00ed pom\u011br v\u00fdhodn\u00fd, proto\u017ee do d\u016fchodu se to zapo\u010d\u00edt\u00e1v\u00e1 t\u00e9m\u011b\u0159 jedna ku jedn\u00e9. Tak\u017ee existuj\u00ed velk\u00e9 skupiny, kter\u00e9 plat\u00ed m\u00e1lo, a\u010dkoliv by mohly platit v\u00edc, a p\u0159i v\u00fdpo\u010dtu d\u016fchodu jsou pak je\u0161t\u011b zv\u00fdhodn\u011bny.<\/p>\n<p>Podstatn\u00e9 je, \u017ee nastal rozpad soci\u00e1ln\u00edho sm\u00edru, kter\u00fd byl pro na\u0161i republiku charakteristick\u00fd po cel\u00e1 desetilet\u00ed. Doch\u00e1z\u00ed k\u00a0dramatick\u00e9mu poklesu re\u00e1ln\u00fdch mezd. Odbory te\u010f mus\u00ed prok\u00e1zat, \u017ee nejsou pap\u00edrov\u00fd tygr.<\/p>\n<p>Mezi zahrani\u010dn\u00edmi vlivy dominuje klimatick\u00e1 politika EU a v\u00e1lka na Ukrajin\u011b. Ale doh\u00e1n\u00ed n\u00e1s i d\u016fsledky mnoha let kvantitativn\u00edho uvol\u0148ov\u00e1n\u00ed centr\u00e1ln\u00edch bank euroz\u00f3ny a USA. Dal\u0161\u00ed negativn\u00ed vliv p\u0159edstavuje nap\u011bt\u00ed mezi USA a \u010c\u00ednou. Je tu tak\u00e9 riziko krize euroz\u00f3ny, kdy Evropsk\u00e1 centr\u00e1ln\u00ed banka kupuje ve\u0159ejn\u00fd dluh It\u00e1lie a \u0160pan\u011blska, tak\u017ee N\u011bmecko fakticky financuje jih Evropy.<\/p>\n<p>Vl\u00e1dn\u00ed delegace jezd\u00ed objevovat nov\u00e9 obchodn\u00ed partnery na Tchajwanu a jinde ve sv\u011bt\u011b, aleve skute\u010dnosti \u010cesko nem\u00e1 moc velk\u00fd v\u00fdb\u011br. V\u00edce ne\u017e 90 procent \u010desk\u00e9ho exportu m\u00ed\u0159\u00ed do Evropy a Evropa je z\u00e1visl\u00e1 na tom, jak funguje EU. Nen\u00ed \u010das na hlouposti, uzav\u0159el Ml\u00e1dek.<\/p>\n<p>Docent Miroslav \u0160ev\u010d\u00edk pova\u017euje ve sv\u011bt\u011b za nejnebezpe\u010dn\u011bj\u0161\u00ed vliv politiky \u201ecovidismu\u201c, sleduj\u00edc\u00ed velk\u00e9 zm\u011bny pom\u011br\u016f jak o nich p\u00ed\u0161e Charles Schwab v\u00a0knize Great Reset. Podobn\u00e9 c\u00edle m\u00e1 sledovat i Green Deal. Skl\u00edz\u00edme tak\u00e9 d\u016fsledky chybn\u00e9 politiky Evropsk\u00e9 centr\u00e1ln\u00ed banky a jej\u00edho kvantitativn\u00edho uvol\u0148ov\u00e1n\u00ed. Sv\u011bt za\u010d\u00edn\u00e1 ovl\u00e1dat n\u011bkolik velk\u00fdch investi\u010dn\u00edch skupin \u2013 Vanguard, State Street, Black Rock Capital.<\/p>\n<p>\u010cesk\u00e1 vl\u00e1da p\u0159i covidu selhala, lockdowny zp\u016fsobily ekonomickou katastrofu. Doc. \u0160ev\u010d\u00edk si podrobn\u011b v\u0161\u00edmal zejm\u00e9na v\u00fdvoje ve\u0159ejn\u00fdch financ\u00ed. Mezi lety 2015 a\u017e 2019 jsme m\u011bli pr\u016fm\u011brn\u00fd ro\u010dn\u00ed deficit st\u00e1tn\u00edho rozpo\u010dtu 6 miliard korun. Ale pak mezi lety 2020 a 2021 vznikl schodek 787 miliard korun, ve kter\u00e9m je v\u0161ak ukryto 250 miliard korun \u201en\u00e1rokov\u00e9 ekonomiky\u201c, kter\u00e1 nesouvis\u00ed\u00a0 s\u00a0covidem. Ka\u017ed\u00fd si p\u0159ihodil, co pot\u0159eboval, proto\u017ee v\u011bd\u011bl, \u017ee v\u00a0t\u011bch velk\u00fdch \u010d\u00edslech se to ztrat\u00ed.<\/p>\n<p>Rekordn\u00ed \u010deskou inflaci doc. \u0160ev\u010d\u00edk pova\u017euje za d\u016fsledek chyb m\u011bnov\u011b politick\u00fdch rozhodnut\u00ed sp\u00ed\u0161e na \u00farovni \u010cesk\u00e9 n\u00e1rodn\u00ed banky, ale i Evropsk\u00e9 centr\u00e1ln\u00ed banky. ECB provozovala kvantitativn\u00ed uvol\u0148ov\u00e1n\u00ed a \u010cNB devizov\u00e9 intervence, kter\u00fdmi um\u011ble stla\u010dovala kurz koruny na 27 korun za euro. Skute\u010dnou katastrofu vid\u00edme, a\u017e kdy\u017e si uv\u011bdom\u00edme, \u017ee ceny byly vyhn\u00e1ny na vysokou \u00farove\u0148, ale na tu znovu p\u016fsob\u00ed vysok\u00e1 inflace. Znamen\u00e1 to, \u017ee drahota tu z\u016fstane, leda\u017ee by prob\u011bhla prudk\u00e1 deflace, ale nic takov\u00e9ho nelze o\u010dek\u00e1vat.<\/p>\n<p>Nejzaj\u00edmav\u011bj\u0161\u00ed byla \u010d\u00edsla, kter\u00e1 dokl\u00e1daj\u00ed v\u00fdvoj cenov\u00e9 hladiny p\u0159es cenov\u00fd index \u010cS\u00da, jeho\u017e z\u00e1klad 100 je z\u00a0roku 2015. Zvy\u0161ov\u00e1n\u00ed indexu pak ukazuje, jak daleko jsme se vzd\u00e1lili od cenov\u00e9 hladiny z\u00a0roku 2015. Roku 2020 byl tento cenov\u00fd index na 111, roku 2021 na 114, ale letos u\u017e se vy\u0161vihl na 147. Je tu tedy skok za dva roky o 30 procent. Mzdov\u00fd r\u016fst nepokryje ani t\u0159etinu t\u00e9to zm\u011bny.<\/p>\n<p>Doc. \u0160ev\u010d\u00edk je p\u0159esv\u011bd\u010den, \u017ee \u010cNB by u\u017e rozhodn\u011b nem\u011bla zvy\u0161ovat \u00farokov\u00e9 sazby. Bankovn\u00ed sektor v\u00a0\u010cesku m\u00e1 v\u00a0sou\u010dasn\u00e9 dob\u011b obrovsk\u00fd p\u0159ebytek likvidity, kterou m\u00e1 ulo\u017eenu jako rezervy u \u010cNB, a ty mu \u00faro\u010d\u00ed 7 procenty, tak\u017ee za lo\u0148sk\u00fd rok \u010cNB bank\u00e1m vyplatila 183 miliard korun \u2013 fakticky za nic. \u010cNB mus\u00ed ty pen\u00edze tisknout a t\u00edm podporuje inflaci. Zato firmy re\u00e1ln\u00e9 ekonomiky to ohro\u017euje. Pokud jde o na\u0161i z\u00e1kladn\u00ed sazbu 7 procent, nikde na sv\u011bt\u011b nebyla z\u00e1kladn\u00ed sazba zv\u00fd\u0161ena tak rychle jako u n\u00e1s, b\u011bhem necel\u00e9ho roku.<\/p>\n<p>Ale vysok\u00e9 \u00faroky jsou n\u00e1kladn\u00e9 tak\u00e9 pro stra\u0161liv\u00e9 schodky st\u00e1tn\u00edho rozpo\u010dtu, kter\u00e9 p\u0159itom rostou o 10 milion\u016f korun za minutu!! Pr\u016fm\u011brn\u00fd celoro\u010dn\u00ed deficit z\u00a0let 2015 a\u017e 2019 n\u00e1m letos v\u00a0kv\u011btnu nasko\u010dil za pouh\u00e9 t\u0159i dny!<\/p>\n<p>Doc. \u0160ev\u010d\u00edk navrhuje \u0159e\u0161en\u00ed spo\u010d\u00edvaj\u00edc\u00ed v\u00a0plo\u0161n\u00fdch \u0161krtech rozpo\u010dtu ve t\u0159ech skupin\u00e1ch \u2013 o 10 % v\u00a0prvn\u00ed, kde jsou zejm\u00e9na vl\u00e1dn\u00ed \u00fa\u0159ady, o 4 %, ve druh\u00e9, kde je i obrana, a maxim\u00e1ln\u011b\u00a0 o 1 % ve t\u0159et\u00ed, kde je jen ministerstvo pr\u00e1ce a soci\u00e1ln\u00edch v\u011bc\u00ed. Pl\u00e1novan\u00e9 n\u00e1klady obrany ho obzvl\u00e1\u0161\u0165 pobou\u0159ily. Z\u00e1kon, \u017ee to maj\u00ed b\u00fdt 2 % HDP ro\u010dn\u011b, je mimo realitu EU. N\u011bmecko d\u00e1valo roku 2021 jen 1,1 % HDP.<\/p>\n<p>\u010cesko se tedy chyst\u00e1, \u017ee roku 2024 ministerstvo obrany dostane p\u0159es 150 miliard korun. Nejsou to ale jedin\u00e9 pen\u00edze tohoto ur\u010den\u00ed, je tu tak\u00e9 v\u00e1lka na Ukrajin\u011b, kde ofici\u00e1ln\u00ed pomoc v\u00a0letech 2022 a 2023 zat\u00edm dos\u00e1hla 37 miliard korun, co\u017e je nejv\u00edc v\u00a0EU v\u00a0p\u0159epo\u010dtu na obyvatele. Vedle toho je v\u0161ak je\u0161t\u011b \u010d\u00e1st \u010desk\u00e9 pomoci, kter\u00e1 je utajovan\u00e1 a m\u016f\u017ee b\u00fdt dvakr\u00e1t v\u011bt\u0161\u00ed ne\u017e ta ve\u0159ejn\u00e1. Celkov\u00e1 pomoc na v\u00e1lku v Ukrajin\u011b tak m\u016f\u017ee podle doc. \u0160ev\u010d\u00edka dosahovat 100 miliard korun.<\/p>\n<p><em><a href=\"https:\/\/vasevec.info\/domaci-politika\/nespokojeni-o-verejnych-financich\">Zbyn\u011bk Fiala<\/a><\/em><br \/>\n<em>\u017durnalista, v minulosti dlouholet\u00fd \u0161\u00e9fredaktor \u010dasopisu Ekonom<\/em><\/p>\n<p><img decoding=\"async\" loading=\"lazy\" class=\"alignnone size-medium wp-image-18520\" src=\"http:\/\/www.infokuryr.cz\/n\/wp-content\/uploads\/2022\/11\/zbynek-fiala-300x208.jpg\" alt=\"\" width=\"300\" height=\"208\" srcset=\"https:\/\/www.infokuryr.cz\/n\/wp-content\/uploads\/2022\/11\/zbynek-fiala-300x208.jpg 300w, https:\/\/www.infokuryr.cz\/n\/wp-content\/uploads\/2022\/11\/zbynek-fiala.jpg 318w\" sizes=\"(max-width: 300px) 100vw, 300px\" \/><\/p>\n<p>_____________________________<\/p>\n<p>&nbsp;<\/p>\n<p>&nbsp;<\/p>\n<p><img decoding=\"async\" loading=\"lazy\" class=\"wp-image-19187 aligncenter\" src=\"http:\/\/www.infokuryr.cz\/n\/wp-content\/uploads\/2022\/12\/1-PRO-300x36.jpg\" alt=\"\" width=\"1317\" height=\"158\" srcset=\"https:\/\/www.infokuryr.cz\/n\/wp-content\/uploads\/2022\/12\/1-PRO-300x36.jpg 300w, https:\/\/www.infokuryr.cz\/n\/wp-content\/uploads\/2022\/12\/1-PRO.jpg 699w\" sizes=\"(max-width: 1317px) 100vw, 1317px\" \/><\/p>\n<p>&nbsp;<\/p>\n<p>&nbsp;<\/p>\n<p>&nbsp;<\/p>\n","protected":false},"excerpt":{"rendered":"<p>Pr\u016fm\u011brn\u00fd celoro\u010dn\u00ed deficit z let 2015 a\u017e 2019 n\u00e1m letos v kv\u011btnu nasko\u010dil za pouh\u00e9&#8230;<\/p>\n","protected":false},"author":2,"featured_media":1024,"comment_status":"closed","ping_status":"closed","sticky":false,"template":"","format":"standard","meta":[],"categories":[6],"tags":[1042,59,45,683,29],"_links":{"self":[{"href":"https:\/\/www.infokuryr.cz\/n\/wp-json\/wp\/v2\/posts\/30000"}],"collection":[{"href":"https:\/\/www.infokuryr.cz\/n\/wp-json\/wp\/v2\/posts"}],"about":[{"href":"https:\/\/www.infokuryr.cz\/n\/wp-json\/wp\/v2\/types\/post"}],"author":[{"embeddable":true,"href":"https:\/\/www.infokuryr.cz\/n\/wp-json\/wp\/v2\/users\/2"}],"replies":[{"embeddable":true,"href":"https:\/\/www.infokuryr.cz\/n\/wp-json\/wp\/v2\/comments?post=30000"}],"version-history":[{"count":0,"href":"https:\/\/www.infokuryr.cz\/n\/wp-json\/wp\/v2\/posts\/30000\/revisions"}],"wp:featuredmedia":[{"embeddable":true,"href":"https:\/\/www.infokuryr.cz\/n\/wp-json\/wp\/v2\/media\/1024"}],"wp:attachment":[{"href":"https:\/\/www.infokuryr.cz\/n\/wp-json\/wp\/v2\/media?parent=30000"}],"wp:term":[{"taxonomy":"category","embeddable":true,"href":"https:\/\/www.infokuryr.cz\/n\/wp-json\/wp\/v2\/categories?post=30000"},{"taxonomy":"post_tag","embeddable":true,"href":"https:\/\/www.infokuryr.cz\/n\/wp-json\/wp\/v2\/tags?post=30000"}],"curies":[{"name":"wp","href":"https:\/\/api.w.org\/{rel}","templated":true}]}}