{"id":29996,"date":"2023-06-12T06:30:54","date_gmt":"2023-06-12T04:30:54","guid":{"rendered":"http:\/\/www.infokuryr.cz\/n\/?p=29996"},"modified":"2023-06-12T06:30:54","modified_gmt":"2023-06-12T04:30:54","slug":"kam-patrime-patrime-na-zapad","status":"publish","type":"post","link":"https:\/\/www.infokuryr.cz\/n\/2023\/06\/12\/kam-patrime-patrime-na-zapad\/","title":{"rendered":"Kam pat\u0159\u00edme? Pat\u0159\u00edme na Z\u00e1pad?"},"content":{"rendered":"<div id=\"fb-root\"><\/div>\n<p><strong>Patrn\u011b nejhloup\u011bj\u0161\u00edm sloganem mocensk\u00e9 kliky sou\u010dasn\u00e9ho re\u017eimu je heslo \u201ePat\u0159\u00edme na Z\u00e1pad\u201c. Mimod\u011bk vypov\u00edd\u00e1 mnoh\u00e9 o duchovn\u00ed ubohosti a hlouposti sv\u00fdch autor\u016f a proponent\u016f. P\u0159edev\u0161\u00edm proto, \u017ee je zcela nepravdiv\u00fd, a to hned z mnoha p\u0159\u00ed\u010din:<\/strong><\/p>\n<p>V dob\u011b, kdy z\u00e1pad Evropy formovalo \u0159\u00edmsk\u00e9 a z\u00e1pado\u0159\u00edmsk\u00e9 imp\u00e9rium, le\u017eely na\u0161e zem\u011b mimo jejich hranice. U n\u00e1s se tedy \u0159\u00edmsk\u00e9 pr\u00e1vo a kultura prosadily a\u017e mnohem pozd\u011bji a zprost\u0159edkovan\u011b. I prvn\u00ed restaurace imp\u00e9ria v podob\u011b karolinsk\u00e9 \u0159\u00ed\u0161e, se na\u0161im zem\u00edm vyhnula a skon\u010dila p\u0159ed na\u0161\u00edm pohrani\u010dn\u00edm hvozdem. St\u00e1topr\u00e1vn\u011b n\u00e1s okrajov\u011b zas\u00e1hla a\u017e ta druh\u00e1, otonsk\u00e1 a to pouze proto, \u017ee jej\u00ed centrum bylo geograficky v t\u011bsn\u00e9m sousedstv\u00ed na\u0161ich zem\u00ed. Mlad\u00fd \u010desk\u00fd st\u00e1t, kter\u00e9mu n\u011bmeck\u00e9 c\u00edsa\u0159stv\u00ed je\u0161t\u011b dlouh\u00e1 l\u00e9ta up\u00edralo jak sv\u011btskou tak i duchovn\u00ed suverenitu, v\u0161ak p\u0159esto \u0161el svou jedine\u010dnou cestou. Nakonec se p\u0159es des\u00edtky poru\u0161en\u00fdch privilegi\u00ed, slib\u016f i smluv, oboj\u00edho domohl.<\/p>\n<p>Jazykov\u011b i kulturn\u011b je mimo v\u0161\u00ed pochybnost, \u017ee na\u0161i p\u0159edkov\u00e9 v\u011bt\u0161inov\u011b pat\u0159ili ke slovansk\u00e9 migra\u010dn\u00ed vln\u011b, kter\u00e1 p\u0159i\u0161la z jihov\u00fdchodu a z v\u00fdchodu a p\u0159ev\u00e1\u017eila nad p\u016fvodn\u00edm obyvatelstvem, p\u0159i\u010dem\u017e si zachovala tento charakter i po doos\u00eddlov\u00e1n\u00ed \u00fazem\u00ed pozd\u011bj\u0161\u00edm obyvatelstvem.<\/p>\n<p>Na p\u0159\u00edchodu dal\u0161\u00edho kulturn\u011b-civiliza\u010dn\u00edho prvku, tedy k\u0159es\u0165anstv\u00ed, je proklamovan\u00fd z\u00e1padn\u00ed trend formov\u00e1n\u00ed na\u0161ich zem\u00ed je\u0161t\u011b pochybn\u011bj\u0161\u00ed. Nov\u00e9 n\u00e1bo\u017eenstv\u00ed k n\u00e1m p\u0159i\u0161lo z jihu (nikoliv z v\u00fdchodu) a v\u011brozv\u011bstov\u00e9 museli dokonce vytvo\u0159it um\u011bl\u00fd slovansk\u00fd jazyk, jeho\u017e pou\u017e\u00edv\u00e1n\u00ed schv\u00e1lili pape\u017eov\u00e9 Hadri\u00e1n II a Jan VIII, jako t\u0159et\u00edho liturgick\u00e9ho jazyka, vedle \u0159e\u010dtiny a latiny.<\/p>\n<p>Nad\u00e1le jsme potom sd\u00edleli osudy dal\u0161\u00edch st\u0159edoevropsk\u00fdch a balk\u00e1nsk\u00fdch n\u00e1rod\u016f, p\u0159ev\u00e1\u017en\u011b slovansk\u00fdmi jazyky hovo\u0159\u00edc\u00edch a vyformovan\u00fdch z p\u016fvodn\u00edho slovansk\u00e9ho obyvatelstva. Bylo to p\u0159edev\u0161\u00edm v obran\u011b Evropy p\u0159ed muslimsk\u00fdmi vojsky osmansk\u00fdch sult\u00e1n\u016f v dob\u011b, kdy se ten slavn\u00fd \u201eZ\u00e1pad\u201c zab\u00fdval vlastn\u00edmi bratrovra\u017eedn\u00fdmi v\u00e1lkami a pozd\u011bji honem za koloni\u00e1ln\u00edm panstv\u00edm. Zat\u00edmco do r\u016fzn\u00fdch zbyte\u010dn\u00fdch v\u00e1lek jsme byli postupn\u011b vta\u017eeni t\u00e9\u017e, kolonizace se n\u00e1\u0161 civiliza\u010dn\u00ed okruh nikdy ne\u00fa\u010dastnil. Cizorod\u00e9, z\u00e1padn\u00ed sra\u010dky v podob\u011b u\u010den\u00ed Johna Wycliffa, Jeana Calvina a Martina Luthera, dovedly n\u00e1\u0161 n\u00e1rod do dvou zni\u010duj\u00edc\u00edch konflikt\u016f dom\u00e1c\u00ed a pozd\u011bji v\u0161eobecn\u00e9 tot\u00e1ln\u00ed vyhlazovac\u00ed v\u00e1lky. V\u00fdsledkem toho druh\u00e9ho, tedy T\u0159icetilet\u00e9 v\u00e1lky, bylo na\u0161e ukotven\u00ed ve st\u0159edoevropsk\u00e9 monarchii, kter\u00e1 nakonec vlastn\u00edmi (st\u0159edoevropsk\u00fdmi) silami Evropu p\u0159ed Turky ubr\u00e1nila a vydala se na cestu osvobozen\u00ed z\u00e1padobalk\u00e1nsk\u00fdch slovansk\u00fdch n\u00e1rod\u016f.<\/p>\n<p>O co se tedy to \u201ez\u00e1padnictv\u00ed\u201c u n\u00e1s vlastn\u011b op\u00edr\u00e1? Je to p\u0159edev\u0161\u00edm n\u011bmeck\u00e1 historick\u00e1 \u0161kola, kter\u00e1 se n\u00e1s neust\u00e1le sna\u017e\u00ed vtahovat do \u0159\u00ed\u0161sk\u00e9ho st\u00e1topr\u00e1vn\u00edho prostoru. To v\u0161ak prov\u017edy vzalo za sv\u00e9 u\u017e po\u010d\u00e1tkem 16. stolet\u00ed a definitivn\u011b zaniklo Vestf\u00e1lsk\u00fdm m\u00edrov\u00fdm uspo\u0159\u00e1d\u00e1n\u00edm. Jak ov\u0161em ukazuje afinita n\u011bkter\u00fdch politik\u016f ODS a KDU-\u010cSL (ostatn\u011b i TOP 09) k tzv. Panevrop\u011b a k ideologii Sudeton\u011bmeck\u00fdch pohrobk\u016f, m\u00e1 tato my\u0161lenka u n\u00e1s sv\u00e9 politick\u00e9 proponenty.<\/p>\n<p>D\u00e1le je to jist\u011b i d\u011bdictv\u00ed rozbit\u00ed Rakousko-Uherska, tedy druh\u00e9 nejv\u011bt\u0161\u00ed slovansk\u00e9 \u0159\u00ed\u0161e, na p\u0159ev\u00e1\u017en\u011b um\u011ble vytvo\u0159en\u00e9 n\u00e1stupnick\u00e9 zem\u011b. D\u00e1vn\u00e1 nechu\u0165 Francie a Velk\u00e9 Brit\u00e1nie k siln\u00e9mu st\u00e1tn\u00edmu \u00fatvaru ve st\u0159edn\u00ed Evrop\u011b kone\u010dn\u011b slavila \u00fasp\u011bch. Ve shod\u011b s touto paternalistickou politikou nejprve tyt\u00e9\u017e z\u00e1padn\u00ed zem\u011b umo\u017enily brut\u00e1ln\u00ed revizi jimi nar\u00fdsovan\u00fdch hranic v Mnichov\u011b 1938 a pozd\u011bji n\u00e1s bez skrupul\u00ed odkoply do sf\u00e9ry vlivu komunistick\u00e9ho molochu na Jalt\u011b 1945. Proces z\u00e1padn\u00ed spr\u00e1vy na\u0161\u00ed st\u00e1tnosti byl potom dovr\u0161en rozdroben\u00edm \u010ceskoslovenska a Jugosl\u00e1vie do men\u0161\u00edch, snadno ovladateln\u00fdch celk\u016f.<\/p>\n<p>Politika samostatn\u00e9 \u010cesk\u00e9 republiky je jist\u011b na samostatnou pr\u00e1ci. Kdy\u017e se v\u0161ak probereme t\u00edm podstatn\u00fdm, jist\u011b n\u00e1s na prvn\u00ed pohled p\u0159ekvap\u00ed to rychl\u00e9 ovl\u00e1dnut\u00ed ekonomiky z\u00e1padn\u00edm kapit\u00e1lem v procesu privatizace. Nov\u00e9 ekonomick\u00e9 a politick\u00e9 elity byly podv\u00e1z\u00e1ny p\u0159edivem vztah\u016f k z\u00e1padn\u00edm instituc\u00edm. Ty, kter\u00e9 p\u0159ece jen po\u0161ilh\u00e1valy jin\u00fdm sm\u011brem, byly eliminov\u00e1ny, a to i ve smylu likvidace fyzick\u00e9. Petr Kellner je toho ned\u00e1vn\u00fdm p\u0159\u00edkladem. Vyd\u00edr\u00e1n\u00ed Z\u00e1padu v\u0161ak \u010delil a \u010del\u00ed i Andrej Babi\u0161 a mnoz\u00ed dal\u0161\u00ed. Sv\u00e9 o tom v\u011bd\u00ed i politici, kte\u0159\u00ed volali po vyv\u00e1\u017een\u00fdch vztaz\u00edch s tradi\u010dn\u00edmi a nov\u011b vznikaj\u00edc\u00edmi ekonomick\u00fdmi a mocensk\u00fdmi centry, p\u0159edev\u0161\u00edm V\u00e1clav Klaus a Milo\u0161 Zeman.<\/p>\n<p>Ve jm\u00e9nu toho, \u017ee takzvan\u011b \u201epat\u0159\u00edme na Z\u00e1pad\u201c jsme se vzdali vlastn\u00ed energetick\u00e9, surovinov\u00e9 i obchodn\u00ed politiky a stala se z n\u00e1s pouh\u00e1 odmocnina vlastn\u00ed ekonomiky. V dob\u011b, kdy vznik\u00e1 nov\u00fd ekonomick\u00fd \u0159\u00e1d a multipol\u00e1rn\u00ed sv\u011bt, se st\u00e1le k\u0159e\u010dovit\u011bji dr\u017e\u00edme trosek pot\u00e1p\u011bj\u00edc\u00ed se lodi z\u00e1padn\u00edho vlivu, vybudovan\u00e9ho na anglosask\u00e9 brutalit\u011b, rabov\u00e1n\u00ed koloni\u00ed (v\u010detn\u011b t\u00e9 \u010desk\u00e9), soustavn\u00e9m poru\u0161ov\u00e1n\u00ed a oh\u00fdb\u00e1n\u00ed smluv a slib\u016f a dominanci dolarov\u00e9ho podfuku. Kdo by se cht\u011bl by\u0165 jen pod\u00edvat jin\u00fdm sm\u011brem, je ihned ostrakizov\u00e1n, ok\u0159ikov\u00e1n a tupen medi\u00e1ln\u00ed \u017eumpou a politick\u00fdmi prostitutkami. A t\u011bm pat\u0159\u00ed i m\u016fj z\u00e1v\u011bre\u010dn\u00fd vzkaz. Nejenom, \u017ee na ten Z\u00e1pad nepat\u0159\u00edm ani j\u00e1, ani lid\u00e9 v t\u00e9to zemi, ale nepat\u0159\u00edte tam ani Vy sami. A\u017e toti\u017e zni\u010d\u00edte posledn\u00ed zbytky na\u0161\u00ed suverenity a st\u00e1tnosti a odevzd\u00e1te tuto zemi bruselsk\u00fdm \u00fa\u0159edn\u00edk\u016fm, krachuj\u00edc\u00edmu Euru, zelen\u00e9mu, inkluzivn\u00edmu a genderov\u00e9mu \u0161\u00edlenstv\u00ed, tak V\u00e1s ten Z\u00e1pad odkopne stejn\u011b, jako to historicky provedl v\u0161em u\u017eite\u010dn\u00fdm hlup\u00e1k\u016fm p\u0159ed V\u00e1mi.<\/p>\n<p>Pat\u0159\u00edme tam, kde jsme u\u017e bezm\u00e1la p\u016fl druh\u00e9ho tis\u00edcilet\u00ed \u2013 do st\u0159edu Evropy mezi sousedn\u00ed a p\u0159\u00edbuzn\u00e9 n\u00e1rody, s kter\u00fdmi jsme sd\u00edleli historick\u00e9 osudy. Pat\u0159\u00edme do \u010desk\u00e9 kotliny s moravsk\u00fdmi \u00favaly a slezsk\u00fdm pohrani\u010d\u00edm. Mluv\u00edme starobyl\u00fdm a ko\u0161at\u00fdm jazykem na\u0161ich p\u0159edk\u016f, kte\u0159\u00ed tuto zemi os\u00eddlili a p\u0159ed\u00e1vali j\u00ed sv\u00fdm potomk\u016fm, a\u017e se dostala do na\u0161ich rukou. Jak s n\u00ed nalo\u017e\u00edme, je pouze na n\u00e1s.<\/p>\n<p><a href=\"https:\/\/www.facebook.com\/petr.aviatikmarkvart.1\">Petr Aviatik-Markvart<\/a><\/p>\n<p><img decoding=\"async\" loading=\"lazy\" class=\"alignnone  wp-image-29997\" src=\"http:\/\/www.infokuryr.cz\/n\/wp-content\/uploads\/2023\/06\/petr-aviatik-300x300.jpg\" alt=\"\" width=\"231\" height=\"231\" srcset=\"https:\/\/www.infokuryr.cz\/n\/wp-content\/uploads\/2023\/06\/petr-aviatik-300x300.jpg 300w, https:\/\/www.infokuryr.cz\/n\/wp-content\/uploads\/2023\/06\/petr-aviatik-150x150.jpg 150w, https:\/\/www.infokuryr.cz\/n\/wp-content\/uploads\/2023\/06\/petr-aviatik.jpg 486w\" sizes=\"(max-width: 231px) 100vw, 231px\" \/><\/p>\n<p>_______________________<\/p>\n<p>&nbsp;<\/p>\n<p>&nbsp;<\/p>\n<p>&nbsp;<\/p>\n<p><img decoding=\"async\" loading=\"lazy\" class=\"wp-image-19187 aligncenter\" src=\"http:\/\/www.infokuryr.cz\/n\/wp-content\/uploads\/2022\/12\/1-PRO-300x36.jpg\" alt=\"\" width=\"1300\" height=\"156\" srcset=\"https:\/\/www.infokuryr.cz\/n\/wp-content\/uploads\/2022\/12\/1-PRO-300x36.jpg 300w, https:\/\/www.infokuryr.cz\/n\/wp-content\/uploads\/2022\/12\/1-PRO.jpg 699w\" sizes=\"(max-width: 1300px) 100vw, 1300px\" \/><\/p>\n<p>&nbsp;<\/p>\n<p>&nbsp;<\/p>\n<p>&nbsp;<\/p>\n","protected":false},"excerpt":{"rendered":"<p>Patrn\u011b nejhloup\u011bj\u0161\u00edm sloganem mocensk\u00e9 kliky sou\u010dasn\u00e9ho re\u017eimu je heslo \u201ePat\u0159\u00edme na Z\u00e1pad\u201c. Mimod\u011bk vypov\u00edd\u00e1 mnoh\u00e9&#8230;<\/p>\n","protected":false},"author":2,"featured_media":670,"comment_status":"closed","ping_status":"closed","sticky":false,"template":"","format":"standard","meta":[],"categories":[6],"tags":[506,29,122,365],"_links":{"self":[{"href":"https:\/\/www.infokuryr.cz\/n\/wp-json\/wp\/v2\/posts\/29996"}],"collection":[{"href":"https:\/\/www.infokuryr.cz\/n\/wp-json\/wp\/v2\/posts"}],"about":[{"href":"https:\/\/www.infokuryr.cz\/n\/wp-json\/wp\/v2\/types\/post"}],"author":[{"embeddable":true,"href":"https:\/\/www.infokuryr.cz\/n\/wp-json\/wp\/v2\/users\/2"}],"replies":[{"embeddable":true,"href":"https:\/\/www.infokuryr.cz\/n\/wp-json\/wp\/v2\/comments?post=29996"}],"version-history":[{"count":0,"href":"https:\/\/www.infokuryr.cz\/n\/wp-json\/wp\/v2\/posts\/29996\/revisions"}],"wp:featuredmedia":[{"embeddable":true,"href":"https:\/\/www.infokuryr.cz\/n\/wp-json\/wp\/v2\/media\/670"}],"wp:attachment":[{"href":"https:\/\/www.infokuryr.cz\/n\/wp-json\/wp\/v2\/media?parent=29996"}],"wp:term":[{"taxonomy":"category","embeddable":true,"href":"https:\/\/www.infokuryr.cz\/n\/wp-json\/wp\/v2\/categories?post=29996"},{"taxonomy":"post_tag","embeddable":true,"href":"https:\/\/www.infokuryr.cz\/n\/wp-json\/wp\/v2\/tags?post=29996"}],"curies":[{"name":"wp","href":"https:\/\/api.w.org\/{rel}","templated":true}]}}