{"id":2993,"date":"2021-07-01T03:34:12","date_gmt":"2021-07-01T01:34:12","guid":{"rendered":"http:\/\/www.infokuryr.cz\/n\/?p=2993"},"modified":"2021-07-01T03:34:12","modified_gmt":"2021-07-01T01:34:12","slug":"tupost-a-arogance","status":"publish","type":"post","link":"https:\/\/www.infokuryr.cz\/n\/2021\/07\/01\/tupost-a-arogance\/","title":{"rendered":"Tupost a arogance"},"content":{"rendered":"<div id=\"fb-root\"><\/div>\n<p><span class=\"anotation\">O tom, \u017ee lidstvo ztr\u00e1c\u00ed sv\u00e9 instinkty, nen\u00ed pochyb. Miz\u00ed norm\u00e1lnost, p\u0159eva\u017euje \u00fachylnost, dekadence a hlavn\u011b hloupost. Sta\u010d\u00ed se rozhl\u00ed\u017eet kolem sebe a trochu vn\u00edmat, abyste pochopili, co se d\u011bje. Bohu\u017eel je t\u011b\u017e\u0161\u00ed p\u0159ijmout, pro\u010d tomu tak je.<\/span><\/p>\n<div id=\"pagetext\">\n<p>\u00a0St\u00e1le \u010dast\u011bji na n\u00e1s \u00fato\u010d\u00ed reklamy, kde o b\u011blocha t\u00e9m\u011b\u0159 nezakopnete. Nejhor\u0161\u00ed jsou d\u00edlka zad\u00e1van\u00e1 kreativc\u016fm spole\u010dnost\u00ed Zalando. V jejich ske\u010d\u00edch se objevuje \u0159ada \u010dernoch\u016f a dal\u0161\u00edch neb\u00edl\u00fdch, homosexu\u00e1l\u016f, genderov\u011b t\u011b\u017eko za\u0159aditeln\u00fdch. Kdysi reklamy sm\u011b\u0159ovaly p\u0159esn\u011b na ur\u010ditou skupinu mo\u017en\u00fdch z\u00e1kazn\u00edk\u016f, nyn\u00ed maj\u00ed mo\u017en\u00e1 norm\u00e1ln\u00ed lidi odradit \u010di na\u0161tvat. \u017dijeme uprost\u0159ed Evropy v \u010cesk\u00e9 kotlin\u011b, tak\u017ee n\u00e1s nezaj\u00edmaj\u00ed v\u011bci p\u0159edv\u00e1d\u011bn\u00e9 na \u010derno\u0161\u00edch a homosexu\u00e1lech. Jsme tolerantn\u00ed, korektn\u00ed, ale doma tu jsme my, a ne exoti\u010dt\u00ed figuranti.<\/p>\n<p>V\u011bt\u0161ina mu\u017e\u016f pr\u00e1v\u011b sed\u00ed u televizn\u00edch obrazovek a sleduje fotbalov\u00e9 mistrovstv\u00ed Evropy. Mimo toho, \u017ee fand\u00ed \u010desk\u00e9mu n\u00e1rodn\u00edmu t\u00fdmu, nesta\u010d\u00ed se mnoh\u00e9mu divit. Kolem hrac\u00ed plochy sv\u00edt\u00ed reklamy na automobilku VW v duhov\u00fdch barv\u00e1ch vyjad\u0159uj\u00edc\u00edch podporu LGBT komunit\u011b. N\u011bmeck\u00fd kapit\u00e1n se ,,py\u0161n\u00ed\u201c duhovou kapit\u00e1nskou p\u00e1skou, na\u0161t\u011bst\u00ed naposled. Zd\u00e1 se, \u017ee homosexualita vl\u00e1dne N\u011bmecku, kter\u00e9mu Orb\u00e1n a Ma\u010farsko sv\u00fdm n\u00e1vratem k norm\u00e1lnosti dali po\u0159\u00e1dnou facku. To zblbnut\u00ed do duhy \u0161\u00ed\u0159\u00edc\u00ed se sv\u011btem je skute\u010dn\u011b paranorm\u00e1ln\u00ed jev, kter\u00fd se st\u00e1v\u00e1 krutou realitou, na jej\u00edm\u017e konci m\u00e1 b\u00fdt rozbit\u00ed klasick\u00e9 rodiny.<\/p>\n<p>\u010c\u00e1st ostatn\u00edch t\u00fdm\u016f se to pokou\u0161\u00ed p\u0159eb\u00edt poklek\u00e1n\u00edm na znamen\u00ed podpory terorist\u016f z hnut\u00ed Black Lives Matter. Ono se tedy nen\u00ed moc \u010demu divit. Kdy\u017e se pod\u00edv\u00e1te na n\u011bkter\u00e1 n\u00e1rodn\u00ed mu\u017estva, tak to vypad\u00e1, \u017ee jde o \u0161ampion\u00e1t Afriky. Francie, Anglie, N\u011bmecko, Portugalsko, Belgie, Holandsko\u2026opravdu jde o \u010dleny Evropsk\u00e9 unie? A nen\u00ed to divn\u00e9, \u017ee b\u00edl\u00ed makaj\u00ed a \u010dern\u00ed hraj\u00ed fotbal? P\u0159em\u00fd\u0161leli jste n\u011bkdy o tom, \u017ee \u010derno\u0161i p\u0159ev\u00e1\u017en\u011b muzic\u00edruj\u00ed, sportuj\u00ed, v\u00e1l\u010d\u00ed, ale moc se v pr\u00e1ci nep\u0159ed\u0159ou? Je to povahou, bezstarostnost\u00ed \u010di n\u011b\u010d\u00edm jin\u00fdm? Jist\u00e9 v\u0161ak je, \u017ee leto\u0161n\u00ed Mistrovstv\u00ed Evropy je v mnoh\u00e9m zpolitizovan\u00e9 a nikdo proti tomu ne\u0159ekne ani slovo. Tak\u00e9 u\u017e V\u00e1m ta korektnost leze krkem?<\/p>\n<p>Zvl\u00e1\u0161tn\u00ed je dal\u0161\u00ed v\u011bc. Pir\u00e1ti a STAN sv\u00fdm levicov\u00fdm programem p\u0159ipom\u00ednaj\u00ed komunisty v dob\u011b jejich za\u010d\u00e1tk\u016f. Nen\u00ed to tak d\u00e1vnou, co jsme se KS\u010c zbavili, by\u0165 se \u010d\u00e1st p\u0159etransformovala do KS\u010cM, soci\u00e1ln\u00edch demokrat\u016f a nov\u011b do prounijn\u00edch liber\u00e1ln\u00edch stran. \u0158ada b\u00fdval\u00fdch komunist\u016f a obdivovatel\u016f Sov\u011btsk\u00e9ho svazu se p\u0159evt\u011blila do role nep\u0159\u00e1tel Ruska a stejn\u011b vehementn\u011b se hl\u00e1s\u00ed k Evropsk\u00e9 unii a k jej\u00edm n\u011bkdy a\u017e fa\u0161istick\u00fdm praktik\u00e1m. Nikomu to nevad\u00ed a ob\u011b v\u00fd\u0161e zm\u00edn\u011bn\u00e9 strany spojen\u00e9 do koalice\u00a0 aspiruj\u00ed spole\u010dn\u011b na v\u00edt\u011bze voleb, p\u0159i\u010dem\u017e samostatn\u011b by asi z\u016fstaly na st\u0159\u00edda\u010dce. Podobn\u00e9 je to s jednotlivci. Takov\u00fd gener\u00e1l Pavel mysl\u00edc\u00ed si na post na Pra\u017esk\u00e9m hradu m\u00e1 za sebou zaj\u00edmavou kari\u00e9ru, p\u0159i kter\u00e9 l\u00e9t\u00e1 zleva doprava a zp\u011bt stejn\u011b pravideln\u011b, jako kdy\u017e v serpent\u00fdn\u00e1ch to\u010d\u00edte volantem. Nebo krotitel Sov\u011btsk\u00e9 arm\u00e1dy Koc\u00e1b. Py\u0161n\u00ed se z\u00e1sluhami za odchod Sov\u011btsk\u00e9 arm\u00e1dy. Ona by tedy ode\u0161la jist\u011b sama, ale Koc\u00e1b si na tom ud\u011blal jm\u00e9no. Nyn\u00ed je z n\u011bj prounijn\u00ed \u0159i\u0165olezec, a to, proti \u010demu jako muzikant kdysi vehementn\u011b bojoval, se n\u00e1m sem sna\u017e\u00ed op\u011bt p\u0159ivl\u00e9ct zp\u011bt. Totalitu, jen jdouc\u00ed ze Z\u00e1padu a mnohem hor\u0161\u00ed. P\u0159esto existuje plno lid\u00ed, co jim v\u0161em tleskaj\u00ed a fand\u00ed.\u00a0 To nemluv\u00edme o Babi\u0161ovi, kter\u00fd hromad\u00ed majetek zp\u016fsobem, kter\u00fd by za norm\u00e1ln\u00edch okolnost\u00ed musel skon\u010dit lyn\u010dem. P\u0159esto mu p\u011btina zem\u011b dr\u017e\u00ed v dal\u0161\u00edch volb\u00e1ch palce. Stejn\u011b naivn\u00ed jsou ,,v\u00edta\u010di\u201c migrant\u016f, kter\u00fdm v\u016fbec nic nedoch\u00e1z\u00ed.<\/p>\n<p>Nejtup\u011bj\u0161\u00ed lid\u00e9 se v\u0161ak moment\u00e1ln\u011b projevuj\u00ed v oblasti kolem covidu. Kdy\u017e 29.6.2021 potk\u00e1te na ulici na pra\u017esk\u00e9m \u017di\u017ekov\u011b dopoledne osobu v plynov\u00e9 masce, pt\u00e1te se, kam se pod\u011bl rozum? Zept\u00e1 li se n\u011bkdo jinak velmi inteligentn\u00edho sociologa Hampla, co \u0159\u00edk\u00e1 na o\u010dkov\u00e1n\u00ed d\u011bt\u00ed, odpov\u00ed, \u017ee ho to v\u016fbec nezaj\u00edm\u00e1. Je toti\u017e zaryt\u00fdm p\u0159\u00edznivcem experimentu na lidech. Existuje dlouh\u00e1 \u0159ada lid\u00ed, se kter\u00fdmi bylo mo\u017en\u00e9 hovo\u0159it na \u00farovni o politice, um\u011bn\u00ed, obchodu, vztaz\u00edch, aby s p\u0159\u00edchodem covidu nasadili klapky a n\u00e1hle za\u010dali d\u016fv\u011b\u0159ovat m\u00e9di\u00edm a politik\u016fm, o kter\u00fdch ned\u00e1vno tvrdili, jak jsou prolhan\u00ed a manipuluj\u00edc\u00ed. Najednou je nezaj\u00edmaj\u00ed fakta, p\u0159ehl\u00ed\u017e\u00ed rizika, akceptuj\u00ed teror sami na sob\u011b i na ostatn\u00edch. Ignoruj\u00ed okolnosti a d\u016fkazy o tom, \u017ee vakcinace je v rozporu se z\u00e1kony, pot\u0159ebami ob\u010dan\u016f i se selsk\u00fdm rozumem. Nevad\u00ed jim medi\u00e1ln\u00ed propagandistick\u00fd a modern\u00ed holocaust, kter\u00fd p\u0159ech\u00e1z\u00ed fakta o nebezpe\u010d\u00ed spojen\u00e9m s vakc\u00ednami a jejich aplikac\u00ed do lid\u00ed. Stejn\u011b alarmuj\u00edc\u00ed je p\u0159\u00edstup v\u011bt\u0161iny l\u00e9ka\u0159\u016f, kte\u0159\u00ed podlehli kouzlu okam\u017eiku, a i p\u0159i odborn\u00fdch znalostech lidsk\u00e9ho t\u011bla nejsou ochotni vzd\u00e1t se bak\u0161i\u0161e a perou do lid\u00ed smrt\u00edc\u00ed mix, o n\u011bm\u017e snad ani nemohou b\u00fdt p\u0159i v\u0161ech komplikac\u00edch j\u00edm zp\u016fsoben\u00fdch pozitivn\u011b p\u0159esv\u011bd\u010deni.<\/p>\n<p>Ovce potk\u00e1v\u00e1me denn\u011b a st\u00e1le \u010dast\u011bji. Kolovr\u00e1tky melou dokola po\u0159\u00e1d to sam\u00e9. Bez EU se neobejdeme, Rusov\u00e9 i Trump jsou zlo, vakc\u00edny n\u00e1s zachr\u00e1n\u00ed, migranti jsou budoucnost, Gates a Soros jsou jen filantropov\u00e9, Merkelov\u00e1 je v\u016fdce na sv\u00e9m m\u00edst\u011b, planeta se otepluje kv\u016fli mno\u017estv\u00ed CO2 a aut\u016fm, je t\u0159eba zru\u0161it hotovost, mus\u00edme b\u00fdt korektn\u00ed, tolerantn\u00ed, otev\u0159en\u00ed v\u0161em stejn\u011b. Bla, bla, bla. Jedin\u00fdm rozumn\u00fdm po\u010dinem by bylo, kdyby se vr\u00e1tily rozum, logika, moudrost, zku\u0161enost, odvaha, d\u016fv\u011bra a p\u0159edev\u0161\u00edm \u00facta. To v\u0161e je p\u0159edpokladem k zdrav\u00e9mu v\u00fdvoji spole\u010dnosti. Bez toho prost\u011b jen tot\u00e1ln\u011b zdegenerujeme. U\u017e se to d\u011bje.<\/p>\n<\/div>\n<p><a href=\"https:\/\/www.inadhled.cz\/uvaha-dne\/tupost-a-arogance\/\">Jind\u0159ich Kulhav\u00fd<\/a><\/p>\n<p>&nbsp;<\/p>\n","protected":false},"excerpt":{"rendered":"<p>O tom, \u017ee lidstvo ztr\u00e1c\u00ed sv\u00e9 instinkty, nen\u00ed pochyb. Miz\u00ed norm\u00e1lnost, p\u0159eva\u017euje \u00fachylnost, dekadence a&#8230;<\/p>\n","protected":false},"author":2,"featured_media":2994,"comment_status":"closed","ping_status":"closed","sticky":false,"template":"","format":"standard","meta":[],"categories":[6],"tags":[23,29,796,137,424,48],"_links":{"self":[{"href":"https:\/\/www.infokuryr.cz\/n\/wp-json\/wp\/v2\/posts\/2993"}],"collection":[{"href":"https:\/\/www.infokuryr.cz\/n\/wp-json\/wp\/v2\/posts"}],"about":[{"href":"https:\/\/www.infokuryr.cz\/n\/wp-json\/wp\/v2\/types\/post"}],"author":[{"embeddable":true,"href":"https:\/\/www.infokuryr.cz\/n\/wp-json\/wp\/v2\/users\/2"}],"replies":[{"embeddable":true,"href":"https:\/\/www.infokuryr.cz\/n\/wp-json\/wp\/v2\/comments?post=2993"}],"version-history":[{"count":0,"href":"https:\/\/www.infokuryr.cz\/n\/wp-json\/wp\/v2\/posts\/2993\/revisions"}],"wp:featuredmedia":[{"embeddable":true,"href":"https:\/\/www.infokuryr.cz\/n\/wp-json\/wp\/v2\/media\/2994"}],"wp:attachment":[{"href":"https:\/\/www.infokuryr.cz\/n\/wp-json\/wp\/v2\/media?parent=2993"}],"wp:term":[{"taxonomy":"category","embeddable":true,"href":"https:\/\/www.infokuryr.cz\/n\/wp-json\/wp\/v2\/categories?post=2993"},{"taxonomy":"post_tag","embeddable":true,"href":"https:\/\/www.infokuryr.cz\/n\/wp-json\/wp\/v2\/tags?post=2993"}],"curies":[{"name":"wp","href":"https:\/\/api.w.org\/{rel}","templated":true}]}}