{"id":2991,"date":"2021-07-01T03:29:19","date_gmt":"2021-07-01T01:29:19","guid":{"rendered":"http:\/\/www.infokuryr.cz\/n\/?p=2991"},"modified":"2021-07-01T03:29:19","modified_gmt":"2021-07-01T01:29:19","slug":"piraty-a-havlisty-ovladana-prazska-radnice-reguluje-i-chodce-na-chodniku-silenstvi-nebo-mala-domu-pro-kamarada-z-kavarny","status":"publish","type":"post","link":"https:\/\/www.infokuryr.cz\/n\/2021\/07\/01\/piraty-a-havlisty-ovladana-prazska-radnice-reguluje-i-chodce-na-chodniku-silenstvi-nebo-mala-domu-pro-kamarada-z-kavarny\/","title":{"rendered":"Pir\u00e1ty a havlisty ovl\u00e1dan\u00e1 pra\u017esk\u00e1 radnice reguluje i chodce na chodn\u00edku. \u0160\u00edlenstv\u00ed, nebo mal\u00e1 dom\u016f pro \u201ckamar\u00e1da z kav\u00e1rny\u201d?"},"content":{"rendered":"<div id=\"fb-root\"><\/div>\n<p>Kdy\u017e pojedete po pra\u017esk\u00e9 ulici Jana \u017eelivsk\u00e9ho na Praze 3 sm\u011brem na Palmovku (Praha 7) tak budete m\u00edjet p\u0159ed k\u0159i\u017eovatkou ohrada nev\u00eddan\u00fd jev.\u00a0<strong>Na chodn\u00edku jsou namalov\u00e1ny zna\u010dky pro chodce. Ty reguluj\u00ed, jak maj\u00ed r\u00e1zovat chodci s d\u011btmi po chodn\u00edku! Chodn\u00edk je p\u0159itom \u0161irok\u00fd asi 4 metry a pohodln\u011b se tam vyhnou dv\u011b \u0161koln\u00ed t\u0159\u00eddy. nav\u00edc nen\u00ed nijak v\u00fdznamn\u011b frekventovan\u00fd<\/strong>. Koho podobn\u00e9 \u0161\u00edlenstv\u00ed na chodn\u00edku tedy napadlo? Chodn\u00edky jsou v majetku obce. Na pra\u017esk\u00e9m magistr\u00e1tu\u00a0<strong>vl\u00e1dne koalice Pir\u00e1ti, TOP09 a Praha sob\u011b a na m\u00edstn\u00ed Praze 3 (kde se mal\u016fvka nach\u00e1z\u00ed) Pir\u00e1ti, TOP 09 a Zelen\u00ed<\/strong>.<\/p>\n<p><strong>Jedn\u00e1 se tedy o politick\u00e9 strany\/hnut\u00ed, kter\u00e9 tou\u017e\u00ed ideov\u011b po maxim\u00e1ln\u00ed regulaci \u017eivota b\u011b\u017en\u00e9ho b\u00edl\u00e9ho \u010dlov\u011bka (s v\u00fdjimkou jist\u00e9ho n\u00e1roda, kter\u00fd pr\u00fd tolik vytrp\u011bl v ned\u00e1vn\u00e9 historii). Tak\u017ee to zas tak p\u0159ekvapiv\u00e9 nen\u00ed. Sou\u010dasn\u011b se jedn\u00e1 o partaje, kde se stran\u00edc\u00ed shoduj\u00ed hlavn\u011b na jednom: na\u0161\u00edm c\u00edlem je se v politice p\u0159is\u00e1t k ve\u0159ejn\u00fdm prost\u0159edk\u016fm, proto\u017ee v norm\u00e1ln\u00edm \u017eivot\u011b by jsme se sotva u\u017eivili.<\/strong>\u00a0Tak\u017ee nelze vylou\u010dit, \u017ee je to jedna z mnoh\u00fdch mal\u00fdch dom\u016f kamar\u00e1d\u016fm, kte\u0159\u00ed pak odpov\u011bdn\u00fdm stran\u00edk\u016fm odv\u00e1d\u011bj\u00ed povinn\u00e9 des\u00e1tky. Zda je za t\u00edm ideologie, nebo hrabivost, nebo kombinace oboj\u00edho, nev\u00edm, ale to na bizarnosti chodn\u00edku nic neub\u00edr\u00e1.<\/p>\n<p><a href=\"https:\/\/ceskavec.com\/2021\/07\/piraty-a-havlisty-ovladana-prazska-radnice-reguluje-i-chodce-na-chodniku-silenstvi-nebo-mala-domu-pro-kamarada-z-kavarny\">\u0159idi\u010d ze Sedl\u010dan<\/a><\/p>\n<p>&nbsp;<\/p>\n","protected":false},"excerpt":{"rendered":"<p>Kdy\u017e pojedete po pra\u017esk\u00e9 ulici Jana \u017eelivsk\u00e9ho na Praze 3 sm\u011brem na Palmovku (Praha 7)&#8230;<\/p>\n","protected":false},"author":2,"featured_media":2992,"comment_status":"closed","ping_status":"closed","sticky":false,"template":"","format":"standard","meta":[],"categories":[6],"tags":[137,234,795],"_links":{"self":[{"href":"https:\/\/www.infokuryr.cz\/n\/wp-json\/wp\/v2\/posts\/2991"}],"collection":[{"href":"https:\/\/www.infokuryr.cz\/n\/wp-json\/wp\/v2\/posts"}],"about":[{"href":"https:\/\/www.infokuryr.cz\/n\/wp-json\/wp\/v2\/types\/post"}],"author":[{"embeddable":true,"href":"https:\/\/www.infokuryr.cz\/n\/wp-json\/wp\/v2\/users\/2"}],"replies":[{"embeddable":true,"href":"https:\/\/www.infokuryr.cz\/n\/wp-json\/wp\/v2\/comments?post=2991"}],"version-history":[{"count":0,"href":"https:\/\/www.infokuryr.cz\/n\/wp-json\/wp\/v2\/posts\/2991\/revisions"}],"wp:featuredmedia":[{"embeddable":true,"href":"https:\/\/www.infokuryr.cz\/n\/wp-json\/wp\/v2\/media\/2992"}],"wp:attachment":[{"href":"https:\/\/www.infokuryr.cz\/n\/wp-json\/wp\/v2\/media?parent=2991"}],"wp:term":[{"taxonomy":"category","embeddable":true,"href":"https:\/\/www.infokuryr.cz\/n\/wp-json\/wp\/v2\/categories?post=2991"},{"taxonomy":"post_tag","embeddable":true,"href":"https:\/\/www.infokuryr.cz\/n\/wp-json\/wp\/v2\/tags?post=2991"}],"curies":[{"name":"wp","href":"https:\/\/api.w.org\/{rel}","templated":true}]}}