{"id":29882,"date":"2023-06-10T01:20:53","date_gmt":"2023-06-09T23:20:53","guid":{"rendered":"http:\/\/www.infokuryr.cz\/n\/?p=29882"},"modified":"2023-06-09T18:29:12","modified_gmt":"2023-06-09T16:29:12","slug":"v-istanbulu-byla-zachycena-nejvetsi-zasilka-padelanych-dolaru-v-turecke-historii","status":"publish","type":"post","link":"https:\/\/www.infokuryr.cz\/n\/2023\/06\/10\/v-istanbulu-byla-zachycena-nejvetsi-zasilka-padelanych-dolaru-v-turecke-historii\/","title":{"rendered":"V Istanbulu byla zachycena nejv\u011bt\u0161\u00ed z\u00e1silka pad\u011blan\u00fdch dolar\u016f v tureck\u00e9 historii"},"content":{"rendered":"<div id=\"fb-root\"><\/div>\n<p class=\"lead\"><strong>Istanbulsk\u00e9 policejn\u00ed odd\u011blen\u00ed zabavilo nejv\u011bt\u0161\u00ed v\u00e1rku pad\u011blan\u00fdch bankovek v historii Turecka v hodnot\u011b jedn\u00e9 miliardy dolar\u016f. Byly ur\u010deny na export do africk\u00fdch zem\u00ed, informovala v p\u00e1tek 9. \u010dervna tureck\u00e1 tiskov\u00e1 agentura DHA.<\/strong><\/p>\n<p><span>Ve skladi\u0161ti v jedn\u00e9 z istanbulsk\u00fdch \u010dtvrt\u00ed, kde byly ulo\u017eeny fale\u0161n\u00e9 dolary,\u00a0<\/span><a href=\"https:\/\/twitter.com\/dhainternet\/status\/1667156592335151106?cxt=HHwWhICz8c6F96IuAAAA\" target=\"_blank\" rel=\"noopener\"><span>bylo zabaveno<\/span><\/a><span>\u00a010 milion\u016f stodolarov\u00fdch bankovek .<\/span><\/p>\n<p><span>V r\u00e1mci vy\u0161et\u0159ov\u00e1n\u00ed p\u0159\u00edpadu u\u017e bylo zadr\u017eeno \u0161est lid\u00ed, v\u010detn\u011b t\u0159\u00ed \u0160v\u00e9d\u016f, Brita a ob\u010dana Ghany.\u00a0Ve vil\u00e1ch v istanbulsk\u00e9 \u010dtvrti Sisli, kde bydleli cizinci, byly provedeny prohl\u00eddky, p\u0159i kter\u00fdch byly zabaveny velk\u00e9 sumy pen\u011bz a \u0161perky.<\/span><\/p>\n<p><span>O vy\u0161et\u0159ov\u00e1n\u00ed, kter\u00e9 je proti nim vedeno, byly informov\u00e1ny diplomatick\u00e9 mise zem\u00ed, jejich\u017e ob\u010dany jsou zadr\u017een\u00ed.<\/span><\/p>\n<p><img decoding=\"async\" loading=\"lazy\" class=\"alignnone size-full wp-image-1185\" src=\"http:\/\/www.infokuryr.cz\/n\/wp-content\/uploads\/2021\/04\/kuryr-podpis.png\" alt=\"\" width=\"84\" height=\"24\" \/><\/p>\n<p>&nbsp;<\/p>\n<p>&nbsp;<\/p>\n<p><img decoding=\"async\" loading=\"lazy\" class=\"wp-image-19187 aligncenter\" src=\"http:\/\/www.infokuryr.cz\/n\/wp-content\/uploads\/2022\/12\/1-PRO-300x36.jpg\" alt=\"\" width=\"1283\" height=\"154\" srcset=\"https:\/\/www.infokuryr.cz\/n\/wp-content\/uploads\/2022\/12\/1-PRO-300x36.jpg 300w, https:\/\/www.infokuryr.cz\/n\/wp-content\/uploads\/2022\/12\/1-PRO.jpg 699w\" sizes=\"(max-width: 1283px) 100vw, 1283px\" \/><\/p>\n<p>&nbsp;<\/p>\n<p>&nbsp;<\/p>\n<p>&nbsp;<\/p>\n","protected":false},"excerpt":{"rendered":"<p>Istanbulsk\u00e9 policejn\u00ed odd\u011blen\u00ed zabavilo nejv\u011bt\u0161\u00ed v\u00e1rku pad\u011blan\u00fdch bankovek v historii Turecka v hodnot\u011b jedn\u00e9 miliardy&#8230;<\/p>\n","protected":false},"author":2,"featured_media":29883,"comment_status":"closed","ping_status":"closed","sticky":false,"template":"","format":"standard","meta":[],"categories":[7],"tags":[604,3788,86,55],"_links":{"self":[{"href":"https:\/\/www.infokuryr.cz\/n\/wp-json\/wp\/v2\/posts\/29882"}],"collection":[{"href":"https:\/\/www.infokuryr.cz\/n\/wp-json\/wp\/v2\/posts"}],"about":[{"href":"https:\/\/www.infokuryr.cz\/n\/wp-json\/wp\/v2\/types\/post"}],"author":[{"embeddable":true,"href":"https:\/\/www.infokuryr.cz\/n\/wp-json\/wp\/v2\/users\/2"}],"replies":[{"embeddable":true,"href":"https:\/\/www.infokuryr.cz\/n\/wp-json\/wp\/v2\/comments?post=29882"}],"version-history":[{"count":1,"href":"https:\/\/www.infokuryr.cz\/n\/wp-json\/wp\/v2\/posts\/29882\/revisions"}],"predecessor-version":[{"id":29884,"href":"https:\/\/www.infokuryr.cz\/n\/wp-json\/wp\/v2\/posts\/29882\/revisions\/29884"}],"wp:featuredmedia":[{"embeddable":true,"href":"https:\/\/www.infokuryr.cz\/n\/wp-json\/wp\/v2\/media\/29883"}],"wp:attachment":[{"href":"https:\/\/www.infokuryr.cz\/n\/wp-json\/wp\/v2\/media?parent=29882"}],"wp:term":[{"taxonomy":"category","embeddable":true,"href":"https:\/\/www.infokuryr.cz\/n\/wp-json\/wp\/v2\/categories?post=29882"},{"taxonomy":"post_tag","embeddable":true,"href":"https:\/\/www.infokuryr.cz\/n\/wp-json\/wp\/v2\/tags?post=29882"}],"curies":[{"name":"wp","href":"https:\/\/api.w.org\/{rel}","templated":true}]}}