{"id":29881,"date":"2023-06-10T01:19:05","date_gmt":"2023-06-09T23:19:05","guid":{"rendered":"http:\/\/www.infokuryr.cz\/n\/?p=29881"},"modified":"2023-06-09T18:25:18","modified_gmt":"2023-06-09T16:25:18","slug":"moskevsky-patriarcha-kirill-ma-zakaz-vstupu-do-estonska","status":"publish","type":"post","link":"https:\/\/www.infokuryr.cz\/n\/2023\/06\/10\/moskevsky-patriarcha-kirill-ma-zakaz-vstupu-do-estonska\/","title":{"rendered":"Moskevsk\u00fd patriarcha Kirill m\u00e1 z\u00e1kaz vstupu do Estonska"},"content":{"rendered":"<div id=\"fb-root\"><\/div>\n<p class=\"lead\"><strong>Estonsk\u00fd ministr zahrani\u010d\u00ed Magnus Tsahkna zak\u00e1zal moskevsk\u00e9mu a v\u0161erussk\u00e9mu patriarchovi Kirillovi vstup do zem\u011b, uv\u00e1d\u00ed se v tiskov\u00e9 zpr\u00e1v\u011b ministerstva zahrani\u010d\u00ed ze dne 9. \u010dervna.<\/strong><\/p>\n<p><span>Spolu s Kirillem bylo na \u201e\u010dernou\u201c listinu za\u0159azeno 57 osob, podle estonsk\u00e9 verze \u201ezapojen\u00fdch do v\u00e1\u017en\u00e9ho poru\u0161ov\u00e1n\u00ed lidsk\u00fdch pr\u00e1v\u201c.<\/span><\/p>\n<p><strong>Ministr zahrani\u010d\u00ed se k rozhodnut\u00ed osobn\u011b vyj\u00e1d\u0159il:<\/strong><\/p>\n<p><em>\u201ePatriarcha Kirill je jedn\u00edm z nejv\u011bt\u0161\u00edch nositel\u016f a zast\u00e1nc\u016f ideologie modern\u00edho Ruska.\u00a0Byl nejvy\u0161\u0161\u00ed \u010das za\u0159adit ho na seznam ne\u017e\u00e1douc\u00edch osob.<\/em><\/p>\n<p><span>\u0160\u00e9f ministerstva zahrani\u010d\u00ed vyzval dal\u0161\u00ed zem\u011b, aby tak\u00e9 zak\u00e1zaly p\u0159\u00edznivc\u016fm ozbrojen\u00fdch sil NWO RF vstup na sv\u00e9 \u00fazem\u00ed.<\/span><span>.<\/span><\/p>\n<p><img decoding=\"async\" loading=\"lazy\" class=\"alignnone size-full wp-image-1185\" src=\"http:\/\/www.infokuryr.cz\/n\/wp-content\/uploads\/2021\/04\/kuryr-podpis.png\" alt=\"\" width=\"84\" height=\"24\" \/><\/p>\n<p>&nbsp;<\/p>\n<p>&nbsp;<\/p>\n<p><img decoding=\"async\" loading=\"lazy\" class=\"wp-image-19187 aligncenter\" src=\"http:\/\/www.infokuryr.cz\/n\/wp-content\/uploads\/2022\/12\/1-PRO-300x36.jpg\" alt=\"\" width=\"1283\" height=\"154\" srcset=\"https:\/\/www.infokuryr.cz\/n\/wp-content\/uploads\/2022\/12\/1-PRO-300x36.jpg 300w, https:\/\/www.infokuryr.cz\/n\/wp-content\/uploads\/2022\/12\/1-PRO.jpg 699w\" sizes=\"(max-width: 1283px) 100vw, 1283px\" \/><\/p>\n<p>&nbsp;<\/p>\n<p>&nbsp;<\/p>\n<p>&nbsp;<\/p>\n<p>&nbsp;<\/p>\n","protected":false},"excerpt":{"rendered":"<p>Estonsk\u00fd ministr zahrani\u010d\u00ed Magnus Tsahkna zak\u00e1zal moskevsk\u00e9mu a v\u0161erussk\u00e9mu patriarchovi Kirillovi vstup do zem\u011b, uv\u00e1d\u00ed&#8230;<\/p>\n","protected":false},"author":2,"featured_media":14134,"comment_status":"closed","ping_status":"closed","sticky":false,"template":"","format":"standard","meta":[],"categories":[7],"tags":[209,4167,720],"_links":{"self":[{"href":"https:\/\/www.infokuryr.cz\/n\/wp-json\/wp\/v2\/posts\/29881"}],"collection":[{"href":"https:\/\/www.infokuryr.cz\/n\/wp-json\/wp\/v2\/posts"}],"about":[{"href":"https:\/\/www.infokuryr.cz\/n\/wp-json\/wp\/v2\/types\/post"}],"author":[{"embeddable":true,"href":"https:\/\/www.infokuryr.cz\/n\/wp-json\/wp\/v2\/users\/2"}],"replies":[{"embeddable":true,"href":"https:\/\/www.infokuryr.cz\/n\/wp-json\/wp\/v2\/comments?post=29881"}],"version-history":[{"count":0,"href":"https:\/\/www.infokuryr.cz\/n\/wp-json\/wp\/v2\/posts\/29881\/revisions"}],"wp:featuredmedia":[{"embeddable":true,"href":"https:\/\/www.infokuryr.cz\/n\/wp-json\/wp\/v2\/media\/14134"}],"wp:attachment":[{"href":"https:\/\/www.infokuryr.cz\/n\/wp-json\/wp\/v2\/media?parent=29881"}],"wp:term":[{"taxonomy":"category","embeddable":true,"href":"https:\/\/www.infokuryr.cz\/n\/wp-json\/wp\/v2\/categories?post=29881"},{"taxonomy":"post_tag","embeddable":true,"href":"https:\/\/www.infokuryr.cz\/n\/wp-json\/wp\/v2\/tags?post=29881"}],"curies":[{"name":"wp","href":"https:\/\/api.w.org\/{rel}","templated":true}]}}