{"id":29866,"date":"2023-06-10T01:13:10","date_gmt":"2023-06-09T23:13:10","guid":{"rendered":"http:\/\/www.infokuryr.cz\/n\/?p=29866"},"modified":"2023-06-09T17:32:13","modified_gmt":"2023-06-09T15:32:13","slug":"joe-biden-zapleteny-do-uplatkarstvi-ukrajinske-plynarenske-firmy","status":"publish","type":"post","link":"https:\/\/www.infokuryr.cz\/n\/2023\/06\/10\/joe-biden-zapleteny-do-uplatkarstvi-ukrajinske-plynarenske-firmy\/","title":{"rendered":"Joe Biden zapleten\u00fd do \u00faplatk\u00e1\u0159stv\u00ed ukrajinsk\u00e9 plyn\u00e1rensk\u00e9 firmy"},"content":{"rendered":"<div id=\"fb-root\"><\/div>\n<p><span style=\"font-size: 18pt;\"><strong>Kdy\u017e byl viceprezidentem, dostal \u00fadajn\u011b 5 milion\u016f dolar\u016f od Burisma Holdings, kde v p\u0159edstavenstvu sed\u011bl jeho syn Hunter Biden<\/strong><\/span><\/p>\n<p><span>Americk\u00fd prezident Joe Biden byl \u00fadajn\u011b zapojen do zlo\u010dinn\u00e9ho \u00faplatk\u00e1\u0159stv\u00ed s ukrajinskou plyn\u00e1renskou firmou b\u011bhem sv\u00e9ho p\u016fsoben\u00ed jako viceprezident v administrativ\u011b Baracka Obamy, tvrdila v p\u00e1tek Fox News s odkazem na zpr\u00e1vu FBI.<\/span><\/p>\n<p><span>Fox tvrd\u00ed, \u017ee jeho zdroje informovaly kan\u00e1l o obsahu dokumentu FBI, kter\u00fd tvrd\u00ed, \u017ee tehdej\u0161\u00ed viceprezident byl vyplacen spole\u010dnost\u00ed Burisma Holdings, kde byl \u010dlenem p\u0159edstavenstva jeho syn Hunter Biden, ve snaze ovlivnit rozhodnut\u00ed americk\u00e9 politiky.<\/span><\/p>\n<p><span>Dokument z 30. \u010dervna 2020, zn\u00e1m\u00fd jako FD-1023, podrobn\u011b popisuje rozhovor FBI s\u00a0<\/span><em><span>\u201evysoce d\u016fv\u011bryhodn\u00fdm\u201c<\/span><\/em><span>\u00a0d\u016fv\u011brn\u00fdm zdrojem, kter\u00fd popsal n\u011bkolik sch\u016fzek a rozhovor\u016f s nejvy\u0161\u0161\u00edm p\u0159edstavitelem spole\u010dnosti Burisma, po\u010d\u00ednaje rokem 2015.<\/span><\/p>\n<p><span>Podle dokumentu FBI hledal nejmenovan\u00fd v\u00fdkonn\u00fd \u0159editel Burisma radu, jak z\u00edskat lep\u0161\u00ed p\u0159\u00edstup k americk\u00fdm ropn\u00fdm pr\u00e1v\u016fm a partnerstv\u00edm, a hledal pomoc d\u016fv\u011brn\u00e9ho zdroje ohledn\u011b \u201enejlep\u0161\u00edho zp\u016fsobu, jak\u00a0<\/span><em><span>j\u00edt vp\u0159ed\u201c.<\/span><\/em><\/p>\n<p><span>Mana\u017eer \u00fadajn\u011b vysv\u011btlil svou pot\u0159ebu poradit prohl\u00e1\u0161en\u00edm, \u017ee Hunter Biden byl\u00a0<\/span><em><span>\u201ehloup\u00fd\u201c<\/span><\/em><span>\u00a0a \u017ee Burisma musel\u00a0<\/span><em><span>\u201eplatit Biden\u016fm\u201c<\/span><\/em><span>\u00a0, proto\u017ee spole\u010dnost vy\u0161et\u0159oval ukrajinsk\u00fd prokur\u00e1tor.<\/span><\/p>\n<p><span>Jednatel \u00fadajn\u011b \u0159ekl zdroji, \u017ee Bursima ji\u017e zaplatila Hunteru Bidenovi a\u00a0<\/span><em><span>\u201eThe Big Guy\u201c<\/span><\/em><span>\u00a0\u2013 z\u0159ejm\u011b odkaz na Joea Bidena \u2013 ka\u017ed\u00fd 5 milion\u016f dolar\u016f, v\u00fdm\u011bnou za kter\u00e9 m\u011bli spole\u010dnosti pomoci vypo\u0159\u00e1dat se s \u0159adou probl\u00e9m\u016f, v\u010detn\u011b vy\u0161et\u0159ov\u00e1n\u00ed.\u00a0\u00dadajn\u011b vysv\u011btlil, \u017ee platba Biden\u016fm nebyla provedena p\u0159\u00edmo, ale prost\u0159ednictv\u00edm\u00a0<\/span><em><span>\u201emnoha r\u016fzn\u00fdch bankovn\u00edch \u00fa\u010dt\u016f\u201c,<\/span><\/em><span>\u00a0tak\u017ee vy\u0161et\u0159ovatel\u00e9 by nebyli schopni\u00a0<\/span><em><span>\u201etoto rozlu\u0161tit po dobu nejm\u00e9n\u011b 10 let\u201c.<\/span><\/em><\/p>\n<p><span>Washington \u00fadajn\u011b odm\u00edtl zpr\u00e1vu FBI komentovat, zat\u00edmco Joe Biden ji\u017e d\u0159\u00edve odm\u00edtl obvin\u011bn\u00ed z \u00faplatk\u00e1\u0159stv\u00ed jako\u00a0<\/span><em><span>\u201ehromadu mal\u00e1ri\u00ed\u201c<\/span><\/em><span>\u00a0a trval na tom, \u017ee se nikdy nezapletl do obchodn\u00edch jedn\u00e1n\u00ed sv\u00e9ho syna.<\/span><\/p>\n<p><span>B\u011bhem projevu na akci Rady pro zahrani\u010dn\u00ed vztahy v roce 2018 v\u0161ak Joe Biden p\u0159iznal, \u017ee byl zodpov\u011bdn\u00fd za propu\u0161t\u011bn\u00ed ukrajinsk\u00e9ho nejvy\u0161\u0161\u00edho \u017ealobce Viktora Shokina, kter\u00fd vy\u0161et\u0159oval Burisma.\u00a0Biden tvrdil, \u017ee tak u\u010dinil vyhro\u017eov\u00e1n\u00edm, \u017ee zadr\u017e\u00ed 1 miliardu dolar\u016f kritick\u00e9 americk\u00e9 pomoci Ukrajin\u011b, pokud nebude nahrazen prokur\u00e1tor.\u00a0\u0160okina ze sv\u00e9 funkce odvolal 3. dubna tehdej\u0161\u00ed prezident Petr Poro\u0161enko a USA pomoc p\u0159iznaly zelenou.<\/span><\/p>\n<p><img decoding=\"async\" loading=\"lazy\" class=\"alignnone size-full wp-image-1185\" src=\"http:\/\/www.infokuryr.cz\/n\/wp-content\/uploads\/2021\/04\/kuryr-podpis.png\" alt=\"\" width=\"84\" height=\"24\" \/><\/p>\n<p>&nbsp;<\/p>\n<p>&nbsp;<\/p>\n<p><img decoding=\"async\" loading=\"lazy\" class=\"wp-image-19187 aligncenter\" src=\"http:\/\/www.infokuryr.cz\/n\/wp-content\/uploads\/2022\/12\/1-PRO-300x36.jpg\" alt=\"\" width=\"1300\" height=\"156\" srcset=\"https:\/\/www.infokuryr.cz\/n\/wp-content\/uploads\/2022\/12\/1-PRO-300x36.jpg 300w, https:\/\/www.infokuryr.cz\/n\/wp-content\/uploads\/2022\/12\/1-PRO.jpg 699w\" sizes=\"(max-width: 1300px) 100vw, 1300px\" \/><\/p>\n<p>&nbsp;<\/p>\n<p>&nbsp;<\/p>\n<p>&nbsp;<\/p>\n","protected":false},"excerpt":{"rendered":"<p>Kdy\u017e byl viceprezidentem, dostal \u00fadajn\u011b 5 milion\u016f dolar\u016f od Burisma Holdings, kde v p\u0159edstavenstvu sed\u011bl&#8230;<\/p>\n","protected":false},"author":2,"featured_media":20451,"comment_status":"closed","ping_status":"closed","sticky":false,"template":"","format":"standard","meta":[],"categories":[7],"tags":[72,5189,207,26],"_links":{"self":[{"href":"https:\/\/www.infokuryr.cz\/n\/wp-json\/wp\/v2\/posts\/29866"}],"collection":[{"href":"https:\/\/www.infokuryr.cz\/n\/wp-json\/wp\/v2\/posts"}],"about":[{"href":"https:\/\/www.infokuryr.cz\/n\/wp-json\/wp\/v2\/types\/post"}],"author":[{"embeddable":true,"href":"https:\/\/www.infokuryr.cz\/n\/wp-json\/wp\/v2\/users\/2"}],"replies":[{"embeddable":true,"href":"https:\/\/www.infokuryr.cz\/n\/wp-json\/wp\/v2\/comments?post=29866"}],"version-history":[{"count":0,"href":"https:\/\/www.infokuryr.cz\/n\/wp-json\/wp\/v2\/posts\/29866\/revisions"}],"wp:featuredmedia":[{"embeddable":true,"href":"https:\/\/www.infokuryr.cz\/n\/wp-json\/wp\/v2\/media\/20451"}],"wp:attachment":[{"href":"https:\/\/www.infokuryr.cz\/n\/wp-json\/wp\/v2\/media?parent=29866"}],"wp:term":[{"taxonomy":"category","embeddable":true,"href":"https:\/\/www.infokuryr.cz\/n\/wp-json\/wp\/v2\/categories?post=29866"},{"taxonomy":"post_tag","embeddable":true,"href":"https:\/\/www.infokuryr.cz\/n\/wp-json\/wp\/v2\/tags?post=29866"}],"curies":[{"name":"wp","href":"https:\/\/api.w.org\/{rel}","templated":true}]}}