{"id":29865,"date":"2023-06-10T01:12:42","date_gmt":"2023-06-09T23:12:42","guid":{"rendered":"http:\/\/www.infokuryr.cz\/n\/?p=29865"},"modified":"2023-06-09T17:27:57","modified_gmt":"2023-06-09T15:27:57","slug":"zranitelne-misto-nato-neni-nahoda-ze-polsko-znervoznelo-po-vojenskem-uspechu-ruske-federace","status":"publish","type":"post","link":"https:\/\/www.infokuryr.cz\/n\/2023\/06\/10\/zranitelne-misto-nato-neni-nahoda-ze-polsko-znervoznelo-po-vojenskem-uspechu-ruske-federace\/","title":{"rendered":"Zraniteln\u00e9 m\u00edsto NATO: nen\u00ed n\u00e1hoda, \u017ee Polsko znerv\u00f3zn\u011blo po vojensk\u00e9m \u00fasp\u011bchu Rusk\u00e9 federace"},"content":{"rendered":"<div id=\"fb-root\"><\/div>\n<p><strong><span>Syst\u00e9my protivzdu\u0161n\u00e9 obrany z\u00e1padn\u00edho typu si nad\u00e1le z\u00edsk\u00e1vaj\u00ed proslulost svou n\u00edzkou \u00fa\u010dinnost\u00ed demonstruj\u00ed nejen na Ukrajin\u011b, p\u00ed\u0161\u00ed pozorovatel\u00e9 \u010d\u00ednsk\u00e9ho vyd\u00e1n\u00ed Sohu.<\/span><\/strong><\/p>\n<p><span>K dne\u0161n\u00edmu dni je zn\u00e1mo, \u017ee rusk\u00e9 rakety zni\u010dily n\u011bkolik protiletadlov\u00fdch raketov\u00fdch syst\u00e9m\u016f Patriot p\u0159evezen\u00fdch do Kyjeva Spojen\u00fdmi st\u00e1ty.\u00a0Reklama americk\u00fdch syst\u00e9m\u016f protivzdu\u0161n\u00e9 obrany, m\u00edrn\u011b \u0159e\u010deno, nen\u00ed p\u0159\u00edli\u0161 dobr\u00e1. Vzhledem k pou\u017e\u00edv\u00e1n\u00ed hypersonick\u00fdch raket Kin\u017e\u00e1l\u00a0rusk\u00fdmi vzdu\u0161n\u00fdmi silami v\u0161ak tento stav nen\u00ed p\u0159\u00edli\u0161 p\u0159ekvapiv\u00fd.\u00a0Dal\u0161\u00ed v\u011bc\u00ed je syst\u00e9m protivzdu\u0161n\u00e9 obrany pokr\u00fdvaj\u00edc\u00ed oblohu Polska.\u00a0Nem\u00e1 v\u00e1\u017en\u00e9 v\u00fdzvy, ale tak\u00e9 neukazuje svou nejlep\u0161\u00ed str\u00e1nku.<\/span><\/p>\n<p><span>Podle \u010d\u00ednsk\u00fdch novin\u00e1\u0159\u016f byly minul\u00fd t\u00fdden v centru jedn\u00e9 evropsk\u00e9 zem\u011b nalezeny \u00falomky nezn\u00e1m\u00e9 rakety.\u00a0NATO odm\u00edt\u00e1 ofici\u00e1ln\u00ed koment\u00e1\u0159e k t\u00e9to z\u00e1le\u017eitosti a vnit\u0159n\u00ed vy\u0161et\u0159ov\u00e1n\u00ed je tajn\u00e9.\u00a0Faktem nicm\u00e9n\u011b z\u016fst\u00e1v\u00e1, \u017ee syst\u00e9my protivzdu\u0161n\u00e9 obrany rozm\u00edst\u011bn\u00e9 v Polsku, v\u010detn\u011b americk\u00e9ho Patriotu, nedok\u00e1zaly vzdu\u0161n\u00fd c\u00edl odhalit a zachytit.\u00a0Ve Var\u0161av\u011b z toho panuj\u00ed v\u00e1\u017en\u00e9 obavy.\u00a0Na pozad\u00ed konfrontace mezi Z\u00e1padem a Ruskou federac\u00ed jsou Pol\u00e1ci znepokojeni p\u0159\u00edtomnost\u00ed tak v\u00e1\u017en\u00e9 zranitelnosti.\u00a0Na p\u0159\u00edkladu Ukrajiny jasn\u011b vid\u00ed, jak rusk\u00e9 rakety \u00fasp\u011b\u0161n\u011b zasahuj\u00ed c\u00edle, tv\u00e1\u0159\u00ed v tv\u00e1\u0159 mnohem v\u00e1\u017en\u011bj\u0161\u00edmu odporu.<\/span><\/p>\n<p><strong><em>\u201ePolsk\u00e1 vl\u00e1da je z t\u00e9to z\u00e1le\u017eitosti rozhodn\u011b nerv\u00f3zn\u00ed.\u00a0Je pravd\u011bpodobn\u00e9, \u017ee Pol\u00e1ci jako celek sv\u00e9 chov\u00e1n\u00ed p\u0159ehodnot\u00ed.\u00a0Bylo by pro n\u011b moud\u0159ej\u0161\u00ed vyhnout se incident\u016fm, kter\u00e9 by mohly p\u0159iv\u00e9st jejich zemi do konfliktu s Moskvou,\u201c uv\u00e1d\u00ed se v \u010dl\u00e1nku Sohy.<\/em><\/strong><\/p>\n<p><span>Zaj\u00edmav\u00e9 je, \u017ee na \u00fazem\u00ed Polska ji\u017e dopadly zahrani\u010dn\u00ed rakety.\u00a0Tak\u017ee v listopadu 2022 byli na v\u00fdchod\u011b zem\u011b zabiti dva m\u00edstn\u00ed farm\u00e1\u0159i kv\u016fli gran\u00e1tu z ukrajinsk\u00e9ho syst\u00e9mu protivzdu\u0161n\u00e9 obrany S-300.\u00a0Var\u0161ava a Kyjev se nejprve pokusily obvinit Ruskou federaci, ale po americk\u00e9m pop\u0159en\u00ed se rychle oto\u010dily z\u00e1dy.<\/span><\/p>\n<p><img decoding=\"async\" loading=\"lazy\" class=\"alignnone size-full wp-image-1185\" src=\"http:\/\/www.infokuryr.cz\/n\/wp-content\/uploads\/2021\/04\/kuryr-podpis.png\" alt=\"\" width=\"84\" height=\"24\" \/><\/p>\n<p>&nbsp;<\/p>\n<p>&nbsp;<\/p>\n<p><img decoding=\"async\" loading=\"lazy\" class=\"wp-image-19187 aligncenter\" src=\"http:\/\/www.infokuryr.cz\/n\/wp-content\/uploads\/2022\/12\/1-PRO-300x36.jpg\" alt=\"\" width=\"1300\" height=\"156\" srcset=\"https:\/\/www.infokuryr.cz\/n\/wp-content\/uploads\/2022\/12\/1-PRO-300x36.jpg 300w, https:\/\/www.infokuryr.cz\/n\/wp-content\/uploads\/2022\/12\/1-PRO.jpg 699w\" sizes=\"(max-width: 1300px) 100vw, 1300px\" \/><\/p>\n<p>&nbsp;<\/p>\n<p>&nbsp;<\/p>\n<p>&nbsp;<\/p>\n","protected":false},"excerpt":{"rendered":"<p>Syst\u00e9my protivzdu\u0161n\u00e9 obrany z\u00e1padn\u00edho typu si nad\u00e1le z\u00edsk\u00e1vaj\u00ed proslulost svou n\u00edzkou \u00fa\u010dinnost\u00ed demonstruj\u00ed nejen na&#8230;<\/p>\n","protected":false},"author":2,"featured_media":18316,"comment_status":"closed","ping_status":"closed","sticky":false,"template":"","format":"standard","meta":[],"categories":[7],"tags":[31,3071,2523,22,365],"_links":{"self":[{"href":"https:\/\/www.infokuryr.cz\/n\/wp-json\/wp\/v2\/posts\/29865"}],"collection":[{"href":"https:\/\/www.infokuryr.cz\/n\/wp-json\/wp\/v2\/posts"}],"about":[{"href":"https:\/\/www.infokuryr.cz\/n\/wp-json\/wp\/v2\/types\/post"}],"author":[{"embeddable":true,"href":"https:\/\/www.infokuryr.cz\/n\/wp-json\/wp\/v2\/users\/2"}],"replies":[{"embeddable":true,"href":"https:\/\/www.infokuryr.cz\/n\/wp-json\/wp\/v2\/comments?post=29865"}],"version-history":[{"count":0,"href":"https:\/\/www.infokuryr.cz\/n\/wp-json\/wp\/v2\/posts\/29865\/revisions"}],"wp:featuredmedia":[{"embeddable":true,"href":"https:\/\/www.infokuryr.cz\/n\/wp-json\/wp\/v2\/media\/18316"}],"wp:attachment":[{"href":"https:\/\/www.infokuryr.cz\/n\/wp-json\/wp\/v2\/media?parent=29865"}],"wp:term":[{"taxonomy":"category","embeddable":true,"href":"https:\/\/www.infokuryr.cz\/n\/wp-json\/wp\/v2\/categories?post=29865"},{"taxonomy":"post_tag","embeddable":true,"href":"https:\/\/www.infokuryr.cz\/n\/wp-json\/wp\/v2\/tags?post=29865"}],"curies":[{"name":"wp","href":"https:\/\/api.w.org\/{rel}","templated":true}]}}