{"id":29862,"date":"2023-06-10T01:11:54","date_gmt":"2023-06-09T23:11:54","guid":{"rendered":"http:\/\/www.infokuryr.cz\/n\/?p=29862"},"modified":"2023-06-09T17:17:47","modified_gmt":"2023-06-09T15:17:47","slug":"jasny-signal-rusku-svedsko-umoznilo-nato-rozmistit-jednotky-na-svem-uzemi","status":"publish","type":"post","link":"https:\/\/www.infokuryr.cz\/n\/2023\/06\/10\/jasny-signal-rusku-svedsko-umoznilo-nato-rozmistit-jednotky-na-svem-uzemi\/","title":{"rendered":"\u201eJasn\u00fd sign\u00e1l Rusku\u201c \u2013 \u0160v\u00e9dsko umo\u017enilo NATO rozm\u00edstit jednotky na sv\u00e9m \u00fazem\u00ed"},"content":{"rendered":"<div id=\"fb-root\"><\/div>\n<p><strong>\u0160v\u00e9dsko umo\u017en\u00ed NATO rozm\u00edstit voj\u00e1ky na sv\u00e9m \u00fazem\u00ed je\u0161t\u011b p\u0159ed vstupem skandin\u00e1vsk\u00e9 zem\u011b do Severoatlantick\u00e9 aliance, uv\u00e1d\u00ed list Dagens Nyheter.\u00a0Ve spole\u010dn\u00e9m prohl\u00e1\u0161en\u00ed, kter\u00e9 vydali premi\u00e9r Ulf Kristersson a ministr obrany Paul Jonsson, by rozhodnut\u00ed \u201ep\u0159isp\u011blo k pos\u00edlen\u00ed obranyschopnosti\u201c skandin\u00e1vsk\u00e9ho st\u00e1tu a \u201evyslalo jasn\u00fd sign\u00e1l Rusku\u201c.<\/strong><\/p>\n<p>\u0160v\u00e9dsk\u00e1 vl\u00e1da ozn\u00e1mila sv\u00e9 rozhodnut\u00ed umo\u017enit NATO rozm\u00edstit jednotky na sv\u00e9m \u00fazem\u00ed d\u0159\u00edve, ne\u017e se severoevropsk\u00e1 zem\u011b ofici\u00e1ln\u011b p\u0159ipoj\u00ed k vojensk\u00e9mu bloku.\u00a0Ozn\u00e1mili to ve spole\u010dn\u00e9m prohl\u00e1\u0161en\u00ed v novin\u00e1ch Dagens Nyheter premi\u00e9r Ulfa Kristersson a ministr obrany Paul Jonsson.<\/p>\n<p>Vysoc\u00ed \u010dlenov\u00e9 \u0161v\u00e9dsk\u00e9 vl\u00e1dy jsou p\u0159esv\u011bd\u010deni, \u017ee spolupr\u00e1ce se zem\u011bmi NATO je\u00a0<em>\u201e\u00fast\u0159edn\u00ed\u201c<\/em>\u00a0pro pos\u00edlen\u00ed obrany \u0160v\u00e9dska, a to p\u0159ed i po vstupu do Severoatlantick\u00e9 aliance.\u00a0Velen\u00ed NATO podle nich v sou\u010dasn\u00e9 dob\u011b zpracov\u00e1v\u00e1 region\u00e1ln\u00ed pl\u00e1ny, kter\u00e9 budou tvo\u0159it z\u00e1klad spole\u010dn\u00e9ho obrann\u00e9ho pl\u00e1nov\u00e1n\u00ed, jeho\u017e sou\u010d\u00e1st\u00ed se \u0160v\u00e9dsko po ofici\u00e1ln\u00edm vstupu do aliance stane, uv\u00e1d\u00ed \u010dl\u00e1nek.<\/p>\n<p>Ofici\u00e1ln\u00ed Stockholm na\u0159\u00eddil sv\u00fdm ozbrojen\u00fdm sil\u00e1m, aby spole\u010dn\u011b se Severoatlantickou alianc\u00ed obecn\u011b a jednotliv\u00fdmi zem\u011bmi bloku zejm\u00e9na zah\u00e1jily p\u0159\u00edpravn\u00e9 pr\u00e1ce na budouc\u00ed spole\u010dn\u00e9 vojensk\u00e9 operace.\u00a0P\u0159\u00edpravn\u00e1 opat\u0159en\u00ed mohou zahrnovat do\u010dasn\u00e9 rozm\u00edst\u011bn\u00ed ciz\u00ed techniky a person\u00e1lu na \u0161v\u00e9dsk\u00e9 p\u016fd\u011b, p\u00ed\u0161e Dagens Nyheter.<\/p>\n<p>V ministersk\u00e9m prohl\u00e1\u0161en\u00ed se nav\u00edc uv\u00e1d\u00ed, \u017ee \u0160v\u00e9dsko t\u00edmto zp\u016fsobem\u00a0<em>\u201evys\u00edl\u00e1 jasn\u00fd sign\u00e1l Rusku\u201c<\/em>\u00a0, kter\u00e9 podle jejich n\u00e1zoru z\u016fstane v bl\u00edzk\u00e9 budoucnosti\u00a0<em>\u201ehrozbou pro sousedn\u00ed zem\u011b\u201c<\/em>\u00a0.\u00a0Kristersson a Polson na str\u00e1nk\u00e1ch publikace vysv\u011btlili nutnost nasazen\u00ed vojensk\u00e9ho kontingentu NATO ud\u00e1lostmi na Ukrajin\u011b.<\/p>\n<p><img decoding=\"async\" loading=\"lazy\" class=\"alignnone size-full wp-image-1185\" src=\"http:\/\/www.infokuryr.cz\/n\/wp-content\/uploads\/2021\/04\/kuryr-podpis.png\" alt=\"\" width=\"84\" height=\"24\" \/><\/p>\n<p>&nbsp;<\/p>\n<p>&nbsp;<\/p>\n<p><img decoding=\"async\" loading=\"lazy\" class=\"wp-image-19187 aligncenter\" src=\"http:\/\/www.infokuryr.cz\/n\/wp-content\/uploads\/2022\/12\/1-PRO-300x36.jpg\" alt=\"\" width=\"1300\" height=\"156\" srcset=\"https:\/\/www.infokuryr.cz\/n\/wp-content\/uploads\/2022\/12\/1-PRO-300x36.jpg 300w, https:\/\/www.infokuryr.cz\/n\/wp-content\/uploads\/2022\/12\/1-PRO.jpg 699w\" sizes=\"(max-width: 1300px) 100vw, 1300px\" \/><\/p>\n<p>&nbsp;<\/p>\n<p>&nbsp;<\/p>\n<p>&nbsp;<\/p>\n","protected":false},"excerpt":{"rendered":"<p>\u0160v\u00e9dsko umo\u017en\u00ed NATO rozm\u00edstit voj\u00e1ky na sv\u00e9m \u00fazem\u00ed je\u0161t\u011b p\u0159ed vstupem skandin\u00e1vsk\u00e9 zem\u011b do Severoatlantick\u00e9&#8230;<\/p>\n","protected":false},"author":2,"featured_media":29863,"comment_status":"closed","ping_status":"closed","sticky":false,"template":"","format":"standard","meta":[],"categories":[7],"tags":[80,39,124],"_links":{"self":[{"href":"https:\/\/www.infokuryr.cz\/n\/wp-json\/wp\/v2\/posts\/29862"}],"collection":[{"href":"https:\/\/www.infokuryr.cz\/n\/wp-json\/wp\/v2\/posts"}],"about":[{"href":"https:\/\/www.infokuryr.cz\/n\/wp-json\/wp\/v2\/types\/post"}],"author":[{"embeddable":true,"href":"https:\/\/www.infokuryr.cz\/n\/wp-json\/wp\/v2\/users\/2"}],"replies":[{"embeddable":true,"href":"https:\/\/www.infokuryr.cz\/n\/wp-json\/wp\/v2\/comments?post=29862"}],"version-history":[{"count":1,"href":"https:\/\/www.infokuryr.cz\/n\/wp-json\/wp\/v2\/posts\/29862\/revisions"}],"predecessor-version":[{"id":29864,"href":"https:\/\/www.infokuryr.cz\/n\/wp-json\/wp\/v2\/posts\/29862\/revisions\/29864"}],"wp:featuredmedia":[{"embeddable":true,"href":"https:\/\/www.infokuryr.cz\/n\/wp-json\/wp\/v2\/media\/29863"}],"wp:attachment":[{"href":"https:\/\/www.infokuryr.cz\/n\/wp-json\/wp\/v2\/media?parent=29862"}],"wp:term":[{"taxonomy":"category","embeddable":true,"href":"https:\/\/www.infokuryr.cz\/n\/wp-json\/wp\/v2\/categories?post=29862"},{"taxonomy":"post_tag","embeddable":true,"href":"https:\/\/www.infokuryr.cz\/n\/wp-json\/wp\/v2\/tags?post=29862"}],"curies":[{"name":"wp","href":"https:\/\/api.w.org\/{rel}","templated":true}]}}