{"id":2986,"date":"2021-07-01T03:18:57","date_gmt":"2021-07-01T01:18:57","guid":{"rendered":"http:\/\/www.infokuryr.cz\/n\/?p=2986"},"modified":"2021-07-01T03:18:57","modified_gmt":"2021-07-01T01:18:57","slug":"male-zamysleni-se-nad-svetovou-populaci-aneb-morrestovo-okenko-nevrazivosti","status":"publish","type":"post","link":"https:\/\/www.infokuryr.cz\/n\/2021\/07\/01\/male-zamysleni-se-nad-svetovou-populaci-aneb-morrestovo-okenko-nevrazivosti\/","title":{"rendered":"Mal\u00e9 zamy\u0161len\u00ed se nad sv\u011btovou populac\u00ed aneb Morrestovo ok\u00e9nko nevra\u017eivosti"},"content":{"rendered":"<div id=\"fb-root\"><\/div>\n<section class=\"perex\"><strong>Varov\u00e1n\u00ed, tento text je vhodn\u00fd jen pro siln\u00e9 \u017ealudky. Pokud m\u00e1te probl\u00e9m s\u00a0tlakem nebo potenc\u00ed, zajd\u011bte si k\u00a0l\u00e9ka\u0159i, nemus\u00edte \u010d\u00edst ka\u017edou kravinu.<\/strong><\/p>\n<\/section>\n<section class=\"clanek-obsah\">\n<h2>\u00davod<\/h2>\n<p>Co se m\u00e1 st\u00e1t, stane se, a nikdo z\u00a0n\u00e1s s\u00a0t\u00edm nic nenad\u011bl\u00e1, redukce populace je nezbytn\u00e1, pokud by se lidstvo mno\u017eilo d\u00e1le stejn\u00fdm tempem, tak m\u00e1me v\u00a0p\u016flce dal\u0161\u00edho desetilet\u00ed 9 mld. obyvatel a v\u00a0p\u016flce tohoto stolet\u00ed si koledujeme o miliardu des\u00e1tou. Co to znamen\u00e1 z\u00a0hlediska spot\u0159eby zdroj\u016f je snad jasn\u00e9 ka\u017ed\u00e9mu, kdo m\u00e1 alespo\u0148 tro\u0161ku element\u00e1rn\u00ed snahy o vn\u00edm\u00e1n\u00ed reality.<\/p>\n<p>To, co mohu ovlivnit sv\u00fdm chov\u00e1n\u00edm je osobn\u00ed nebo rodinn\u00e1 \u0161ance na p\u0159e\u017eit\u00ed.<\/p>\n<p>K\u00a0tomu, abych zv\u00fd\u0161il \u0161ance sv\u00fdch gen\u016f z\u016fstat ve h\u0159e zvan\u00e9 \u017eivot, pot\u0159ebujeme:<\/p>\n<ol>\n<li>tro\u0161ku snahy (ta je jen na V\u00e1s)<\/li>\n<li>kvalifikovan\u00fd odhad budouc\u00edho v\u00fdvoje (tady m\u00e1te ten nejhor\u0161\u00ed)<\/li>\n<li>dobr\u00e9 m\u00edsto pro p\u0159e\u017eit\u00ed<\/li>\n<\/ol>\n<p>Proto\u017ee v\u00edm, \u017ee pr\u016fm\u011brn\u00fd \u010dlov\u011bk dnes nestr\u00e1v\u00ed 20 str\u00e1nkov\u00fd rozbor situace, pokus\u00edm se to ud\u011blat hravou a kr\u00e1tkou formou na 3 pokra\u010dov\u00e1n\u00ed po straviteln\u011bj\u0161\u00edch kousc\u00edch.<\/p>\n<div class=\"karta\">\n<figure><img decoding=\"async\" loading=\"lazy\" src=\"http:\/\/www.zvedavec.org\/images\/21\/male-zamysleni-nad-svetovou-populaci.png\" alt=\"[...]\" width=\"582\" height=\"305\" \/><\/figure>\n<\/div>\n<h2>Za\u010d\u00e1tek konce<\/h2>\n<p>Tak\u017ee mil\u00e9 d\u011bti planety Zem\u011b, nach\u00e1z\u00edme se na plat\u00f3 v\u00fdvoje civilizace, pokud m\u00e1te ve sv\u00fdch \u017eivotech pr\u00e1zdn\u00fd pocit, \u017ee si jen tak veget\u00edte a nic se za va\u0161\u00ed existence nestalo, je nejlep\u0161\u00ed \u010das si zapnout bezpe\u010dnostn\u00ed p\u00e1s.<\/p>\n<h3>Situace:<\/h3>\n<p>Nen\u00ed to nic moc, sv\u011bt je na prahu nedostatku, \u010d\u00edm v\u00edce lid\u00ed se d\u011bl\u00ed o zdroje, t\u00edm rychleji zdroje doch\u00e1zej\u00ed. Dostupn\u00e9 zdroje jsou rozm\u00edst\u011bny nerovnom\u011brn\u011b. Pro nastolen\u00ed rovnov\u00e1hy obnoviteln\u00fdch z\u00e1kladn\u00edch zdroj\u016f bude nezbytn\u00e9 sn\u00ed\u017eit populaci na udr\u017eitelnou \u00farove\u0148. (Na hranici dlouhodob\u00e9 udr\u017eitelnosti nepanuje v\u011bdeck\u00e1 shoda, vid\u011bl jsem \u010d\u00edsla mezi 0,5Mld a\u017e po 8 mld. za p\u0159edpokladu skoku ve v\u011bd\u011b a v produkci potravin. Osobn\u011b zast\u00e1v\u00e1m n\u00e1zor na c\u00edlov\u00fd stav lehce pod 1 mld. vy\u017e\u00edrk\u016f.)<\/p>\n<h3>Mo\u017enosti<\/h3>\n<ol>\n<li>\u00fapln\u011b nejhor\u0161\u00ed varianta je ned\u011blat nic, to by znamenalo, \u017ee konec je neodvratn\u00fd, civilizace tak jak j\u00ed zn\u00e1me, se zvrhne do dominance zlo\u010dinn\u00fdch gang\u016f, velmi pravd\u011bpodobn\u011b se stane na\u0161e planeta z\u00a0d\u016fvod\u016f hav\u00e1ri\u00ed neudr\u017eovan\u00fdch za\u0159\u00edzen\u00ed neobyvatelnou po tis\u00edce let (atomov\u00e9 elektr\u00e1rny, biologick\u00fd v\u00fdzkum), velmi pravd\u011bpodobn\u011b by to byla jen del\u0161\u00ed cesta k\u00a0bodu 5.<\/li>\n<li>Postupn\u00e1 redukce obyvatel (\u010c\u00ednsk\u00fd model jednoho d\u00edt\u011bte a\u017e do doby, ne\u017e n\u00e1s bude pod c\u00edlov\u00fd stav)<\/li>\n<li>\u0158\u00edzen\u00e1 redukce (produkce relativn\u011b ne\u0161kodn\u00fdch nemoc\u00ed, depopula\u010dn\u00ed o\u010dkov\u00e1n\u00ed, kontaminace potravin, genov\u00e1 manipulace, redukce l\u00e9ka\u0159sk\u00e9 p\u00e9\u010de)<\/li>\n<li>\u0158\u00edzen\u00e1 katastrofa (lok\u00e1ln\u00ed v\u00e1lky, lok\u00e1ln\u00ed hladomory, pandemick\u00e9 infekce, biologick\u00e9 zbran\u011b c\u00edlen\u00e9 na typ konkr\u00e9tn\u00edho genomu)<\/li>\n<li>Ne\u0159\u00edzen\u00e1 katastrofa (nukle\u00e1rn\u00ed v\u00e1lka se v\u0161emi d\u016fsledky)<\/li>\n<\/ol>\n<h3>Z\u00e1sadn\u00ed ot\u00e1zkou tedy je, jakou cestou se vyd\u00e1me?<\/h3>\n<p>Zavrhuji 1. a 5. bod. Ne \u017ee by z\u00a0principu nebyly mo\u017en\u00e9, ale byla by to cesta do pekel a po\u0159\u00e1d si \u0159\u00edk\u00e1m, \u017ee n\u00e1\u0161 sv\u011bt je nejlep\u0161\u00ed ze v\u0161ech mo\u017en\u00fdch. (nen\u00ed to optimismus, jen v\u00edra v\u00a0to, \u017ee hybatel\u00e9 maj\u00ed rozum)<\/p>\n<p>2. bod se v\u00a0\u010c\u00edn\u011b neosv\u011bd\u010dil, je \u010dasov\u011b velmi n\u00e1ro\u010dn\u00fd na realizaci, z\u00a0dlouhodob\u00e9ho hlediska vede k\u00a0situaci, \u017ee se nebude m\u00edt kdo postarat o star\u00e9 a nemocn\u00e9.<\/p>\n<p>Zb\u00fdvaj\u00ed tedy body 3 a 4. Osobn\u011b si mysl\u00edm, \u017ee se p\u016fjde n\u011bkde mezi. Jin\u00e1 varianta bude pou\u017eita v\u00a0t\u0159et\u00edm sv\u011bt\u011b, jin\u00e1 u n\u00e1s a v USA<\/p>\n<p>Co tedy m\u016f\u017eeme o\u010dek\u00e1vat? (aneb jak bych to realizoval j\u00e1 jako despotick\u00fd vl\u00e1dce bez \u0161petky empatie)<\/p>\n<h2>Better safe than sorry<\/h2>\n<p>Splnil se mi sen, stal jsem se dikt\u00e1torem sv\u011bta, kter\u00fd pot\u0159ebuje uv\u00e9st planetu do rovnov\u00e1\u017en\u00e9ho stavu. Jup\u00ed, jde se na to a radost z\u00a0toho m\u00edt nebudeme nikdo. P\u0159ipravte si blic\u00ed pytl\u00edk, to \u017ee se mnou nesouhlas\u00edte, je\u0161t\u011b neznamen\u00e1, \u017ee nem\u00e1m pravdu.<\/p>\n<h3>P\u0159\u00edprava (divide et impera):<\/h3>\n<p>Jako dikt\u00e1tor jsem se rozhodl ukr\u00fdt p\u0159ed lidsk\u00fdmi zraky, sv\u00e9 imp\u00e9rium (Zemi) spravuji prost\u0159ednictv\u00edm investi\u010dn\u00edch fond\u016f, bank, poji\u0161\u0165oven, zaji\u0161\u0165oven a my\u0161lenkov\u00fdch trust\u016f, jejich\u017e prost\u0159ednictv\u00edm kontroluji nadn\u00e1rodn\u00ed koncerny. Ty svou ekonomickou silou korumpuj\u00ed politick\u00fd syst\u00e9m i chov\u00e1n\u00ed vl\u00e1d.<\/p>\n<h3>Nen\u00ed to m\u00e1lo?<\/h3>\n<p>Lid\u00e9 maj\u00ed r\u00e1di nap\u011bt\u00ed, je pot\u0159eba podporovat 2 r\u016fzn\u00e9 geopolitick\u00e9 toky. \u0158\u00edkejme jim t\u0159eba Imperialismus a Nacionalismus. Imperialismus budou podporovat st\u00e1ty la\u010dn\u00edc\u00ed po ciz\u00edch zdroj\u00edch, nacionalismus zase vl\u00e1dy, kter\u00e9 zdroje vlastn\u00ed a necht\u011bj\u00ed o n\u011b p\u0159ij\u00edt. Mezi t\u011bmito uskupen\u00edmi panuje vz\u00e1jemn\u00e1 nevra\u017eivost, kter\u00e1 zam\u011bstn\u00e1v\u00e1 existencion\u00e1ln\u00ed mysl populace. Nad cel\u00fdm t\u00edm hem\u017een\u00edm je postaven finan\u010dn\u00ed syst\u00e9m, kter\u00fd je zalo\u017een na principu letadla.<\/p>\n<h3>Nen\u00ed to st\u00e1le m\u00e1lo?<\/h3>\n<p>V\u00edra lidi spojuje\u2026 Nic nen\u00ed d\u00e1le od pravdy ne\u017e tato my\u0161lenka. V\u00edra je nezbytn\u00e1 pro rozd\u011blen\u00ed spole\u010dnosti. Aneb jak \u0159\u00edk\u00e1 klasik, v\u00edra vznikla tak, \u017ee podvodn\u00edk potkal hlup\u00e1ka. Aneb jak \u0159ekl A. C. Clarke:\u00a0<i>Science is the only religion of mankind.<\/i>\u00a0A jak dopl\u0148uji sv\u00fdm postul\u00e1tem: D\u011bti jsou jen ob\u011bti kauzality, nemohou za to, \u017ee jejich rodi\u010de jsou idioti.<\/p>\n<h3>Tak jak?<\/h3>\n<p>Sv\u011bt byl v\u00a0hrub\u00fdch rysech nastaven, osoby nejsou d\u016fle\u017eit\u00e9, sv\u011bt je pln\u00fd u\u017eite\u010dn\u00fdch idiot\u016f, jejich\u017e rotaci se \u0159\u00edk\u00e1 \u017eivot. (newspeak pro medi\u00e1ln\u00ed ud\u00e1losti)<\/p>\n<p>Pokud V\u00e1m a\u017e dote\u010f chyb\u011bla m\u00e9dia, tak tady jsou, i nej\u010dist\u0161\u00ed pravda se d\u00e1 po\u0161pinit, i ten nejlep\u0161\u00ed n\u00e1pad strhat. M\u00e9dia chci ovl\u00e1dat a to v\u0161echna. Co neovl\u00e1dnu, to zak\u00e1\u017eu. Cenzura a finan\u010dn\u00ed blokace ud\u011blaj\u00ed skv\u011blou pr\u00e1ci.<\/p>\n<h3>Jsem altruista, ale\u2026<\/h3>\n<p>Princip fungov\u00e1n\u00ed m\u00e9ho sv\u011bta je zalo\u017een na nen\u00e1visti. Nebudu se zdr\u017eovat drobnostmi a d\u016fvody nen\u00e1visti, nen\u00ed zde na to prostor, ka\u017ed\u00fd d\u016fvod je pou\u017eiteln\u00fd, jde jen o to, \u017ee \u010d\u00edm v\u00edce budu cht\u00edt p\u0159evz\u00edt kontrolu nad sv\u011btem, t\u00edm v\u00edce mus\u00edm eskalovat nen\u00e1vist. Ide\u00e1ln\u00ed nen\u00e1vist je v\u00e1lka, ta garantuje nevra\u017eivost do maxim\u00e1ln\u00edch v\u00fd\u0161in fanatismu. Vrcholem perverze je pak v\u00e1lka ob\u010dansk\u00e1, kter\u00e1 na rozd\u00edl od v\u00e1lky mezi st\u00e1ty ned\u00e1v\u00e1 prostor pro pasivn\u00ed bojkotov\u00e1n\u00ed ud\u00e1lost\u00ed. Pokud se mi v\u00e1lka hodit nebude, pou\u017eiju strach. Nejsiln\u011bj\u0161\u00ed strach je strach existencion\u00e1ln\u00ed.<\/p>\n<h2>Da locum melioribus<\/h2>\n<p>\u010casov\u00e1 konsekvence je z\u00a0hlediska predikce nejslo\u017eit\u011bj\u0161\u00ed. Jin\u00fdmi slovy, sv\u011bt m\u00e1 na redukci po\u010dtu obyvatel jen omezen\u00e9 \u010dasov\u00e9 okno. Pokud ho p\u0159ekro\u010d\u00edme, dostaneme se ke krajn\u00edm mo\u017enostem v\u00fdvoje a to bych nerad. Proto se mus\u00ed pracovat s\u00a0t\u00edm, co je po ruce, pokud n\u011bco chyb\u00ed, je pot\u0159eba to rychle dodat.<\/p>\n<h3>Rozhodl jsem se pro bod 3 pro rozvinut\u00e9 zem\u011b, pro bod 4 u t\u0159et\u00edho sv\u011bta<\/h3>\n<h3>Virtu\u00e1ln\u00ed pandemie<\/h3>\n<p>Pro zah\u00e1jen\u00ed vir\u00e1ln\u00ed pandemie je pot\u0159eba smrt\u00edc\u00ed virus. Opravdu? Nejsem bl\u00e1zen, kdy\u017e pot\u0159ebn\u00e9 ud\u011bl\u00e1 nocebo efekt, posta\u010d\u00ed n\u00e1m i slab\u0161\u00ed kmen, co si vezme jen oslaben\u00e9 a p\u0159est\u00e1rl\u00e9, pot\u0159ebuji p\u0159ece jen vyvolat zd\u00e1n\u00ed pandemie. Vir\u016f u\u017e je v\u00edce ne\u017e dost, v\u00edce ne\u017e nemoc samotn\u00e1 je pot\u0159eba kvalitativn\u011b vhodn\u00e1 metoda testov\u00e1n\u00ed n\u011b\u010deho b\u011b\u017en\u00e9ho. Medializace u\u017e v\u00e1m ty hlavinky zamot\u00e1. PCR test je vhodn\u00fd n\u00e1stroj na detekci \u010dehokoli, tak pro\u010d jej nevyu\u017e\u00edt.<\/p>\n<h3>O\u010dkov\u00e1n\u00ed jako prost\u0159edek evidence a selekce<\/h3>\n<p>Kdy\u017e se v\u00a0r\u00e1mci planety n\u011bkdo chov\u00e1 jako dobytek, tak se s\u00a0n\u00edm m\u00e1 jako s\u00a0dobytkem i zach\u00e1zet. Pokud si n\u011bkdo z\u00a0v\u00e1s klade ot\u00e1zku, v\u00a0jak\u00e9 f\u00e1zi o\u010dkovac\u00ed strategie se bude startovat selekce, tak odpov\u011b\u010f je jednoduch\u00e1. V\u00a0ka\u017ed\u00e9. Je nelogick\u00e9 nevyu\u017e\u00edt jakoukoli p\u0159\u00edle\u017eitost, je p\u0159ed n\u00e1mi velk\u00fd \u00fakol, kter\u00fd m\u016f\u017ee b\u00fdt p\u0159eru\u0161en v\u00a0jak\u00e9mkoli okam\u017eiku. Je pot\u0159eba se postarat, aby \u017e\u00e1dn\u00e1 d\u00e1vka nep\u0159i\u0161la nazmar. \u017d\u00e1dn\u00e9 placebo d\u00e1vky se nekonaj\u00ed a konat nebudou.<\/p>\n<h3>Totalitn\u00ed vl\u00e1da<\/h3>\n<p>Jej\u00ed \u010das je\u0161t\u011b p\u0159ijde. Pro za\u010d\u00e1tek mus\u00edme vysta\u010dit s\u00a0t\u00edm, co m\u00e1me na sklad\u011b. Jednotliv\u00e9 geopolitick\u00e9 bloky maj\u00ed ji\u017e nar\u00fdsov\u00e1no veden\u00ed, je pot\u0159eba ho koncentrovat pod OSN, to je takov\u00e1 dobr\u00e1 d\u011bvka pro v\u0161echny \u0161pinav\u00e9 hry. D\u00e1 se dob\u0159e kontrolovat, je dostate\u010dn\u011b zkorumpovan\u00e1 a pln\u00e1 hlup\u00e1k\u016f. Super instituce pro v\u00fdchoz\u00ed stav vl\u00e1dy. Vl\u00e1da protektor\u016f se nominuje a\u017e po spln\u011bn\u00ed mise.<\/p>\n<h3>V\u00e1lka s pandemi\u00ed<\/h3>\n<p>Evropa i USA maj\u00ed radost, kdy\u017e se n\u011bco tragick\u00e9ho d\u011bje mimo jejich \u00fazem\u00ed a to je celkem \u0161koda. Je pot\u0159eba to zm\u011bnit. Napoj\u00edme si to na sou\u010dasnost a d\u00e1me si p\u0159edpov\u011b\u010f. A\u017e se na podzim pandemie zlom\u00ed do dal\u0161\u00ed f\u00e1ze, bude t\u0159eba eskalovat nap\u011bt\u00ed sm\u011brem dovnit\u0159. Kdo za to m\u016f\u017ee? To bude z\u00e1kladn\u00ed ot\u00e1zka. Neo\u010dkovan\u00ed, to je ten probl\u00e9m. Na\u0161t\u011bst\u00ed m\u00e1me dostate\u010dn\u011b siln\u00fd apar\u00e1t na vynucen\u00ed povinn\u00e9ho o\u010dkov\u00e1n\u00ed.\u00a0<b>Boj se povede v\u00a0na\u0161ich m\u011bstech.<\/b>\u00a0Nem\u00e1\u0161 o\u010dkov\u00e1n\u00ed, nesm\u00ed\u0161 do pr\u00e1ce, nesm\u00ed\u0161 do \u0161koly, do obchodu, nikam. Nezam\u011bstnanost vysko\u010d\u00ed na 40%, za\u010dne se h\u00fdbat s \u00farokovou m\u00edrou, lid\u00e9 se zbav\u00ed majetk\u016f, kter\u00e9 ji\u017e nemohou spl\u00e1cet. Bude doch\u00e1zet ke kolaps\u016fm bank a ekonomik. Letadlo finan\u010dn\u00edho syst\u00e9mu se rozpadne.<\/p>\n<h3>Kdo p\u0159e\u017eije, nen\u00ed \u010cech<\/h3>\n<p>Ne opravdu si nebudu br\u00e1t serv\u00edtky, nechci, aby p\u0159e\u017eil jedin\u00fd odbojn\u00fd n\u00e1rod, pro p\u0159e\u017eit\u00ed lidstva to nen\u00ed podstatn\u00e9. Rad\u011bji si k\u00a0obrazu sv\u00e9mu vypipl\u00e1m n\u011bkoho hloup\u00e9ho z Afriky, ne\u017e se h\u00e1dat s\u00a0n\u011bk\u00fdm, kdo si nevid\u00ed ani na \u0161pi\u010dku nosu a nebude si v\u00e1\u017eit nov\u00e9 p\u0159\u00edle\u017eitosti. Tak\u017ee Evropu, Ameriku, Asii a Austr\u00e1lii si \u0161krt\u00e1me, Afrika m\u00e1 ta spr\u00e1vn\u00e1 m\u011b\u0159\u00edtka pro p\u0159e\u017eit\u00ed. Sta\u010d\u00ed jen vyvolat p\u00e1r drobn\u00fdch ne\u0161kodn\u00fdch v\u00e1lek, hladomor pro m\u011bstsk\u00e9 oblasti a m\u00e1me ide\u00e1ln\u00ed lidsk\u00fd zdroj pro kontrolovan\u00e9 znovuos\u00eddlen\u00ed planety. To, \u017ee nedopust\u00edm znovunastartov\u00e1n\u00ed p\u0159elidn\u011bn\u00ed je jasn\u00e9. Za vd\u011bk t\u011bch lid\u00ed, kter\u00fdm nakonec p\u0159enech\u00e1m va\u0161e m\u011bsta k\u00a0u\u017e\u00edv\u00e1n\u00ed, budu cht\u00edt i svou da\u0148 ve form\u011b kontroly spole\u010dnosti.<\/p>\n<h2>Vize<\/h2>\n<p>To je nejd\u016fle\u017eit\u011bj\u0161\u00ed, m\u00e1-li se cel\u00e1 akce pov\u00e9st, je pot\u0159eba neztratit d\u016fv\u011bru lid\u00ed, mus\u00ed do posledn\u00ed chv\u00edle doufat, \u017ee situaci zvl\u00e1dnou. Nen\u00ed prostor pro p\u0159ipu\u0161t\u011bn\u00ed pravdy do m\u00e9di\u00ed, pravdu je t\u0159eba vyko\u0159enit, p\u0159ekr\u00fdt mo\u017en\u00fdmi hrozbami, vyvolat v\u00a0populaci davovou hysterii, kter\u00e1 jde spr\u00e1vn\u00fdm sm\u011brem. Dav se mus\u00ed \u0159\u00eddit, mus\u00edm nastavit miln\u00edky a kvalitativn\u00ed hodnocen\u00ed sm\u011bru. Je to slo\u017eit\u00e1 procedura vedouc\u00ed k\u00a0rozs\u00e1hl\u00fdm celospole\u010densk\u00fdm zm\u011bn\u00e1m. Kdo se postav\u00ed proti proudu, bude smeten.<\/p>\n<h2>Technologie<\/h2>\n<p>Je pot\u0159eba zachovat technologickou vysp\u011blost, v\u00a0r\u00e1mci jednotliv\u00fdch zem\u00ed budou pod p\u0159\u00edmou kontrolu OSN p\u0159evzaty technologick\u00e9 a energetick\u00e9 celky. Dojde k\u00a0jejich konzervaci a kontrolovan\u00e9mu odstaven\u00ed. Na \u00fazem\u00ed svrchovan\u00fdch st\u00e1t\u016f dojde k\u00a0obsazen\u00ed v\u00fdznamn\u00fdch celk\u016f vojsky NATO a OSN.<\/p>\n<h2>Per ardua\u00a0ad Astra<\/h2>\n<p>Na konci cel\u00e9 transformace se lidem pod\u011bkuje za spolupr\u00e1ci, je to nejen cynick\u00e9, ale i slu\u0161n\u00e9. Mus\u00edme let\u011bt ke hv\u011bzd\u00e1m, s\u00a0koul\u00ed skoro 8 mld. lid\u00ed u nohy to nen\u00ed mo\u017en\u00e9.<\/p>\n<h2>D\u00e1 se to p\u0159e\u017e\u00edt?<\/h2>\n<p>Ur\u010dit\u011b d\u00e1, ale nikoli jako celek, kter\u00fd zn\u00e1te pod pojmem n\u00e1rod nebo st\u00e1t. N\u011bkolik procent lid\u00ed m\u00e1 sv\u00e9 m\u00edsto ji\u017e p\u0159ipraven\u00e9, pokud jste pozorn\u011b do\u010detli odstavec \u201eV\u00e1lka s\u00a0pandemi\u00ed\u201c, m\u00e1te jasno, co budete d\u011blat. Nic netrv\u00e1 v\u011b\u010dn\u011b, lesy jsou pln\u00e9 zv\u011b\u0159e, d\u00e1 se to p\u0159e\u017e\u00edt mimo civilizaci. Je pot\u0159eba se vyhnout selekci a vytrvat.<\/p>\n<h2>D\u00e1 se to je\u0161t\u011b \u00fapln\u011b zastavit?<\/h2>\n<p>D\u00e1, ale n\u00e1vod by byl v\u00a0sou\u010dasn\u00e9 dob\u011b trestn\u00fd. Lid\u00e9 by se museli semknout a odp\u00e1lit ekonomiku d\u0159\u00edve, ne\u017e se \u0159\u00edzen\u011b sesype. Nav\u00edc by to od ur\u010dit\u00e9ho okam\u017eiku ji\u017e nem\u011blo protism\u011brn\u00fd efekt, muselo by to b\u00fdt ve velmi kr\u00e1tk\u00e9m \u010dasov\u00e9m r\u00e1mci po cel\u00e9m sv\u011bt\u011b. To se n\u00e1m nikdy nepoda\u0159\u00ed.<\/p>\n<h2>PS.<\/h2>\n<p>Jestli jsem n\u011bkomu zp\u016fsobil deprese, tak se omlouv\u00e1m. Za 5 let tu bude \u00fapln\u011b jin\u00fd sv\u011bt, transformace se dokon\u010d\u00ed n\u011bkdy po 2030, takov\u00fd je m\u016fj odhad, ale jak jsem psal na za\u010d\u00e1tku t\u00e9to \u010d\u00e1sti, \u010dasov\u00e1 osa je v\u017edy nejist\u00e1.<\/p>\n<p>Nikdo na sv\u011bt\u011b by nebyl \u0161\u0165astn\u011bj\u0161\u00ed ne\u017e j\u00e1, kdybych se m\u00fdlil. To, \u017ee si um\u00edm p\u0159edstavit, kam n\u00e1\u0161 sv\u011bt sm\u011b\u0159uje, je\u0161t\u011b neznamen\u00e1, \u017ee proti tomuto sm\u011b\u0159ov\u00e1n\u00ed nebudu bojovat do roztrh\u00e1n\u00ed sv\u00e9ho nicotn\u00e9ho t\u011bla.<\/p>\n<h2>Pax vobis<\/h2>\n<h3>Morrest (18.6.-21.6.2021)<\/h3>\n<p>P\u0159iv\u00edt\u00e1m Va\u0161e n\u00e1pady, nad\u00e1vky si nechte pro sebe. Pamatujte na tu nejd\u016fle\u017eit\u011bj\u0161\u00ed v\u011bc ve vesm\u00edru: Don\u2019t panic!<\/p>\n<\/section>\n<p><a href=\"http:\/\/www.zvedavec.org\/komentare\/2021\/06\/8764-male-zamysleni-se-nad-svetovou-populaci.htm\">Zvedavec.org<\/a><\/p>\n<p>&nbsp;<\/p>\n","protected":false},"excerpt":{"rendered":"<p>Varov\u00e1n\u00ed, tento text je vhodn\u00fd jen pro siln\u00e9 \u017ealudky. Pokud m\u00e1te probl\u00e9m s\u00a0tlakem nebo potenc\u00ed,&#8230;<\/p>\n","protected":false},"author":2,"featured_media":2987,"comment_status":"closed","ping_status":"closed","sticky":false,"template":"","format":"standard","meta":[],"categories":[6],"tags":[29,794,259],"_links":{"self":[{"href":"https:\/\/www.infokuryr.cz\/n\/wp-json\/wp\/v2\/posts\/2986"}],"collection":[{"href":"https:\/\/www.infokuryr.cz\/n\/wp-json\/wp\/v2\/posts"}],"about":[{"href":"https:\/\/www.infokuryr.cz\/n\/wp-json\/wp\/v2\/types\/post"}],"author":[{"embeddable":true,"href":"https:\/\/www.infokuryr.cz\/n\/wp-json\/wp\/v2\/users\/2"}],"replies":[{"embeddable":true,"href":"https:\/\/www.infokuryr.cz\/n\/wp-json\/wp\/v2\/comments?post=2986"}],"version-history":[{"count":0,"href":"https:\/\/www.infokuryr.cz\/n\/wp-json\/wp\/v2\/posts\/2986\/revisions"}],"wp:featuredmedia":[{"embeddable":true,"href":"https:\/\/www.infokuryr.cz\/n\/wp-json\/wp\/v2\/media\/2987"}],"wp:attachment":[{"href":"https:\/\/www.infokuryr.cz\/n\/wp-json\/wp\/v2\/media?parent=2986"}],"wp:term":[{"taxonomy":"category","embeddable":true,"href":"https:\/\/www.infokuryr.cz\/n\/wp-json\/wp\/v2\/categories?post=2986"},{"taxonomy":"post_tag","embeddable":true,"href":"https:\/\/www.infokuryr.cz\/n\/wp-json\/wp\/v2\/tags?post=2986"}],"curies":[{"name":"wp","href":"https:\/\/api.w.org\/{rel}","templated":true}]}}