{"id":29839,"date":"2023-06-10T01:02:25","date_gmt":"2023-06-09T23:02:25","guid":{"rendered":"http:\/\/www.infokuryr.cz\/n\/?p=29839"},"modified":"2023-06-09T15:58:19","modified_gmt":"2023-06-09T13:58:19","slug":"petr-hannig-ne-oteplovanim-lidstvo-si-znici-svou-planetu-mnohem-rychleji","status":"publish","type":"post","link":"https:\/\/www.infokuryr.cz\/n\/2023\/06\/10\/petr-hannig-ne-oteplovanim-lidstvo-si-znici-svou-planetu-mnohem-rychleji\/","title":{"rendered":"Petr Hannig: Ne oteplov\u00e1n\u00edm. Lidstvo si zni\u010d\u00ed svou planetu mnohem rychleji"},"content":{"rendered":"<div id=\"fb-root\"><\/div>\n<div class=\"opener\"><strong>Zni\u010den\u00ed p\u0159ehradn\u00ed hr\u00e1ze jezera na \u0159ece Dn\u011bpr a zatopen\u00ed mnoha \u010dtvere\u010dn\u00edch kilometr\u016f vysokou p\u0159\u00edvalovou vlnou, je neomluviteln\u00fd \u010din, a\u0165 jej sp\u00e1chal kdokoliv.<\/strong><\/div>\n<div id=\"art-text\" class=\"text\">\n<p>Ten rozsah \u0161kod si t\u011b\u017eko dovedeme p\u0159edstavit. Vodn\u00ed plocha je 45 kr\u00e1t v\u011bt\u0161\u00ed, ne\u017e vodn\u00ed plocha Lipensk\u00e9 p\u0159ehrady. Tento ryz\u00ed akt terorismu nam\u00ed\u0159en\u00e9ho proti nevinn\u00e9mu obyvatelstvu by m\u011bl b\u00fdt po ukon\u010den\u00ed v\u00e1lky (pokud v\u016fbec n\u011bkdy bude ukon\u010dena a nezvrtne se v apokalypsu sv. Jana) n\u00e1le\u017eit\u011b vy\u0161et\u0159en nestrannou komis\u00ed, tak jako byly vy\u0161et\u0159eny zlo\u010diny nacistick\u00fdch pohlav\u00e1r\u016f v Norimbersk\u00e9m procesu. Zatopen\u00ed a vysok\u00fd stav vody po protr\u017een\u00ed hr\u00e1ze m\u00e1 za n\u00e1sledek i lidsk\u00e9 ob\u011bti.<\/p>\n<p>Dal\u0161\u00ed ne\u0161\u0165astn\u00ed a zoufal\u00ed lid\u00e9 stoj\u00ed na st\u0159ech\u00e1ch sv\u00fdch p\u0159\u00edbytk\u016f a pros\u00ed o z\u00e1chranu. Ten monstr\u00f3zn\u00ed rozsah z\u00e1topov\u00e9 vlny v\u0161ak to ani na jedn\u00e9 stran\u011b fronty, neumo\u017e\u0148uje. A to v\u016fbec nemluv\u00edm o hospod\u00e1\u0159sk\u00fdch zv\u00ed\u0159atech a zni\u010den\u00e9 \u00farod\u011b v dob\u011b, kdy m\u00edstn\u00ed obyvatelstvo pro\u017e\u00edv\u00e1 jedno z nejhor\u0161\u00edch obdob\u00ed sv\u00e9 historie a je odk\u00e1z\u00e1no na to, co je z\u00e1plavovou vlnou zni\u010deno.<\/p>\n<p>U\u017e od za\u010d\u00e1tku konfliktu na Ukrajin\u011b p\u00ed\u0161u, \u017ee nejv\u011bt\u0161\u00ed ob\u011bt\u00ed jsou Ukrajinci sami. Byl jsem na Zakarpatsk\u00e9 Ukrajin\u011b (d\u0159\u00edv\u011bj\u0161\u00ed Podkarpatsk\u00e9 Rusi). Je to n\u00e1dhern\u00fd kus sv\u011bta a lid\u00e9 si st\u00e1le pamatuj\u00ed, \u017ee jejich prarodi\u010de vypr\u00e1v\u011bli, jak bylo dob\u0159e za \u010ceskoslovenska. Vlastn\u011b, \u017ee to byla doba, kdy se tamn\u00ed obyvatel\u00e9 c\u00edtili nejl\u00e9pe.<\/p>\n<p>Mimochodem i jeden politick\u00fd \u010dinitel, Rus\u00edn Grigorij \u017datkovi\u010d, m\u00e1 obrovskou z\u00e1sluhu na zrodu samostatn\u00e9 \u010ceskoslovensk\u00e9 republiky v pr\u016fb\u011bhu prvn\u00ed sv\u011btov\u00e9 v\u00e1lky. Vystudoval pr\u00e1va na univerzit\u011b v Pittsburghu a v USA se zasazoval o pr\u00e1va Rus\u00edn\u016f.<\/p>\n<p>Znal se s americk\u00fdm prezidentem Woodrowem Wilsonem, na n\u011bj\u017e m\u011bl ur\u010dit\u00fd vliv. Wilson uznal Rus\u00edny jako samostatn\u00fd n\u00e1rod. Prezident USA nebyl p\u0159\u00edli\u0161 naklon\u011bn rozpadu Rakouska &#8211; Uherska, nebo\u0165 se b\u00e1l \u017ee vlivem rozbit\u00ed tohoto mnohon\u00e1rodnostn\u00edho soust\u00e1t\u00ed by se mohla rozkol\u00edsat pov\u00e1le\u010dn\u00e1 situace v tomto regionu. Do posledn\u00ed chv\u00edle necht\u011bl o uzn\u00e1n\u00ed samostatnosti \u010cSR sly\u0161et, \u017datkovi\u010d jej v\u0161ak p\u0159esv\u011bd\u010dil, \u017ee Masarykovo \u010cesko \u2013 Slovensko zajist\u00ed pro Rus\u00edny autonomii a ten pak deklaraci o samostatn\u00e9 \u010cSR podepsal t\u011bsn\u011b p\u0159ed 28. \u0159\u00edjnem 1918. Masaryk \u017ditkovi\u010de jmenoval guvern\u00e9rem Podkarpatsk\u00e9 Rusi. Ov\u0161em, po tom, kdy\u017e se \u010cSR zdr\u00e1hala tomuto regionu sl\u00edbenou autonomii ud\u011blit, \u017ditkovi\u010d rezignoval a vr\u00e1til se do USA.<\/p>\n<p>Omlouv\u00e1m se za tento historick\u00fd exkurs. Prost\u011b chci jenom zd\u016fraznit, \u017ee n\u00e1s s Ukrajinci poj\u00ed nejenom to, \u017ee jsme poskytli pomoc, kter\u00e1 m\u011bla b\u00fdt ov\u0161em c\u00edlen\u00e1. Proto\u017ee ta bezb\u0159eh\u00e1 velkorysost na\u0161\u00ed vl\u00e1dy vr\u00e1\u017e\u00ed do oby\u010dejn\u00fdch lidsk\u00fdch vztah\u016f kl\u00edn. Te\u010f se zase objevila jedna naprost\u00e1 ne\u0161ikovnost. V dob\u011b, kdy \u010cesk\u00e1 po\u0161ta omezuje sv\u00e9 pobo\u010dky a propou\u0161t\u00ed zam\u011bstnance, tak se objevuje na sc\u00e9n\u011b ukrajinsk\u00e1, snad soukrom\u00e1 po\u0161ta Nova, nebo jak se jmenuje. Myslel jsem si nejd\u0159\u00edve, \u017ee to je fake, ale uk\u00e1zalo se, \u017ee nen\u00ed. To snad vl\u00e1da mohla n\u011bjak\u00fdmi p\u00e1kami pozastavit zah\u00e1jen\u00ed \u010dinnosti t\u00e9to ukrajinsk\u00e9 po\u0161ty. To je p\u0159\u00edmo nal\u00e9v\u00e1n\u00ed hork\u00e9ho oleje do ran nespokojenosti lid\u00ed a p\u011bstov\u00e1n\u00ed nevra\u017eivosti. Lid\u00e9 jsou na\u0161tvan\u00ed na to, \u017ee jim ru\u0161\u00ed pobo\u010dky, fronty na po\u0161t\u00e1ch budou je\u0161t\u011b del\u0161\u00ed a nervozita v\u011bt\u0161\u00ed. \u0160u\u0161kalo se, \u017ee to je proto, aby zde mohla vzniknou soukrom\u00e1 po\u0161ta ukrajinsk\u00e1. Vida op\u011bt na ka\u017ed\u00e9m \u0161prochu pravdy trochu. Tak to mohou vid\u011bt lid\u00e9.<\/p>\n<p>Vr\u00e1t\u00edm se ke katastrof\u011b. Protr\u017een\u00ed hr\u00e1ze postihne 16 tis\u00edc lid\u00ed na ukrajinsk\u00e9 stran\u011b fronty a 25 tis\u00edc lid\u00ed na stran\u011b, kde p\u016fsob\u00ed rusk\u00e9 okupa\u010dn\u00ed \u00fa\u0159ady. D\u00e1le pak znemo\u017en\u00ed dod\u00e1vky vody na Krym. A zase na druhou stranu znemo\u017en\u00ed ukrajinskou ofenzivu na t\u00e9to \u010d\u00e1sti fronty. Ale zase voda zni\u010d\u00ed rusk\u00e1 obrann\u00e1 opevn\u011bn\u00ed.<\/p>\n<p>Tak\u017ee, kdo je vin\u00edkem nech\u00e1m na \u010dten\u00e1\u0159\u00edch a diskut\u00e9rech. Jedno je v\u0161ak jist\u00e9. Jestli toto v\u00e1le\u010dn\u00e9 \u0161\u00edlenstv\u00ed neskon\u010d\u00ed, tak se v\u016fbec nemus\u00edme b\u00e1t o zni\u010den\u00ed zem\u011bkoule z d\u016fvodu ekologie. Lidstvo si ke sv\u00e9mu zni\u010den\u00ed pom\u016f\u017ee daleko rychleji a to toti\u017e eskalac\u00ed t\u00e9to p\u016fvodn\u011b lok\u00e1ln\u00ed v\u00e1lky na celosv\u011btovou nukle\u00e1rn\u00ed apokalypsu.<\/p>\n<p>Aktualita: \u0158editel Dvo\u0159\u00e1k v televizi kon\u010d\u00ed. Nov\u00fd \u0159editel Sou\u010dek slibuje, \u017ee navr\u00e1t\u00ed \u010cesk\u00e9 televizi d\u016fv\u011bryhodnost. Je to naprosto nutn\u00e9. Lid\u00e9 u\u017e p\u0159estali v\u011b\u0159it televizi tak jako j\u00ed nev\u011b\u0159ili v dob\u011b minul\u00e9. A to je nebezpe\u010dn\u00e9. Ve\u0159ejnopr\u00e1vn\u00ed televize nesm\u00ed b\u00fdt sluhou vl\u00e1dy, ale naopak sv\u00e9 koncesion\u00e1\u0159e nestrann\u011b informovat o v\u0161em, co se d\u011bje doma i ve sv\u011bt\u011b.<\/p>\n<p><strong>Mgr. Petr Hannig,<\/strong> p\u0159edseda pol. str. ROZUMN\u00cd a b\u00fdval\u00fd prezidentsk\u00fd kandid\u00e1t<\/p>\n<\/div>\n<p>&nbsp;<\/p>\n<p>&nbsp;<\/p>\n<p><img decoding=\"async\" loading=\"lazy\" class=\"wp-image-19187 aligncenter\" src=\"http:\/\/www.infokuryr.cz\/n\/wp-content\/uploads\/2022\/12\/1-PRO-300x36.jpg\" alt=\"\" width=\"1317\" height=\"158\" srcset=\"https:\/\/www.infokuryr.cz\/n\/wp-content\/uploads\/2022\/12\/1-PRO-300x36.jpg 300w, https:\/\/www.infokuryr.cz\/n\/wp-content\/uploads\/2022\/12\/1-PRO.jpg 699w\" sizes=\"(max-width: 1317px) 100vw, 1317px\" \/><\/p>\n<p>&nbsp;<\/p>\n<p>&nbsp;<\/p>\n<p>&nbsp;<\/p>\n<p>&nbsp;<\/p>\n","protected":false},"excerpt":{"rendered":"<p>Zni\u010den\u00ed p\u0159ehradn\u00ed hr\u00e1ze jezera na \u0159ece Dn\u011bpr a zatopen\u00ed mnoha \u010dtvere\u010dn\u00edch kilometr\u016f vysokou p\u0159\u00edvalovou vlnou,&#8230;<\/p>\n","protected":false},"author":2,"featured_media":823,"comment_status":"closed","ping_status":"closed","sticky":false,"template":"","format":"standard","meta":[],"categories":[6],"tags":[873,29,794,1100],"_links":{"self":[{"href":"https:\/\/www.infokuryr.cz\/n\/wp-json\/wp\/v2\/posts\/29839"}],"collection":[{"href":"https:\/\/www.infokuryr.cz\/n\/wp-json\/wp\/v2\/posts"}],"about":[{"href":"https:\/\/www.infokuryr.cz\/n\/wp-json\/wp\/v2\/types\/post"}],"author":[{"embeddable":true,"href":"https:\/\/www.infokuryr.cz\/n\/wp-json\/wp\/v2\/users\/2"}],"replies":[{"embeddable":true,"href":"https:\/\/www.infokuryr.cz\/n\/wp-json\/wp\/v2\/comments?post=29839"}],"version-history":[{"count":0,"href":"https:\/\/www.infokuryr.cz\/n\/wp-json\/wp\/v2\/posts\/29839\/revisions"}],"wp:featuredmedia":[{"embeddable":true,"href":"https:\/\/www.infokuryr.cz\/n\/wp-json\/wp\/v2\/media\/823"}],"wp:attachment":[{"href":"https:\/\/www.infokuryr.cz\/n\/wp-json\/wp\/v2\/media?parent=29839"}],"wp:term":[{"taxonomy":"category","embeddable":true,"href":"https:\/\/www.infokuryr.cz\/n\/wp-json\/wp\/v2\/categories?post=29839"},{"taxonomy":"post_tag","embeddable":true,"href":"https:\/\/www.infokuryr.cz\/n\/wp-json\/wp\/v2\/tags?post=29839"}],"curies":[{"name":"wp","href":"https:\/\/api.w.org\/{rel}","templated":true}]}}