{"id":29806,"date":"2023-06-09T01:07:07","date_gmt":"2023-06-08T23:07:07","guid":{"rendered":"http:\/\/www.infokuryr.cz\/n\/?p=29806"},"modified":"2023-06-13T08:24:01","modified_gmt":"2023-06-13T06:24:01","slug":"temer-tretina-americanu-z-generace-z-si-neceni-soukromi-souhlasi-s-kamerami-vlady-v-kazde-domacnosti","status":"publish","type":"post","link":"https:\/\/www.infokuryr.cz\/n\/2023\/06\/09\/temer-tretina-americanu-z-generace-z-si-neceni-soukromi-souhlasi-s-kamerami-vlady-v-kazde-domacnosti\/","title":{"rendered":"T\u00e9m\u011b\u0159 t\u0159etina Ameri\u010dan\u016f z generace \u201eZ\u201c si necen\u00ed soukrom\u00ed, souhlas\u00ed s kamerami vl\u00e1dy v ka\u017ed\u00e9 dom\u00e1cnosti"},"content":{"rendered":"<div id=\"fb-root\"><\/div>\n<p><strong>Dal\u0161\u00ed nov\u00fd pr\u016fzkum dokazuje, \u017ee marxistick\u00e1 Demokratick\u00e1 strana v Americe pomalu, ale jist\u011b vym\u00fdv\u00e1 mozky ml\u00e1de\u017ei, aby uv\u011b\u0159ila, \u017ee v\u0161emocn\u00e1 vl\u00e1da je pro spole\u010dnost to nejlep\u0161\u00ed, co se j\u00ed mohlo p\u0159ihodit.<\/strong><\/p>\n<p>V\u00fdznamn\u00e1 \u010d\u00e1st generace Z (lid\u00e9 narozen\u00ed po roce 1996), p\u0159ibli\u017en\u011b jedna t\u0159etina, vyjad\u0159uje souhlas s my\u0161lenkou vl\u00e1dn\u00edch kamer instalovan\u00fdch v ka\u017ed\u00e9 dom\u00e1cnosti, kter\u00e9 maj\u00ed \u00fadajn\u011b vy\u0159e\u0161it probl\u00e9my, jako jsou dom\u00e1c\u00ed n\u00e1sil\u00ed a jin\u00e9 nez\u00e1konn\u00e9 aktivity.<\/p>\n<p><em>\u201eUp\u0159ednostnili byste nebo byste byli proti tomu, aby vl\u00e1da instalovala monitorovac\u00ed kamery do ka\u017ed\u00e9 dom\u00e1cnosti, aby se sn\u00ed\u017eilo dom\u00e1c\u00ed n\u00e1sil\u00ed, zneu\u017e\u00edv\u00e1n\u00ed a jin\u00e9 nez\u00e1konn\u00e9 aktivity?\u201c zeptal se nov\u00fd pr\u016fzkum proveden\u00fd<\/em>\u00a0Cato\u00a0<em>Institute<\/em>\u00a0.<\/p>\n<p>Z odpov\u011bd\u00ed odpov\u011bd\u011blo \u201eano\u201c a\u017e 29% lid\u00ed ve v\u011bku 18-29 let.<\/p>\n<p>Ch\u00e1pete to?\u00a0T\u00e9m\u011b\u0159 jedna t\u0159etina mlad\u00fdch lid\u00ed podlehla totalitn\u00ed propagand\u011b dne\u0161n\u00edch dn\u016f pod z\u00e1minkou snahy \u201evy\u0159e\u0161it\u201c n\u011bjak\u00e9 probl\u00e9my.\u00a0Nevad\u00ed, \u017ee takov\u00fd vl\u00e1dou na\u0159\u00edzen\u00fd dohled by byl p\u0159\u00edm\u00fdm poru\u0161en\u00edm z\u00e1ruk ochrany soukrom\u00ed.<\/p>\n<p>Informuje o tom tak\u00e9 den\u00edk\u00a0<em>The New York Post<\/em>\u00a0:<\/p>\n<p><em>\u201eV roce 1791 filozof Jeremy Bentham navrhl vybudovat \u201epanoptikum\u201c, ve kter\u00e9m by bylo mo\u017en\u00e9 neust\u00e1le sledovat chov\u00e1n\u00ed lid\u00ed.\u00a0Benthamovo panoptikum v\u0161ak m\u011blo b\u00fdt v\u011bzen\u00edm.\u00a0Rozs\u00e1hl\u00fd segment generace Z by jej dnes r\u00e1d nazval sv\u00fdm domovem.\u201c<\/em><\/p>\n<p>Mezi mileni\u00e1ly (ve v\u011bku 30 \u2013 44 let) a\u017e 20% sd\u00edl\u00ed pocit, \u017ee by um\u011bli akceptovat vl\u00e1dou instalovan\u00e9 monitorovac\u00ed kamery v ka\u017ed\u00e9 dom\u00e1cnosti.\u00a0Jak v\u0161ak jednotlivci st\u00e1rnou, akceptace v\u00fdrazn\u011b kles\u00e1, p\u0159i\u010dem\u017e pouze 6% Ameri\u010dan\u016f ve v\u011bku 45 let a star\u0161\u00edch podporuje takov\u00e1 opat\u0159en\u00ed.<\/p>\n<p>Pokud jde o politickou p\u0159\u00edslu\u0161nost, tak 19% liber\u00e1l\u016f a 18% centrist\u016f v\u011b\u0159\u00ed ve vl\u00e1dn\u00ed monitorov\u00e1n\u00ed z bezpe\u010dnostn\u00edch d\u016fvod\u016f.<\/p>\n<p>P\u0159ekvapiv\u011b souhlas\u00ed i 9-11% konzervativc\u016f, siln\u00fdch konzervativc\u016f a siln\u00fdch liber\u00e1l\u016f, co\u017e ukazuje na sbli\u017eov\u00e1n\u00ed n\u00e1zor\u016f na tuto konkr\u00e9tn\u00ed ot\u00e1zku, kter\u00e1 p\u0159ekra\u010duje tradi\u010dn\u00ed politick\u00e9 hranice.<\/p>\n<p>P\u0159\u00edsp\u011bvek d\u00e1le uv\u00e1d\u00ed:<\/p>\n<p><em>\u201eJe to politick\u00fd st\u0159ed, kter\u00fd m\u00e1 etiku star\u00e9 v\u00fdchodon\u011bmeck\u00e9 tajn\u00e9 policie Stasi nebo sov\u011btsk\u00e9 KGB.\u00a0Mo\u017en\u00e1 to nen\u00ed p\u0159ekvapuj\u00edc\u00ed, vezmeme-li v \u00favahu zp\u016fsob, jak\u00fdm jsou v sou\u010dasnosti \u0159\u00edzeny respektovan\u00e9 liber\u00e1ln\u00ed instituce.<\/em><\/p>\n<p><em>Od p\u0159edn\u00edch vysoko\u0161kolsk\u00fdch kampus\u016f a\u017e po vydavatelsk\u00fd pr\u016fmysl a digit\u00e1ln\u00ed dom\u00e9ny jako Facebook zde m\u00e1me orwellovsk\u00fd pocit v\u011b\u010dn\u00e9 nouze, iracion\u00e1ln\u00ed strach, \u017ee dezinformace a nen\u00e1vistn\u00e9 projevy zaplav\u00ed spole\u010dnost, pokud nebude ka\u017ed\u00fd v\u00fdrok podl\u00e9hat cenzorsk\u00e9 kontrole.<\/em><\/p>\n<p><em>Dokonce ani Orwell nep\u0159edstavoval, \u017ee by newspeak vy\u017eadoval nov\u00e9 slovn\u00ed term\u00edny.\u201c<\/em><\/p>\n<p>(Pozn\u00e1mka redakce: Nep\u0159ipom\u00edn\u00e1 v\u00e1m to \u010caputovou? Ta kudy chod\u00ed, v\u0161ude ji pron\u00e1sleduj\u00ed dezinformace.)<\/p>\n<p>Co se t\u00fd\u010de rasov\u00e9ho rozd\u011blen\u00ed, tak 33% Ameri\u010dan\u016f \u010dern\u00e9 pleti, 25% Hisp\u00e1nc\u016f, 11% b\u011bloch\u016f a 9% Asijc\u016f vyj\u00e1d\u0159ilo souhlas s vl\u00e1dn\u00edmi monitorovac\u00edmi kamerami v ka\u017ed\u00e9 dom\u00e1cnosti.<\/p>\n<h2>Pr\u016fzkum vztahu lid\u00ed k neust\u00e1l\u00e9mu monitorov\u00e1n\u00ed kamerami souvis\u00ed se snahou zav\u00e9st digit\u00e1ln\u00ed CBDC m\u011bny<\/h2>\n<p>Zji\u0161t\u011bn\u00ed byla sou\u010d\u00e1st\u00ed \u0161ir\u0161\u00edho pr\u016fzkumu postoje Ameri\u010dan\u016f k potenci\u00e1ln\u00edmu zaveden\u00ed digit\u00e1ln\u00ed m\u011bny centr\u00e1ln\u00ed banky (\u00a0<a href=\"https:\/\/www.badatel.net\/vlada-usa-urychluje-financny-kolaps-aby-mohla-zaviest-zotrocujucu-digitalnu-menu-cbdc\/\">CBDC<\/a>\u00a0).\u00a0Zaj\u00edmav\u00e9 je, \u017ee \u00fadaje uk\u00e1zaly, \u017ee 53 procent Ameri\u010dan\u016f, kte\u0159\u00ed podporuj\u00ed CBDC, tak\u00e9 podporuje my\u0161lenku dom\u00e1c\u00edch sledovac\u00edch kamer.<\/p>\n<p><em>\u201eP\u0159edev\u0161\u00edm Ameri\u010dan\u00e9, kte\u0159\u00ed podporuj\u00ed digit\u00e1ln\u00ed m\u011bny CBDC, vynikli v tom, jak uva\u017euj\u00ed o dom\u00e1c\u00edch vl\u00e1dn\u00edch sledovac\u00edch kamer\u00e1ch.\u00a0V\u011bt\u0161ina (53 %) Ameri\u010dan\u016f, kte\u0159\u00ed podporuj\u00ed CBDC, podporuje i vl\u00e1du, kter\u00e1 instaluje dom\u00e1c\u00ed monitorovac\u00ed kamery, aby se sn\u00ed\u017eilo zneu\u017e\u00edv\u00e1n\u00ed a jin\u00e9 nez\u00e1konn\u00e9 aktivity.<\/em><\/p>\n<p><em>To nazna\u010duje, \u017ee ur\u010dit\u00e1 psychologie podporuj\u00edc\u00ed CBDC pramen\u00ed z nadpr\u016fm\u011brn\u00e9 \u00farovn\u011b pohodl\u00ed, kdy jsou tito lid\u00e9 ochotni vym\u011bnit osobn\u00ed autonomii a soukrom\u00ed za spole\u010densk\u00fd \u0159\u00e1d a bezpe\u010dnost,\u201c dodal<\/em>\u00a0institut CATO zalo\u017een\u00fd na libertari\u00e1nech.<\/p>\n<p>\u00dastavy v\u011bt\u0161iny st\u00e1t\u016f p\u0159itom chr\u00e1n\u00ed soukrom\u00ed lid\u00ed p\u0159ed bezd\u016fvodn\u00fdmi prohl\u00eddkami a naru\u0161ov\u00e1n\u00edm soukrom\u00ed ze strany vl\u00e1dy.<\/p>\n<p>Nap\u0159\u00edklad podle \u010dtvrt\u00e9ho dodatku \u00dastavy USA mus\u00ed policie z\u00edskat p\u0159\u00edkaz podlo\u017een\u00fd pravd\u011bpodobn\u00fdm d\u016fvodem a mus\u00ed podrobn\u011b popsat m\u00edsta, kter\u00e1 maj\u00ed b\u00fdt prohled\u00e1na, a osoby, kter\u00e9 maj\u00ed b\u00fdt zaji\u0161t\u011bny.<\/p>\n<p>Osobn\u00ed prohl\u00eddky, prohl\u00eddky t\u011blov\u00fdch dutin a elektronick\u00e9 sledov\u00e1n\u00ed jsou podle \u010dtvrt\u00e9ho dodatku akceptovateln\u00fdmi prohl\u00eddkami jen tehdy, jsou-li podpo\u0159eny existenc\u00ed z\u00e1konn\u00e9ho d\u016fvodu a jsou prov\u00e1d\u011bny p\u0159im\u011b\u0159en\u00fdm zp\u016fsobem.<\/p>\n<p>Zaji\u0161t\u011bn\u00ed osoby je mo\u017en\u00e9 jen pokud policista prok\u00e1\u017ee svou pravomoc a zadr\u017een\u00e1 osoba se pod\u0159\u00edd\u00ed org\u00e1nu.<\/p>\n<p>St\u00e1ty mohou zav\u00e9st vy\u0161\u0161\u00ed standardy ochrany p\u0159i prohl\u00eddce a zaji\u0161t\u011bn\u00ed osob, ne\u017e vy\u017eaduje feder\u00e1ln\u00ed \u00dastava, ale nemohou povolit chov\u00e1n\u00ed, kter\u00e9 ji poru\u0161uje.\u00a0\u00dastava tak\u00e9 chr\u00e1n\u00ed p\u0159ed neopr\u00e1vn\u011bn\u00fdm z\u00edsk\u00e1v\u00e1n\u00edm osobn\u00edch \u00fadaj\u016f vl\u00e1dou.<\/p>\n<p>Autor: JD Heyes,\u00a0<a href=\"https:\/\/www.naturalnews.com\/2023-06-07-one-third-gen-z-supports-government-surveillance.html\" target=\"_blank\" rel=\"noopener\">naturalnews.com<\/a><\/p>\n<p>&nbsp;<\/p>\n<p>&nbsp;<\/p>\n<p><img decoding=\"async\" loading=\"lazy\" class=\"wp-image-19187 aligncenter\" src=\"http:\/\/www.infokuryr.cz\/n\/wp-content\/uploads\/2022\/12\/1-PRO-300x36.jpg\" alt=\"\" width=\"1308\" height=\"157\" srcset=\"https:\/\/www.infokuryr.cz\/n\/wp-content\/uploads\/2022\/12\/1-PRO-300x36.jpg 300w, https:\/\/www.infokuryr.cz\/n\/wp-content\/uploads\/2022\/12\/1-PRO.jpg 699w\" sizes=\"(max-width: 1308px) 100vw, 1308px\" \/><\/p>\n<p>&nbsp;<\/p>\n<p>&nbsp;<\/p>\n<p>&nbsp;<\/p>\n","protected":false},"excerpt":{"rendered":"<p>Dal\u0161\u00ed nov\u00fd pr\u016fzkum dokazuje, \u017ee marxistick\u00e1 Demokratick\u00e1 strana v Americe pomalu, ale jist\u011b vym\u00fdv\u00e1 mozky&#8230;<\/p>\n","protected":false},"author":2,"featured_media":4171,"comment_status":"closed","ping_status":"closed","sticky":false,"template":"","format":"standard","meta":[],"categories":[7],"tags":[2572,2320,4076,620,37],"_links":{"self":[{"href":"https:\/\/www.infokuryr.cz\/n\/wp-json\/wp\/v2\/posts\/29806"}],"collection":[{"href":"https:\/\/www.infokuryr.cz\/n\/wp-json\/wp\/v2\/posts"}],"about":[{"href":"https:\/\/www.infokuryr.cz\/n\/wp-json\/wp\/v2\/types\/post"}],"author":[{"embeddable":true,"href":"https:\/\/www.infokuryr.cz\/n\/wp-json\/wp\/v2\/users\/2"}],"replies":[{"embeddable":true,"href":"https:\/\/www.infokuryr.cz\/n\/wp-json\/wp\/v2\/comments?post=29806"}],"version-history":[{"count":0,"href":"https:\/\/www.infokuryr.cz\/n\/wp-json\/wp\/v2\/posts\/29806\/revisions"}],"wp:featuredmedia":[{"embeddable":true,"href":"https:\/\/www.infokuryr.cz\/n\/wp-json\/wp\/v2\/media\/4171"}],"wp:attachment":[{"href":"https:\/\/www.infokuryr.cz\/n\/wp-json\/wp\/v2\/media?parent=29806"}],"wp:term":[{"taxonomy":"category","embeddable":true,"href":"https:\/\/www.infokuryr.cz\/n\/wp-json\/wp\/v2\/categories?post=29806"},{"taxonomy":"post_tag","embeddable":true,"href":"https:\/\/www.infokuryr.cz\/n\/wp-json\/wp\/v2\/tags?post=29806"}],"curies":[{"name":"wp","href":"https:\/\/api.w.org\/{rel}","templated":true}]}}