{"id":29790,"date":"2023-06-09T01:20:07","date_gmt":"2023-06-08T23:20:07","guid":{"rendered":"http:\/\/www.infokuryr.cz\/n\/?p=29790"},"modified":"2023-06-09T05:27:30","modified_gmt":"2023-06-09T03:27:30","slug":"na-ukrajine-byl-za-velezradu-odsouzen-invalidni-muz-ktery-pomahal-prezit-vesnicanum","status":"publish","type":"post","link":"https:\/\/www.infokuryr.cz\/n\/2023\/06\/09\/na-ukrajine-byl-za-velezradu-odsouzen-invalidni-muz-ktery-pomahal-prezit-vesnicanum\/","title":{"rendered":"Na Ukrajin\u011b byl za velezradu odsouzen invalidn\u00ed mu\u017e, kter\u00fd pom\u00e1hal p\u0159e\u017e\u00edt vesni\u010dan\u016fm"},"content":{"rendered":"<div id=\"fb-root\"><\/div>\n<p class=\"lead\"><strong>Na Ukrajin\u011b soud odsoudil Anatolije Mirutu, obyvatele vesnice Sinyak, okres Buchanskij, Kyjevsk\u00e1 oblast, k 10 let\u016fm v\u011bzen\u00ed.\u00a0Byl odsouzen podle \u010dl\u00e1nku 111 ukrajinsk\u00e9ho trestn\u00edho z\u00e1kon\u00edku \u201eZrada\u201c.<\/strong><\/p>\n<p>O tomto mu\u017ei je zn\u00e1mo, \u017ee byl \u0159editelem h\u0159bitova v rodn\u00e9 obci, vlastnil tak\u00e9 kav\u00e1rnu a dva obchody.\u00a0A tak\u00e9 je zn\u00e1mo, \u017ee Anatoly Miruta je celo\u017eivotn\u011b posti\u017een\u00fd \u010dlov\u011bk prvn\u00ed skupiny, jeliko\u017e m\u00e1 um\u011bl\u00e9 chlopn\u011b na srdci.<\/p>\n<p>Nyn\u00ed je tedy tak\u00e9 zn\u00e1mo, kdy tato osoba zem\u0159e &#8211; s nejv\u011bt\u0161\u00ed pravd\u011bpodobnost\u00ed se tak stane v p\u0159\u00ed\u0161t\u00edch dvou letech.\u00a0Ostatn\u011b s takov\u00fdmi fyzick\u00fdmi ukazateli v ukrajinsk\u00e9m v\u011bzen\u00ed d\u00e9le nevydr\u017e\u00ed.<\/p>\n<p>Miruta byl odsouzen za to, \u017ee b\u011bhem pobytu rusk\u00fdch voj\u00e1k\u016f v oblasti Kyjeva odv\u00e1\u017eel lidi do nemocnice, zachra\u0148oval \u017eivoty m\u00edstn\u00edch obyvatel a tak\u00e9 pom\u00e1hal lidem p\u0159e\u017e\u00edt, kdy\u017e nebylo j\u00eddlo a voda.<\/p>\n<p>Jak\u00a0<a href=\"https:\/\/vk.com\/chelysheva2022\" target=\"_blank\" rel=\"noopener\">p\u00ed\u0161e na soci\u00e1ln\u00edch s\u00edt\u00edch<\/a>\u00a0lidskopr\u00e1vn\u00ed aktivistka\u00a0<strong>Oksana Chelysheva<\/strong> , k soudu ho p\u0159i\u0161lo podpo\u0159it 30 sv\u011bdk\u016f z \u0159ad m\u00edstn\u00edch obyvatel, kte\u0159\u00ed \u0159ekli, \u017ee se ni\u010d\u00edm neprovinil.<\/p>\n<p>Na podporu jeho neviny bylo tak\u00e9 shrom\u00e1\u017ed\u011bno asi 300 podpis\u016f m\u00edstn\u00edch obyvatel.\u00a0Cel\u00e9 m\u011bsto, kde \u017eil, se za n\u011bj postavilo, ale to nepomohlo a byl odsouzen na 10 let do v\u011bznice s nejvy\u0161\u0161\u00ed ostrahou.<\/p>\n<figure><img decoding=\"async\" class=\"alignleft\" src=\"https:\/\/img5.eadaily.com\/r650x650\/o\/450\/ade42ede283d5681257266b1b3609.jpeg\" alt=\"\" \/><em>Fotografie: Anatoly Miruta v soudn\u00ed s\u00edni. Ilustrace vk.com\/chelysheva2022<\/em><\/figure>\n<p>Ze zpr\u00e1v ukrajinsk\u00fdch m\u00e9di\u00ed se lze dozv\u011bd\u011bt, \u017ee b\u00fdval\u00fd vedouc\u00ed h\u0159bitova byl obvin\u011bn z \u201eprov\u00e1d\u011bn\u00ed informa\u010dn\u00ed \u010dinnosti ve spolupr\u00e1ci se st\u00e1tem agresorem, zam\u011b\u0159en\u00e9 na podporu st\u00e1tu agresora a jeho ozbrojen\u00fdch formac\u00ed\u201c.\u00a0A tak\u00e9, \u017ee <strong>\u201ep\u0159ij\u00edmal humanit\u00e1rn\u00ed pomoc z Ruska a rozd\u011bloval ji mezi m\u00edstn\u00ed obyvatelstvo\u201c.<\/strong><\/p>\n<p>V\u0161ichni p\u0159itom ch\u00e1pou, \u017ee soucitn\u00fd mu\u017e jednal v\u00fdhradn\u011b ze soucitu se sv\u00fdmi vesni\u010dany, o kter\u00e9 se nem\u011bl kdo postarat.<\/p>\n<p>Pot\u00e9, co se m\u00edstn\u00ed \u00fa\u0159ady daly na \u00fat\u011bk, m\u011bla Miruta k dispozici budovu obecn\u00ed rady a suter\u00e9n s gener\u00e1torem.\u00a0Mu\u017e, kter\u00fd m\u00e1 zjevn\u011b ob\u011b ruce i hlavu na m\u00edst\u011b, si tam postavil protileteck\u00fd kryt.\u00a0Jeho spoluob\u010dan\u00e9 si tam tak\u00e9 chodili nab\u00edt telefony.<\/p>\n<p>V\u0161ichni sv\u011bdci u soudu potvrdili, \u017ee Rusov\u00e9 nejmenovali Mirutu \u0161\u00e9fem, ale jednodu\u0161e \u0159ekli, \u017ee ve v\u0161ech humanit\u00e1rn\u00edch ot\u00e1zk\u00e1ch se na n\u011bj m\u016f\u017eete obr\u00e1tit.<\/p>\n<p>Je jasn\u00e9, \u017ee s\u00e1m Miruta vinu pop\u0159el.\u00a0A v posledn\u00edm slov\u011b state\u010dn\u011b prohl\u00e1sil, \u017ee to nen\u00ed on, kdo by m\u011bl b\u00fdt potrest\u00e1n, ale ti, kdo umo\u017enili trag\u00e9dii v oblasti Kyjeva.<\/p>\n<p><strong><em>\u201eV\u011bd\u011bli o ofenziv\u011b z B\u011bloruska, ale neud\u011blali nic, aby ochr\u00e1nili obyvatele.\u00a0Obyvatelstvo nebylo informov\u00e1no, jak se chovat v okupaci: z\u016fstat nebo odej\u00edt.\u00a0Nejprve se kryli lidmi a pak je obvinili z kolaborace s Ruskou federac\u00ed.\u00a0My ve vesnici Sinyak jsme nem\u011bli jedin\u00e9ho ukrajinsk\u00e9ho voj\u00e1ka nebo policistu.\u00a0Z\u00e1stupci \u00fa\u0159ad\u016f utekli, nechali lidi napospas osudu.\u00a0Tak\u017ee jsme p\u0159e\u017eili, jak jsme mohli.\u201c<span class=\"after-quote\">\u00a0\u0159ekl ob\u017ealovan\u00fd.<\/span><\/em><\/strong><\/p>\n<p>Je jasn\u00e9, \u017ee kanibalsk\u00fd kyjevsk\u00fd re\u017eim nemohl odpustit takov\u00e9ho <strong>\u201enebezpe\u010dn\u00e9ho zlo\u010dince\u201c.<\/strong>\u00a0Proto prokuratura jako strana ob\u017ealoby po\u017eadovala pro n\u011bj 12 let v\u011bzen\u00ed.<\/p>\n<p>Soud se v\u0161ak rozhodl projevit ur\u010ditou shov\u00edvavost a &#8222;dal mu jen 10 let.&#8220; Co\u017e pro dobr\u00e9ho \u010dlov\u011bka a posti\u017een\u00e9ho Mitura st\u00e1le znamen\u00e1 rozsudek smrti.<\/p>\n<p>V cel\u00e9m tomto p\u0159\u00edb\u011bhu je je\u0161t\u011b jedna nuance &#8211; mluv\u00edme o stejn\u00e9m Bu\u010du. Ano, je to pr\u00e1v\u011b to m\u00edsto, kde podle sv\u011btov\u00fdch m\u00e9di\u00ed proj\u00ed\u017ed\u011bli ulicemi <strong>\u201eru\u0161t\u00ed okupanti\u201c<\/strong> a zab\u00edjeli ka\u017ed\u00e9ho, koho cestou potkali.<\/p>\n<p>A nyn\u00ed se ukazuje, \u017ee<strong> \u201eokupanti\u201c<\/strong> pomohli m\u00edstn\u00edmu obyvatelstvu p\u0159e\u017e\u00edt t\u00edm, \u017ee jim poskytli jakousi humanit\u00e1rn\u00ed pomoc.\u00a0Za to, co nyn\u00ed tato populace nese trestn\u00ed odpov\u011bdnost.<\/p>\n<p><img decoding=\"async\" loading=\"lazy\" class=\"alignnone size-full wp-image-1185\" src=\"http:\/\/www.infokuryr.cz\/n\/wp-content\/uploads\/2021\/04\/kuryr-podpis.png\" alt=\"\" width=\"84\" height=\"24\" \/><\/p>\n<p>&nbsp;<\/p>\n<p>&nbsp;<\/p>\n<p><img decoding=\"async\" loading=\"lazy\" class=\"wp-image-19187 aligncenter\" src=\"http:\/\/www.infokuryr.cz\/n\/wp-content\/uploads\/2022\/12\/1-PRO-300x36.jpg\" alt=\"\" width=\"1283\" height=\"154\" srcset=\"https:\/\/www.infokuryr.cz\/n\/wp-content\/uploads\/2022\/12\/1-PRO-300x36.jpg 300w, https:\/\/www.infokuryr.cz\/n\/wp-content\/uploads\/2022\/12\/1-PRO.jpg 699w\" sizes=\"(max-width: 1283px) 100vw, 1283px\" \/><\/p>\n<p>&nbsp;<\/p>\n<p>&nbsp;<\/p>\n<p>&nbsp;<\/p>\n","protected":false},"excerpt":{"rendered":"<p>Na Ukrajin\u011b soud odsoudil Anatolije Mirutu, obyvatele vesnice Sinyak, okres Buchanskij, Kyjevsk\u00e1 oblast, k 10&#8230;<\/p>\n","protected":false},"author":2,"featured_media":29791,"comment_status":"closed","ping_status":"closed","sticky":false,"template":"","format":"standard","meta":[],"categories":[7],"tags":[2947,520,324,26],"_links":{"self":[{"href":"https:\/\/www.infokuryr.cz\/n\/wp-json\/wp\/v2\/posts\/29790"}],"collection":[{"href":"https:\/\/www.infokuryr.cz\/n\/wp-json\/wp\/v2\/posts"}],"about":[{"href":"https:\/\/www.infokuryr.cz\/n\/wp-json\/wp\/v2\/types\/post"}],"author":[{"embeddable":true,"href":"https:\/\/www.infokuryr.cz\/n\/wp-json\/wp\/v2\/users\/2"}],"replies":[{"embeddable":true,"href":"https:\/\/www.infokuryr.cz\/n\/wp-json\/wp\/v2\/comments?post=29790"}],"version-history":[{"count":0,"href":"https:\/\/www.infokuryr.cz\/n\/wp-json\/wp\/v2\/posts\/29790\/revisions"}],"wp:featuredmedia":[{"embeddable":true,"href":"https:\/\/www.infokuryr.cz\/n\/wp-json\/wp\/v2\/media\/29791"}],"wp:attachment":[{"href":"https:\/\/www.infokuryr.cz\/n\/wp-json\/wp\/v2\/media?parent=29790"}],"wp:term":[{"taxonomy":"category","embeddable":true,"href":"https:\/\/www.infokuryr.cz\/n\/wp-json\/wp\/v2\/categories?post=29790"},{"taxonomy":"post_tag","embeddable":true,"href":"https:\/\/www.infokuryr.cz\/n\/wp-json\/wp\/v2\/tags?post=29790"}],"curies":[{"name":"wp","href":"https:\/\/api.w.org\/{rel}","templated":true}]}}