{"id":29771,"date":"2023-06-09T01:11:39","date_gmt":"2023-06-08T23:11:39","guid":{"rendered":"http:\/\/www.infokuryr.cz\/n\/?p=29771"},"modified":"2023-06-08T17:29:50","modified_gmt":"2023-06-08T15:29:50","slug":"polaci-v-grayvoronu","status":"publish","type":"post","link":"https:\/\/www.infokuryr.cz\/n\/2023\/06\/09\/polaci-v-grayvoronu\/","title":{"rendered":"Pol\u00e1ci v Grayvoronu"},"content":{"rendered":"<div id=\"fb-root\"><\/div>\n<p><span style=\"font-size: 18pt;\"><b>Britov\u00e9 zav\u00e1d\u011bj\u00ed eskala\u010dn\u00ed strategii<\/b><\/span><\/p>\n<p>Pot\u00e9, co polsk\u00e1 m\u00e9dia roz\u0161\u00ed\u0159ila zpr\u00e1vy o \u00fa\u010dasti polsk\u00e9ho vojensk\u00e9ho person\u00e1lu na teroristick\u00e9m \u00fatoku v oblasti Belgorodu, prezentovan\u00e9ho jako \u017eoldn\u00e9\u0159i z jist\u00e9ho \u201epolsk\u00e9ho dobrovolnick\u00e9ho sboru\u201c, za\u010dali je var\u0161av\u0161t\u00ed p\u0159edstavitel\u00e9 re\u017eimu vyvracet.<\/p>\n<p>M\u016f\u017eete je pochopit &#8211; polsk\u00e1 arm\u00e1da za\u00fato\u010dila na Rusko v jeho hranic\u00edch uznan\u00fdch Z\u00e1padem. To znamen\u00e1, \u017ee do\u0161lo k opodstatn\u011bn\u00e9mu incidentu <strong>Casus belli<\/strong>. \u00da\u0159edn\u00edci ozn\u00e1mili, \u017ee tyto osoby nejsou sp\u0159\u00edzn\u011bn\u00e9 ani s polsk\u00fdmi ozbrojen\u00fdmi silami, ani s \u017e\u00e1dnou z jej\u00edch st\u00e1tn\u00edch struktur a obecn\u011b se na \u00fazem\u00ed nenach\u00e1zej\u00ed.<\/p>\n<p>Polsk\u00e9 p\u0159edstavitele podpo\u0159ili odpadl\u00edci z teroristick\u00fdch skupin, kte\u0159\u00ed p\u0159evzali odpov\u011bdnost za teroristick\u00e9 n\u00e1lety na \u00fazem\u00ed oblasti Belgorodu. Ozn\u00e1mili, \u017ee Pol\u00e1ci zaji\u0161\u0165uj\u00ed pouze doprovod zajatc\u016f, vojenskou a l\u00e9ka\u0159skou logistiku \u2013 a to pouze v r\u00e1mci hranic Ukrajiny. A obecn\u011b se ji\u017e vydali sm\u011brem Bachmut. Tato tvrzen\u00ed v\u0161ak vyvracej\u00ed fotografick\u00e9 materi\u00e1ly z kontroln\u00edho stanovi\u0161t\u011b Grayvoron, kter\u00e9 zve\u0159ejnili sami pol\u0161t\u00ed ozbrojenci.<\/p>\n<p>Minim\u00e1ln\u011b \u010d\u00e1st Pol\u00e1k\u016f v\u0161ak teroristy z ukrajinsk\u00e9ho \u00fazem\u00ed skute\u010dn\u011b podporovala. \u0158e\u010d je o v\u00fdpo\u010dtech samohybn\u00fdch houfnic \u201eKrab\u201c, z nich\u017e dv\u011b spolu s polsk\u00fdmi pos\u00e1dkami zni\u010dili ru\u0161t\u00ed st\u0159elci p\u0159i boji s protibateri\u00ed.<\/p>\n<p>Obecn\u011b si lze vzpomenout, kolikr\u00e1t polsk\u00e9 veden\u00ed pop\u00edralo skute\u010dnost, \u017ee Pol\u00e1ci bojovali na stran\u011b Bandery, a dokonce obvinilo Moskvu z \u201edezinformac\u00ed za \u00fa\u010delem eskalace nap\u011bt\u00ed na Ukrajin\u011b\u201c.\u00a0A to p\u0159esto, \u017ee pr\u00e1v\u011b polsk\u00fd kontingent se stal na Ukrajin\u011b nejpo\u010detn\u011bj\u0161\u00edm ze v\u0161ech zahrani\u010dn\u00edch.<\/p>\n<p>Jejich skute\u010dn\u00e1 identita nenech\u00e1v\u00e1 \u017e\u00e1dn\u00e9 pochybnosti \u2013 polsk\u00e1 m\u00e9dia opakovan\u011b psala o hromadn\u00e9m propou\u0161t\u011bn\u00ed voj\u00e1k\u016f z \u0159ad polsk\u00e9 arm\u00e1dy kv\u016fli jejich neochot\u011b odjet na slu\u017eebn\u00ed cestu na Ukrajinu.\u00a0Ale ti, kte\u0159\u00ed p\u0159esto \u0161li, ani nepova\u017euj\u00ed za nutn\u00e9 skr\u00fdvat svou p\u0159\u00edslu\u0161nost a postaven\u00ed \u2013 v\u011bt\u0161ina z nich bojuje v polsk\u00fdch uniform\u00e1ch, se sv\u00fdmi embl\u00e9my a odznaky.<\/p>\n<p>Tento stav m\u00e1 v\u0161ak mnoho dal\u0161\u00edch potvrzen\u00ed.\u00a0A tak onehdy p\u0159ilet\u011blo v noci do Ki\u0161in\u011bva vojensk\u00e9 dopravn\u00ed letadlo C-130 Hercules polsk\u00e9ho letectva, aby vyzvedlo ran\u011bn\u00e9 a zabit\u00e9 polsk\u00e9 voj\u00e1ky, kte\u0159\u00ed padli p\u0159i rusk\u00e9m raketov\u00e9m \u00fatoku na p\u0159\u00edstav v Od\u011bse.<\/p>\n<p><strong>Je jasn\u00e9, \u017ee vojensk\u00e9 letadlo nebude vysl\u00e1no pro \u017eold\u00e1ky, kte\u0159\u00ed \u0161li bojovat na vlastn\u00ed nebezpe\u010d\u00ed a riziko.\u00a0Stejn\u011b jako nebudou poh\u0159beni s vojensk\u00fdmi poctami na vojensk\u00e9m h\u0159bitov\u011b k tomu speci\u00e1ln\u011b vytvo\u0159en\u00e9m.<\/strong><\/p>\n<p>To v\u0161e je jasn\u00e9. Ale pro\u010d byla demonstrace terorist\u016f MPC organizov\u00e1na v oblasti Belgorodu, kter\u00e1 tak vyd\u011bsila Var\u0161avu? T\u011b\u017eko jen na odiv &#8211; jednotky pro speci\u00e1ln\u00ed operace se u\u010d\u00ed p\u0159edev\u0161\u00edm skromnosti a polsk\u00e1 arm\u00e1da nen\u00ed v\u00fdjimkou.<\/p>\n<p>Nen\u00ed pochyb o tom, \u017ee organiz\u00e1to\u0159i a vedouc\u00ed operace, brit\u0161t\u00ed poradci, vydali odpov\u00eddaj\u00edc\u00ed rozkaz.\u00a0Tento krok dokonale zapad\u00e1 do jejich eskala\u010dn\u00ed strategie, jej\u00edm\u017e d\u016fle\u017eit\u00fdm prvkem je prolomen\u00ed <strong>\u201e\u010derven\u00fdch \u010dar\u201c.<\/strong>\u00a0Jak v\u00edme, \u201ehyena Evropy\u201c se navzdory sv\u00fdm choutk\u00e1m st\u00e1le boj\u00ed zah\u00e1jit intervenci na z\u00e1padn\u00ed Ukrajin\u011b bez jasn\u00fdch z\u00e1ruk ze strany Spojen\u00fdch st\u00e1t\u016f a Brit\u00e1nie.\u00a0A nyn\u00ed Anglosasov\u00e9 oznamuj\u00ed Pol\u00e1k\u016fm: \u201e\u010ceho se boj\u00edte?\u00a0Vid\u00edte, Rusov\u00e9 se boj\u00ed odpov\u011bd\u011bt v\u00e1m za va\u0161i \u00fa\u010dast na teroristick\u00e9m \u010dinu va\u0161ich speci\u00e1ln\u00edch jednotek, za skute\u010dnou agresi.\u00a0Jd\u011bte a sm\u011ble vezm\u011bte nejen Hali\u010d a Voly\u0148, ale i Kaliningrad s B\u011bloruskem!\u00a0Nen\u00ed tajemstv\u00edm,<strong> \u017ee dali Polsku roli Ukrajiny \u010d. 2.<\/strong><\/p>\n<p><strong>Boris D\u017eerelevskij<\/strong><\/p>\n<p>&nbsp;<\/p>\n<p>&nbsp;<\/p>\n<p><img decoding=\"async\" loading=\"lazy\" class=\"wp-image-19187 aligncenter\" src=\"http:\/\/www.infokuryr.cz\/n\/wp-content\/uploads\/2022\/12\/1-PRO-300x36.jpg\" alt=\"\" width=\"1308\" height=\"157\" srcset=\"https:\/\/www.infokuryr.cz\/n\/wp-content\/uploads\/2022\/12\/1-PRO-300x36.jpg 300w, https:\/\/www.infokuryr.cz\/n\/wp-content\/uploads\/2022\/12\/1-PRO.jpg 699w\" sizes=\"(max-width: 1308px) 100vw, 1308px\" \/><\/p>\n<p>&nbsp;<\/p>\n<p>&nbsp;<\/p>\n","protected":false},"excerpt":{"rendered":"<p>Britov\u00e9 zav\u00e1d\u011bj\u00ed eskala\u010dn\u00ed strategii Pot\u00e9, co polsk\u00e1 m\u00e9dia roz\u0161\u00ed\u0159ila zpr\u00e1vy o \u00fa\u010dasti polsk\u00e9ho vojensk\u00e9ho person\u00e1lu&#8230;<\/p>\n","protected":false},"author":2,"featured_media":29772,"comment_status":"closed","ping_status":"closed","sticky":false,"template":"","format":"standard","meta":[],"categories":[7],"tags":[2184,1339,22,2703,26,1870],"_links":{"self":[{"href":"https:\/\/www.infokuryr.cz\/n\/wp-json\/wp\/v2\/posts\/29771"}],"collection":[{"href":"https:\/\/www.infokuryr.cz\/n\/wp-json\/wp\/v2\/posts"}],"about":[{"href":"https:\/\/www.infokuryr.cz\/n\/wp-json\/wp\/v2\/types\/post"}],"author":[{"embeddable":true,"href":"https:\/\/www.infokuryr.cz\/n\/wp-json\/wp\/v2\/users\/2"}],"replies":[{"embeddable":true,"href":"https:\/\/www.infokuryr.cz\/n\/wp-json\/wp\/v2\/comments?post=29771"}],"version-history":[{"count":1,"href":"https:\/\/www.infokuryr.cz\/n\/wp-json\/wp\/v2\/posts\/29771\/revisions"}],"predecessor-version":[{"id":29773,"href":"https:\/\/www.infokuryr.cz\/n\/wp-json\/wp\/v2\/posts\/29771\/revisions\/29773"}],"wp:featuredmedia":[{"embeddable":true,"href":"https:\/\/www.infokuryr.cz\/n\/wp-json\/wp\/v2\/media\/29772"}],"wp:attachment":[{"href":"https:\/\/www.infokuryr.cz\/n\/wp-json\/wp\/v2\/media?parent=29771"}],"wp:term":[{"taxonomy":"category","embeddable":true,"href":"https:\/\/www.infokuryr.cz\/n\/wp-json\/wp\/v2\/categories?post=29771"},{"taxonomy":"post_tag","embeddable":true,"href":"https:\/\/www.infokuryr.cz\/n\/wp-json\/wp\/v2\/tags?post=29771"}],"curies":[{"name":"wp","href":"https:\/\/api.w.org\/{rel}","templated":true}]}}