{"id":29748,"date":"2023-06-09T01:04:10","date_gmt":"2023-06-08T23:04:10","guid":{"rendered":"http:\/\/www.infokuryr.cz\/n\/?p=29748"},"modified":"2023-06-08T16:43:25","modified_gmt":"2023-06-08T14:43:25","slug":"globalni-ockovaci-prukaz-who-plizive-zavadeni-systemu-socialnich-kreditu","status":"publish","type":"post","link":"https:\/\/www.infokuryr.cz\/n\/2023\/06\/09\/globalni-ockovaci-prukaz-who-plizive-zavadeni-systemu-socialnich-kreditu\/","title":{"rendered":"Glob\u00e1ln\u00ed o\u010dkovac\u00ed pr\u016fkaz WHO: Pl\u00ed\u017eiv\u00e9 zav\u00e1d\u011bn\u00ed syst\u00e9mu soci\u00e1ln\u00edch kredit\u016f"},"content":{"rendered":"<div id=\"fb-root\"><\/div>\n<div id=\"page\" class=\"site\">\n<div id=\"content\" class=\"site-content \">\n<div class=\"elementor elementor-3955 elementor-location-single post-94480 post type-post status-publish format-standard has-post-thumbnail hentry category-corona category-kommentar category-politik tag-gruener-pass tag-sozialkreditsystem tag-who\" data-elementor-type=\"single-post\" data-elementor-id=\"3955\">\n<div class=\"elementor-section-wrap\">\n<section class=\"elementor-section elementor-top-section elementor-element elementor-element-b421c52 elementor-section-boxed elementor-section-height-default elementor-section-height-default\" data-id=\"b421c52\" data-element_type=\"section\">\n<div class=\"elementor-container elementor-column-gap-default\">\n<div class=\"elementor-row\">\n<div class=\"elementor-column elementor-col-66 elementor-top-column elementor-element elementor-element-13bb986\" data-id=\"13bb986\" data-element_type=\"column\">\n<div class=\"elementor-column-wrap elementor-element-populated\">\n<div class=\"elementor-widget-wrap\">\n<div class=\"elementor-element elementor-element-ce0c00d articlestyle elementor-widget elementor-widget-theme-post-content\" data-id=\"ce0c00d\" data-element_type=\"widget\" data-widget_type=\"theme-post-content.default\">\n<div class=\"elementor-widget-container\">\n<p><strong>Digit\u00e1ln\u00ed ID, digit\u00e1ln\u00ed \u201ezdravotn\u00ed certifik\u00e1t\u201c, digit\u00e1ln\u00ed m\u011bna centr\u00e1ln\u00ed banky \u2013 kruh jsme uzav\u0159eli.\u00a0V\u0161echny tyto ud\u00e1losti \u00fazce souvis\u00ed s polo\u017een\u00edm z\u00e1klad\u016f syst\u00e9mu soci\u00e1ln\u00edch kredit\u016f \u010d\u00ednsk\u00e9ho typu.\u00a0\u201eZelen\u00fd pas\u201c byl prvn\u00edm opat\u0159en\u00edm, kter\u00e9 slou\u017eilo nejen ke sb\u011bru nejcitliv\u011bj\u0161\u00edch dat, ale tak\u00e9 k konkr\u00e9tn\u00edmu postihu t\u011bch, kdo neuposlechli.\u00a0V\u0161echna tvrzen\u00ed, \u017ee \u0161lo pouze o \u0159e\u0161en\u00ed v\u00fdjime\u010dn\u00e9 situace, se uk\u00e1zala jako le\u017e \u2013 syst\u00e9m\u00a0<a href=\"https:\/\/report24.news\/verschwoerungstheorie-bestaetigt-who-nutzt-eu-impfzertifikate-als-basis-fuer-globale-gesundheitsdiktatur\/\">tu z\u016fstane<\/a>\u00a0.\u00a0kde tohle skon\u010d\u00ed?<\/strong><\/p>\n<p>Zd\u00e1 se, \u017ee varov\u00e1n\u00ed takzvan\u00fdch konspira\u010dn\u00edch teoretik\u016f byla d\u00e1vno zapomenuta: ji\u017e brzy bylo jasn\u00e9, \u017ee segrega\u010dn\u00ed a izola\u010dn\u00ed opat\u0159en\u00ed proti ob\u010dan\u016fm, kte\u0159\u00ed kritizuj\u00ed testy a o\u010dkov\u00e1n\u00ed, se net\u00fdkaj\u00ed zdrav\u00ed.\u00a0<strong>Rychle se vytvo\u0159ilo spojen\u00ed, \u017ee vytvo\u0159en\u00e1 opat\u0159en\u00ed a syst\u00e9my umo\u017e\u0148ovaly bezprecedentn\u00ed kontrolu a podmi\u0148ov\u00e1n\u00ed populace.\u00a0<\/strong>Ka\u017ed\u00fd, kdo projevil nedostatek poslu\u0161nosti, nesm\u011bl cestovat ani vstupovat do obchod\u016f nebo hospod \u2013 a ejhle, v\u011bt\u0161ina lid\u00ed se podlomila a sprintovala.<\/p>\n<p>Dnes, kdy jsou kone\u010dn\u011b na stole v\u0161echna fakta o Covid-19 a o\u010dkov\u00e1n\u00ed, by m\u011blo b\u00fdt samoz\u0159ejmost\u00ed \u00fapln\u00e9 zru\u0161en\u00ed \u201ezelen\u00e9ho pasu\u201c \u2013 m\u00edsto toho se EU a WHO spojuj\u00ed a cht\u011bj\u00ed jej d\u00e1le rozv\u00edjet, do trval\u00e9ho z\u00e1kladn\u00edho n\u00e1stroje pro jakoukoli takzvanou Emergency.\u00a0St\u011b\u017e\u00ed to mus\u00ed b\u00fdt zdravotn\u00edho charakteru, pokud tento koncept posunete d\u00e1le.\u00a0Neust\u00e1l\u00e9 \u0161\u00ed\u0159en\u00ed klimatick\u00e9 krize a reinterpretace CO2 jako zabij\u00e1ck\u00e9ho plynu nab\u00edz\u00ed \u00fapln\u011b jin\u00e9 mo\u017enosti, jak ospravedlnit dalekos\u00e1hl\u00e1 omezen\u00ed a usm\u011br\u0148ov\u00e1n\u00ed \u2013 jde o obecn\u00e9 dobro, tak\u017ee se l\u017ee.\u00a0Pl\u00e1novan\u00e9 zaveden\u00ed digit\u00e1ln\u00edch m\u011bn centr\u00e1ln\u00edch bank v\u00fdrazn\u011b zpest\u0159uje mo\u017en\u00e9 z\u00e1sahy do \u017eivota \u201eneposlu\u0161n\u00fdch\u201c.<\/p>\n<p>Je tedy p\u0159ehnan\u00e9 pova\u017eovat sou\u010dasn\u00fd proces za z\u00e1klad syst\u00e9mu soci\u00e1ln\u00edch kredit\u016f?\u00a0Ne, pokud jde o poslankyni Spolkov\u00e9ho sn\u011bmu za AfD Christinu Baumovou, \u010dlenku zdravotnick\u00e9ho v\u00fdboru, kter\u00e1 se t\u00edmto probl\u00e9mem tak\u00e9\u00a0zab\u00fdv\u00e1 v\u00a0<a href=\"https:\/\/afdbundestag.de\/christina-baum-schleichende-einfuehrung-eines-sozialkreditsystems-stoppen\/\" target=\"_blank\" rel=\"noreferrer noopener\">tiskov\u00e9 zpr\u00e1v\u011b :<\/a><\/p>\n<p><em>\u201eZaveden\u00ed glob\u00e1ln\u00ed digit\u00e1ln\u00ed certifikace Covid-19 znamen\u00e1 za\u010d\u00e1tek omezov\u00e1n\u00ed ob\u010dansk\u00fdch pr\u00e1v na cel\u00e9m sv\u011bt\u011b ve jm\u00e9nu \u00fadajn\u00e9 ochrany zdrav\u00ed, jako je svoboda cestov\u00e1n\u00ed.\u00a0<strong>Kdo odm\u00edtne povinn\u00e9 &#8218;o\u010dkov\u00e1n\u00ed&#8216; v p\u0159\u00edpad\u011b budouc\u00ed pandemie, kterou n\u00e1sledn\u011b vyhl\u00e1s\u00ed nedemokratick\u00e1, nevolen\u00e1 WHO, pak u\u017e nebude sm\u011bt opustit zemi, mo\u017en\u00e1 ani m\u011bsto.<\/strong><\/em><\/p>\n<p><em>Ji\u017e v roce 2021 parlamentn\u00ed skupina AfD vyzvala k zastaven\u00ed zaveden\u00ed digit\u00e1ln\u00edho o\u010dkovac\u00edho pr\u016fkazu proti koronaviru v EU i mimo ni, aby byla chr\u00e1n\u011bna z\u00e1kladn\u00ed pr\u00e1va ob\u010dan\u016f.\u00a0Re\u017eim Corona n\u00e1m jasn\u011b uk\u00e1zal, co mohou personalizovan\u00e1 zdravotn\u00ed data ud\u011blat v rukou nespr\u00e1vn\u00fdch politik\u016f.\u00a0Zaveden\u00ed digit\u00e1ln\u00edho o\u010dkovac\u00edho pr\u016fkazu nejen omezuje svobodu v\u0161ech lid\u00ed,\u00a0<strong>ale tak\u00e9 ohro\u017euje jejich zdrav\u00ed, pokud jsou nuceni podstoupit o\u010dkov\u00e1n\u00ed, kter\u00e9 je \u0161kodliv\u00e9 pro jejich zdrav\u00ed.<\/strong><\/em><\/p>\n<p><em>O\u010dkovac\u00ed pr\u016fkaz proto mus\u00ed b\u00fdt glob\u00e1ln\u011b zastaven a na \u00farovni EU op\u011bt zru\u0161en.\u00a0<strong>Nebudeme ne\u010dinn\u011b p\u0159ihl\u00ed\u017eet, jak se vpl\u00ed\u017e\u00ed \u010d\u00ednsk\u00fd syst\u00e9m soci\u00e1ln\u00edch kredit\u016f.&#8220;<\/strong><\/em><\/p>\n<\/div>\n<\/div>\n<div class=\"elementor-element elementor-element-087c8ee elementor-widget elementor-widget-html\" data-id=\"087c8ee\" data-element_type=\"widget\" data-widget_type=\"html.default\">\n<div class=\"elementor-widget-container\">\n<div id=\"M818971ScriptRootC1337392_169e6\">\n<div id=\"MarketGidComposite1337392_169e6\">\n<div>\n<div class=\"mgbox\">\n<div class=\"row2\">\n<div class=\"mgline mgline-banner teaser-2\" data-i=\"-3XbLyjlskZfnoRuCQSGv4H6QfUQPWIWAsxLBrSqLu1MGkqKTdaz8I44JLDmscy9cKByP9JjFSPHfDGIAUj1Kw**\" data-observe-time=\"0\" data-observe-start=\"0\" data-observing=\"yes\">Ot\u00e1zkou jen je, zda v\u011bt\u0161ina ob\u010dan\u016f nebude i nad\u00e1le st\u00e1t stranou a nic ned\u011blat&#8230;<\/div>\n<div data-i=\"-3XbLyjlskZfnoRuCQSGv4H6QfUQPWIWAsxLBrSqLu1MGkqKTdaz8I44JLDmscy9cKByP9JjFSPHfDGIAUj1Kw**\" data-observe-time=\"0\" data-observe-start=\"0\" data-observing=\"yes\"><img decoding=\"async\" loading=\"lazy\" class=\"alignnone size-full wp-image-1185\" src=\"http:\/\/www.infokuryr.cz\/n\/wp-content\/uploads\/2021\/04\/kuryr-podpis.png\" alt=\"\" width=\"84\" height=\"24\" \/><\/div>\n<\/div>\n<\/div>\n<\/div>\n<\/div>\n<\/div>\n<div data-i=\"-3XbLyjlskZfnoRuCQSGv4H6QfUQPWIWAsxLBrSqLu1MGkqKTdaz8I44JLDmscy9cKByP9JjFSPHfDGIAUj1Kw**\" data-observe-time=\"0\" data-observe-start=\"0\" data-observing=\"yes\">\n<p><img decoding=\"async\" loading=\"lazy\" class=\"wp-image-19187 aligncenter\" src=\"http:\/\/www.infokuryr.cz\/n\/wp-content\/uploads\/2022\/12\/1-PRO-300x36.jpg\" alt=\"\" width=\"1300\" height=\"156\" srcset=\"https:\/\/www.infokuryr.cz\/n\/wp-content\/uploads\/2022\/12\/1-PRO-300x36.jpg 300w, https:\/\/www.infokuryr.cz\/n\/wp-content\/uploads\/2022\/12\/1-PRO.jpg 699w\" sizes=\"(max-width: 1300px) 100vw, 1300px\" \/><\/p>\n<\/div>\n<\/div>\n<\/div>\n<div data-i=\"-3XbLyjlskZfnoRuCQSGv4H6QfUQPWIWAsxLBrSqLu1MGkqKTdaz8I44JLDmscy9cKByP9JjFSPHfDGIAUj1Kw**\" data-observe-time=\"0\" data-observe-start=\"0\" data-observing=\"yes\"><\/div>\n<\/div>\n<\/div>\n<\/div>\n<\/div>\n<\/div>\n<\/section>\n<\/div>\n<\/div>\n<\/div>\n<\/div>\n","protected":false},"excerpt":{"rendered":"<p>Digit\u00e1ln\u00ed ID, digit\u00e1ln\u00ed \u201ezdravotn\u00ed certifik\u00e1t\u201c, digit\u00e1ln\u00ed m\u011bna centr\u00e1ln\u00ed banky \u2013 kruh jsme uzav\u0159eli.\u00a0V\u0161echny tyto ud\u00e1losti&#8230;<\/p>\n","protected":false},"author":2,"featured_media":10073,"comment_status":"closed","ping_status":"closed","sticky":false,"template":"","format":"standard","meta":[],"categories":[7],"tags":[1781,5180,342,81],"_links":{"self":[{"href":"https:\/\/www.infokuryr.cz\/n\/wp-json\/wp\/v2\/posts\/29748"}],"collection":[{"href":"https:\/\/www.infokuryr.cz\/n\/wp-json\/wp\/v2\/posts"}],"about":[{"href":"https:\/\/www.infokuryr.cz\/n\/wp-json\/wp\/v2\/types\/post"}],"author":[{"embeddable":true,"href":"https:\/\/www.infokuryr.cz\/n\/wp-json\/wp\/v2\/users\/2"}],"replies":[{"embeddable":true,"href":"https:\/\/www.infokuryr.cz\/n\/wp-json\/wp\/v2\/comments?post=29748"}],"version-history":[{"count":0,"href":"https:\/\/www.infokuryr.cz\/n\/wp-json\/wp\/v2\/posts\/29748\/revisions"}],"wp:featuredmedia":[{"embeddable":true,"href":"https:\/\/www.infokuryr.cz\/n\/wp-json\/wp\/v2\/media\/10073"}],"wp:attachment":[{"href":"https:\/\/www.infokuryr.cz\/n\/wp-json\/wp\/v2\/media?parent=29748"}],"wp:term":[{"taxonomy":"category","embeddable":true,"href":"https:\/\/www.infokuryr.cz\/n\/wp-json\/wp\/v2\/categories?post=29748"},{"taxonomy":"post_tag","embeddable":true,"href":"https:\/\/www.infokuryr.cz\/n\/wp-json\/wp\/v2\/tags?post=29748"}],"curies":[{"name":"wp","href":"https:\/\/api.w.org\/{rel}","templated":true}]}}