{"id":29712,"date":"2023-06-08T06:24:03","date_gmt":"2023-06-08T04:24:03","guid":{"rendered":"http:\/\/www.infokuryr.cz\/n\/?p=29712"},"modified":"2023-06-08T06:58:24","modified_gmt":"2023-06-08T04:58:24","slug":"premysl-votava-maminko-poslete-mi-chleba","status":"publish","type":"post","link":"https:\/\/www.infokuryr.cz\/n\/2023\/06\/08\/premysl-votava-maminko-poslete-mi-chleba\/","title":{"rendered":"P\u0159emysl Votava: Maminko po\u0161lete mi chleba&#8230;"},"content":{"rendered":"<div id=\"fb-root\"><\/div>\n<p><strong>Lidick\u00fd pomn\u00edk 82 popraven\u00fdch d\u011bt\u00ed od socha\u0159ky Marie Uchytilov\u00e9 vh\u00e1n\u00ed slzy do o\u010d\u00ed s ot\u00e1zkou, \u010d\u00edm se ty mal\u00e9 d\u011bti provinily? Po d\u011btech z\u016fstaly dopisy, kde pros\u00ed o kousek chleba, \u201e&#8230; t\u0159eba jen ten pro kr\u00e1l\u00edky.\u201c Marie Uchytilov\u00e1 (1924 \u2013 1989) vytvo\u0159ila asi nejsmutn\u011bj\u0161\u00ed souso\u0161\u00ed, kter\u00e9 zn\u00e1me. Pracovala na n\u011bm v\u00fdznamnou \u010d\u00e1st sv\u00e9ho \u017eivota, dokonce bez v\u00fdzna\u010dn\u00e9 pomoci st\u00e1tu. V pra\u017esk\u00e9m ateli\u00e9ru v Hodkovi\u010dk\u00e1ch skl\u00e1dala trp\u011bliv\u011b odkaz pro pam\u011b\u0165 t\u011bch budouc\u00edch. Teprve v roce 2013 byla in memoriam prezidentem republiky M. Zemanem vyznamen\u00e1na medail\u00ed Za z\u00e1sluhy. I to je \u201ep\u0159\u00edzna\u010dn\u00e9\u201c pro na\u0161i historickou \u201epam\u011b\u0165\u201c. Nikdo n\u00e1m nedal pr\u00e1vo zapomenout na jejich ob\u011b\u0165. N\u011bmci nem\u011bli s d\u011btmi slitov\u00e1n\u00ed, n\u011bkter\u00fdm byl pouh\u00fd rok.<\/strong><\/p>\n<p>N\u011bmeck\u00e1 pomsta dopadla 10. \u010dervna 1942 na hornickou vesnici nedaleko Kladna, m\u011bla 483 obyvatel. Podobn\u00fd osud postihl za 14 dn\u00ed i osadu Le\u017e\u00e1ky na Vyso\u010din\u011b. Ob\u011b obce se tak p\u0159ipojily sv\u00fdm osudem k\u00a0tis\u00edcovk\u00e1m N\u011bmci vyp\u00e1len\u00fdch a vyvra\u017ed\u011bn\u00fdch vesnic na Ukrajin\u011b, v\u00a0B\u011blorusku, Rusku \u2026 k nim pat\u0159il i \u010cesk\u00fd Mal\u00edn na Volyni. Vyvra\u017ed\u011bn\u00e9 a vyp\u00e1len\u00e9 Lidice, m\u011bly b\u00fdt trestem \u010desk\u00e9mu n\u00e1rodu za zda\u0159il\u00fd atent\u00e1t na protektora R. Heydricha. P\u0159i hromadn\u011b poprav\u011b 173 mu\u017e\u016f ve v\u011bku od 14 do 84 let byli okupanti p\u0159esn\u00ed a d\u016fkladn\u00ed, nikdo neunikl. O n\u011bkolik dn\u016f pozd\u011bji bylo dodate\u010dn\u011b popraveno dal\u0161\u00edch 26 ob\u010dan\u016f Lidic, mezi nimi i dva 15let\u00ed chlapci, kte\u0159\u00ed n\u00e1hodn\u011b unikli poprav\u011b p\u0159i prvn\u00edm \u201et\u0159\u00edd\u011bn\u00ed\u201c ob\u011bt\u00ed v Lidic\u00edch. Poprav\u011b neunikl ani pacient z kladensk\u00e9 nemocnice s nohou v s\u00e1d\u0159e. 203 lidick\u00fdch \u017een bylo odtr\u017eeno od sv\u00fdch d\u011bt\u00ed a byly p\u0159evezeny do koncentra\u010dn\u00edho t\u00e1bora v\u00a0Ravensbrucku, 53 z\u00a0nich bylo v\u00a0t\u00e1bo\u0159e ut\u00fdr\u00e1no \u010di zem\u0159elo na pochodech smrti. 82 d\u011bt\u00ed z\u00a0Lidic bylo zavra\u017ed\u011bno 2. 7. 1942 v\u00a0plynov\u00fdch vozech v Chelmnu. Doprov\u00e1zel je telegram \u201eZvl\u00e1\u0161tn\u00ed p\u00e9\u010de nen\u00ed \u017e\u00e1douc\u00ed.\u201c \u010cty\u0159i d\u011bti m\u011bly pouh\u00fd rok, dal\u0161\u00edch p\u011bt d\u011bt\u00ed dva roky. Pouze n\u011bkolik d\u011bt\u00ed bylo d\u00e1no na tzv. p\u0159ev\u00fdchovu do n\u011bmeck\u00fdch rodin. Do Lidic se jich vr\u00e1tilo po v\u00e1lce 17. V\u011bt\u0161ina lidick\u00fdch matek se sv\u00fdch d\u011bt\u00ed nedo\u010dkala, \u2026<\/p>\n<p>O velk\u00e9 state\u010dnosti popraven\u00fdch sv\u011bd\u010d\u00ed i pov\u00e1le\u010dn\u00fd v\u00fdslech (1947) H. Wiesmanna, \u0161\u00e9fa kladensk\u00e9ho gestapa, kter\u00fd \u0159\u00eddil vyvra\u017ed\u011bn\u00ed Lidic. P\u0159i v\u00fdslechu prohl\u00e1sil: \u201eNedo\u0161lo k \u017e\u00e1dn\u00fdm slabo\u0161sk\u00fdm sc\u00e9n\u00e1m.\u201c Z\u00e1rove\u0148 se p\u0159iznal i ke sv\u00e9mu k rabov\u00e1n\u00ed v Lidic\u00edch. Odvezl si d\u011btsk\u00fd ko\u010d\u00e1rek, \u0161ic\u00ed stroj&#8230;, tak\u00e9 ostatn\u00ed gestap\u00e1ci se \u010dinili, brali pen\u00edze, \u0161perky, ale i husy, slepice. N\u00e1sledn\u011b byly Lidice srovn\u00e1ny se zem\u00ed, m\u011bly zmizet z mapy i na\u0161\u00ed pam\u011bti. \u2026. Des\u00e1t\u00e9ho \u010dervna 1945 se konala v Lidic\u00edch prvn\u00ed pov\u00e1le\u010dn\u00e1 tryzna. K\u00a0p\u0159e\u017eiv\u0161\u00edm \u017een\u00e1m a ke statis\u00edc\u016fm ob\u010dan\u016f promluvil prezident Edvard Bene\u0161. Lidice nezmizely, hned po v\u00e1lce za\u010dala v\u00fdstavba nov\u00fdch. Dokonce ve sv\u011bt\u011b \u0159ada obc\u00ed nese jm\u00e9no Lidice.<\/p>\n<p>N\u011bmeck\u00e1 statistika smrti z\u00a010.\u010dervna 1942 bud\u00ed hr\u016fzu i po 81 letech. V pov\u00e1le\u010dn\u00fdch soudn\u00edch protokolech je tak\u00e9 dopis matky gestap\u00e1ka Lili Wiesmannov\u00e9, ve kter\u00e9m pros\u00ed dr. Edvarda Bene\u0161e, aby j\u00ed nebral posledn\u00ed d\u00edt\u011b, \u201e &#8230; moji dva synov\u00e9 ji\u017e padli. M\u016fj syn konal jen vlasteneckou povinnost, nedopustil se nikdy nepr\u00e1va.\u201c P\u0159ipom\u00edn\u00e1m to zejm\u00e9na t\u011bm historie neznal\u00fdm, \u010di t\u011bm fale\u0161n\u00fdm vyklada\u010d\u016fm d\u011bjin. Nab\u00edz\u00ed se ot\u00e1zka, kolik v\u011bt je ve \u0161koln\u00edch u\u010debnic\u00edch v\u011bnov\u00e1no lidick\u00e9 pam\u00e1tce.<\/p>\n<p>Sm\u00ed\u0159livost, \u010di dokonce lokajstv\u00ed ke zlo\u010din\u016fm nacismu je ur\u00e1\u017ekou jejich ob\u011bt\u00ed. Vl\u00e1dn\u00ed \u00fa\u010dast na ned\u00e1vn\u00e9m sjezdu Sudeton\u011bmeck\u00e9ho krajansk\u00e9ho sdru\u017een\u00ed je pr\u00e1v\u011b t\u00edm lokajstv\u00edm. Ministr Bek pozdravil v n\u011bm\u010din\u011b sudetsk\u00e9 N\u011bmce, jako mil\u00e9 krajany a promluvil o nutnosti spole\u010dn\u011b pracovat na m\u00edru a \u010delit v\u00fdchodn\u00ed agresi&#8230; Sudetsk\u00fdm N\u011bmc\u016fm se to asi dob\u0159e poslouchalo. Nejsp\u00ed\u0161e ti \u010de\u0161t\u00ed politici nena\u0161li odvahu p\u0159ipomenout \u201esudetsk\u00fdm krajan\u016fm\u201c zavra\u017ed\u011bn\u00e9 d\u011bti z Lidic. Nep\u0159ipomenul jim nejsp\u00ed\u0161e ani \u010derven 1941, kdy se vydalo N\u011bmecko se sv\u00fdmi spojenci k ta\u017een\u00ed na v\u00fdchod. Tak\u00e9 prezident Pavel by m\u011bl v\u00e1\u017eit sv\u00e9 \u010diny i slova. Jeho cesta do Bavor n\u00e1m p\u0159ipomenula cestu na\u0161ich kn\u00ed\u017eat za slibem v\u011brnosti a pod\u0159\u00edzenosti do \u0158ezna.<\/p>\n<p>\u010cesk\u00e1 historie m\u00e1 sv\u00e9 hrdiny Kubi\u0161e, Jaro\u0161e, Ma\u0161\u00edna, ale i lokaje Moravce, \u010di zr\u00e1dce \u010curdu. Naprost\u00e1 v\u011bt\u0161ina \u010desk\u00e9ho n\u00e1roda, ale ud\u00e1losti z\u00a0roku 1942 v\u00a0Lidic\u00edch vn\u00edm\u00e1 jako zlo\u010din, kter\u00fd nelze odpustit.<\/p>\n<p><strong><em>P\u0159emysl Votava<br \/>\n<\/em><\/strong><em>Zdroj: A ho\u0159el snad i k\u00e1men, Miroslav Ivanov<\/em><\/p>\n<p><img decoding=\"async\" loading=\"lazy\" class=\"alignnone size-medium wp-image-15746\" src=\"http:\/\/www.infokuryr.cz\/n\/wp-content\/uploads\/2022\/09\/votava-premysl-300x208.jpg\" alt=\"\" width=\"300\" height=\"208\" srcset=\"https:\/\/www.infokuryr.cz\/n\/wp-content\/uploads\/2022\/09\/votava-premysl-300x208.jpg 300w, https:\/\/www.infokuryr.cz\/n\/wp-content\/uploads\/2022\/09\/votava-premysl.jpg 318w\" sizes=\"(max-width: 300px) 100vw, 300px\" \/><\/p>\n<p>__________________________________<\/p>\n<p>&nbsp;<\/p>\n<p>&nbsp;<\/p>\n<p><img decoding=\"async\" loading=\"lazy\" class=\"wp-image-19187 aligncenter\" src=\"http:\/\/www.infokuryr.cz\/n\/wp-content\/uploads\/2022\/12\/1-PRO-300x36.jpg\" alt=\"\" width=\"1300\" height=\"156\" srcset=\"https:\/\/www.infokuryr.cz\/n\/wp-content\/uploads\/2022\/12\/1-PRO-300x36.jpg 300w, https:\/\/www.infokuryr.cz\/n\/wp-content\/uploads\/2022\/12\/1-PRO.jpg 699w\" sizes=\"(max-width: 1300px) 100vw, 1300px\" \/><\/p>\n<p>&nbsp;<\/p>\n<p>&nbsp;<\/p>\n<p>&nbsp;<\/p>\n<p>&nbsp;<\/p>\n","protected":false},"excerpt":{"rendered":"<p>Lidick\u00fd pomn\u00edk 82 popraven\u00fdch d\u011bt\u00ed od socha\u0159ky Marie Uchytilov\u00e9 vh\u00e1n\u00ed slzy do o\u010d\u00ed s ot\u00e1zkou,&#8230;<\/p>\n","protected":false},"author":2,"featured_media":2427,"comment_status":"closed","ping_status":"closed","sticky":false,"template":"","format":"standard","meta":[],"categories":[6],"tags":[245,398,597,239,429],"_links":{"self":[{"href":"https:\/\/www.infokuryr.cz\/n\/wp-json\/wp\/v2\/posts\/29712"}],"collection":[{"href":"https:\/\/www.infokuryr.cz\/n\/wp-json\/wp\/v2\/posts"}],"about":[{"href":"https:\/\/www.infokuryr.cz\/n\/wp-json\/wp\/v2\/types\/post"}],"author":[{"embeddable":true,"href":"https:\/\/www.infokuryr.cz\/n\/wp-json\/wp\/v2\/users\/2"}],"replies":[{"embeddable":true,"href":"https:\/\/www.infokuryr.cz\/n\/wp-json\/wp\/v2\/comments?post=29712"}],"version-history":[{"count":0,"href":"https:\/\/www.infokuryr.cz\/n\/wp-json\/wp\/v2\/posts\/29712\/revisions"}],"wp:featuredmedia":[{"embeddable":true,"href":"https:\/\/www.infokuryr.cz\/n\/wp-json\/wp\/v2\/media\/2427"}],"wp:attachment":[{"href":"https:\/\/www.infokuryr.cz\/n\/wp-json\/wp\/v2\/media?parent=29712"}],"wp:term":[{"taxonomy":"category","embeddable":true,"href":"https:\/\/www.infokuryr.cz\/n\/wp-json\/wp\/v2\/categories?post=29712"},{"taxonomy":"post_tag","embeddable":true,"href":"https:\/\/www.infokuryr.cz\/n\/wp-json\/wp\/v2\/tags?post=29712"}],"curies":[{"name":"wp","href":"https:\/\/api.w.org\/{rel}","templated":true}]}}