{"id":2969,"date":"2021-07-01T02:23:21","date_gmt":"2021-07-01T00:23:21","guid":{"rendered":"http:\/\/www.infokuryr.cz\/n\/?p=2969"},"modified":"2021-07-02T03:07:28","modified_gmt":"2021-07-02T01:07:28","slug":"strana-trikolora-svobodni-soukromnici-predstavila-stinovou-vladu-obcane-maji-pravo-mit-na-skutecnou-alternativu","status":"publish","type":"post","link":"https:\/\/www.infokuryr.cz\/n\/2021\/07\/01\/strana-trikolora-svobodni-soukromnici-predstavila-stinovou-vladu-obcane-maji-pravo-mit-na-skutecnou-alternativu\/","title":{"rendered":"Strana \u201eTrikolora Svobodn\u00ed Soukromn\u00edci\u201c p\u0159edstavila st\u00ednovou vl\u00e1du. Ob\u010dan\u00e9 maj\u00ed m\u00edt pr\u00e1vo na skute\u010dnou alternativu"},"content":{"rendered":"<div id=\"fb-root\"><\/div>\n<p><em>Praha, st\u0159eda, 30. \u010dervna 2021 \u2013<\/em><strong> Strana \u201eTrikolora Svobodn\u00ed Soukromn\u00edci\u201c dnes p\u0159edstavila st\u00ednovou vl\u00e1du, jej\u00edm\u017e c\u00edlem je sezn\u00e1mit ve\u0159ejnost s\u00a0programov\u00fdmi prioritami tohoto pravicov\u00e9ho uskupen\u00ed a z\u00e1rove\u0148 pouk\u00e1zat na to, \u017ee je mo\u017en\u00e9 st\u00e1t \u0159\u00eddit zcela jinak, ne\u017e jak to p\u0159edv\u00e1d\u011bly dosavadn\u00ed vl\u00e1dy. Mezi st\u00ednov\u00fdmi ministry nechyb\u00ed V\u00e1clav Klaus, ml., Vlastimil Tlust\u00fd, Radomil B\u00e1bek, Petr \u0160t\u011bp\u00e1nek, Miroslav Kostelka nebo V\u00e1clav Kr\u00e1sa. <\/strong><\/p>\n<p><em>\u201eVolebn\u00ed uskupen\u00ed Trikolora Svobodn\u00ed Soukromn\u00edci\u201c vzniklo pr\u00e1v\u011b jako jasn\u00e1 alternativa, jak v\u016f\u010di dne\u0161n\u00ed vl\u00e1d\u011b chaosu a destrukce, tak n\u00e1stupu novodob\u00fdch socialist\u016f, kte\u0159\u00ed budou je\u0161t\u011b v\u00edce regulovat, zda\u0148ovat a poklonkovat se Bruselu. Chceme voli\u010d\u016fm uk\u00e1zat, \u017ee na\u0161i zemi jde spravovat skute\u010dn\u011b jinak. Odv\u00e1\u017en\u011b, suver\u00e9nn\u011b, maxim\u00e1ln\u011b \u00fasporn\u011b a s\u00a0velk\u00fdm respektem k\u00a0pr\u00e1vu a svobod\u011b. Na\u0161i st\u00ednov\u00ed minist\u0159i jsou osobnosti, kter\u00e9 v\u00a0dan\u00fdch rezortech maj\u00ed bohat\u00e9 zku\u0161enosti, ale z\u00e1rove\u0148 budou m\u00edt dostatek kur\u00e1\u017ee, aby nekompromisn\u011b nastavovali zrcadlo sou\u010dasn\u00fdm i hypoteticky budouc\u00edm ministr\u016fm. Ob\u010dan\u00e9 na\u0161\u00ed zem\u011b maj\u00ed pr\u00e1vo si svobodn\u011b vybrat, jakou budoucnost na\u0161\u00ed zem\u011b si skute\u010dn\u011b p\u0159ej\u00ed,\u201c<\/em> uvedla p\u0159edsedkyn\u011b a poslankyn\u011b <strong>Zuzana Majerov\u00e1 Zahradn\u00edkov\u00e1, kter\u00e1 je z\u00e1rove\u0148 p\u0159edsedkyn\u00ed st\u00ednov\u00e9 vl\u00e1dy Trikolora Svobodn\u00ed Soukromn\u00edci.<\/strong><\/p>\n<p><em>Podle p\u0159edsedy Svobodn\u00fdch Libora Vondr\u00e1\u010dka je d\u016fle\u017eit\u00e9, \u017ee spole\u010dn\u00e9 volebn\u00ed uskupen\u00ed m\u00e1 ve sv\u00fdch \u0159ad\u00e1ch mno\u017estv\u00ed kvalitn\u00edch osobnost\u00ed a odborn\u00edk\u016f, jejich\u017e n\u00e1zory stoj\u00ed na stejn\u00fdch programov\u00fdch pil\u00ed\u0159\u00edch. \u201eJsme p\u0159ipraveni napravit \u0161kody zp\u016fsoben\u00e9 vl\u00e1dou a vr\u00e1tit se ke svobodn\u00e9mu \u017eivotu bez omezen\u00ed a lockdown\u016f. Odstartujeme antibyrokratickou revoluci, sn\u00ed\u017e\u00edme moc st\u00e1tu nad \u017eivotem i podnik\u00e1n\u00edm, prosad\u00edme \u0161t\u00edhl\u00fd a efektivn\u00ed st\u00e1t s\u00a0trvale n\u00edzk\u00fdmi dan\u011bmi. Vr\u00e1t\u00edme \u00factu \u010desk\u00e9mu pr\u00e1vu, a to i t\u00edm, \u017ee jej nad\u0159ad\u00edme nad pr\u00e1vo Evropsk\u00e9 unie,\u201c <\/em>\u0159ekl <strong>Libor Vondr\u00e1\u010dek, kter\u00fd se ve st\u00ednov\u00e9 vl\u00e1d\u011b ujme ministerstva zahrani\u010d\u00ed. <\/strong><\/p>\n<p><em>\u201eSt\u00ednov\u00e1 vl\u00e1da nen\u00ed o funkc\u00edch, ale tvrd\u00e9 pr\u00e1ci na v\u0161ech detailech na\u0161eho spole\u010dn\u00e9ho programu a jeho trp\u011bliv\u00e9m vysv\u011btlov\u00e1n\u00ed. Ob\u010dan\u00e9 na\u0161\u00ed zem\u011b maj\u00ed pr\u00e1vo v\u011bd\u011bt, co a jak chceme skute\u010dn\u011b zm\u011bnit, abychom se vr\u00e1tili k\u00a0norm\u00e1ln\u00edmu \u017eivotu, \u00fact\u011b k\u00a0pr\u00e1vu i svobodn\u00e9mu podnik\u00e1n\u00ed. V\u011b\u0159\u00edm, \u017ee i postoje prezentovan\u00e9 na\u0161\u00ed st\u00ednovou vl\u00e1dou p\u0159esv\u011bd\u010d\u00ed v\u0161echny mal\u00e9 podnikatele a \u017eivnostn\u00edky v\u00a0zemi, aby dali hlas uskupen\u00ed \u201eTrikolora Svobodn\u00ed Soukromn\u00edci\u201c, kter\u00e9 je jejich skute\u010dnou politickou sebeobranou,\u201c<\/em> <strong>dodal Petr Bajer, p\u0159edseda Soukromn\u00edk\u016f a st\u00ednov\u00fd ministr \u017eivotn\u00edho prost\u0159ed\u00ed. <\/strong><\/p>\n<p><strong>Kdo jsou st\u00ednov\u00ed minist\u0159i uskupen\u00ed \u201eTrikolora Svobodn\u00ed Soukromn\u00edci?\u201c<\/strong><\/p>\n<p><strong>Vlastimil Tlust\u00fd, st\u00ednov\u00fd ministr financ\u00ed<\/strong><\/p>\n<p>Oblast ekonomiky jej prov\u00e1z\u00ed des\u00edtky let. Ji\u017e v letech 1998 a\u017e 2002 p\u016fsobil jako p\u0159edseda rozpo\u010dtov\u00e9ho v\u00fdboru, pozd\u011bji se stal jeho m\u00edstop\u0159edsedou. V roce 2006 byl jmenov\u00e1n ministrem financ\u00ed. Nikdy se neb\u00e1l ve\u0159ejn\u011b prezentovat sv\u016fj n\u00e1zor. Ji\u017e ve sv\u00e9 ministersk\u00e9 pozici nap\u0159. nechal v m\u00e9di\u00edch zve\u0159ejnit inzer\u00e1t, kritizuj\u00edc\u00ed st\u00e1tn\u00ed rozpo\u010det, sestaven\u00fd p\u0159edchoz\u00ed vl\u00e1dou, a odkazuj\u00edc\u00ed na aktu\u00e1ln\u00ed dluhy ve\u0159ejn\u00fdch rozpo\u010dt\u016f \u010cR.<\/p>\n<p><strong>Radomil B\u00e1bek, st\u00ednov\u00fd ministr pr\u016fmyslu a obchodu<\/strong><\/p>\n<p>Pat\u0159\u00ed k\u00a0nejhlasit\u011bj\u0161\u00edm zast\u00e1nc\u016fm svobodn\u00e9ho podnik\u00e1n\u00ed, mal\u00fdch podnikatel\u016f a \u017eivnostn\u00edk\u016f. Je p\u0159esv\u011bd\u010den o tom, \u017ee firmy a jejich zam\u011bstnanci jsou motorem ekonomiky na\u0161\u00ed zem\u011b. Sou\u010dasn\u011b je spoluzakladatelem a p\u0159edsedou v\u00fdboru Podnikatelsk\u00fdch odbor\u016f, kter\u00e9 dnes sdru\u017euj\u00ed v\u00edce jak 15 tis\u00edc \u010dlen\u016f. V oblasti podnik\u00e1n\u00ed m\u00e1 bohat\u00e9 zku\u0161enosti. Vybudoval toti\u017e n\u011bkolik \u00fasp\u011b\u0161n\u00fdch firem a dosud \u0159\u00edd\u00ed vlastn\u00ed podnikatelskou skupinu. C\u00edlem Radomila B\u00e1bka je mimo jin\u00e9 p\u0159im\u011bt st\u00e1t k tomu, aby se choval k podnikatel\u016fm s \u00factou.<\/p>\n<p><strong>Miroslav Havrda st\u00ednov\u00fd ministr zdravotnictv\u00ed<\/strong><\/p>\n<p>Miroslav Havrda je zku\u0161en\u00fd l\u00e9ka\u0159 &#8211; odborn\u00edk na sportovn\u00ed medic\u00ednu, neurolog, n\u011bkdej\u0161\u00ed prezident a tajemn\u00edk Svazu soukrom\u00fdch l\u00e9ka\u0159\u016f a podnikatel\u016f ve zdravotnictv\u00ed a v neposledn\u00ed \u0159ad\u011b zakladatel oboru podiatrie v \u010cR, a tak\u00e9 \u010cesk\u00e9 podiatrick\u00e9 spole\u010dnosti. V\u011bnuje se po\u0159\u00e1d\u00e1n\u00ed odborn\u00fdch sympozi\u00ed, anga\u017euje se v oblasti vzd\u011bl\u00e1v\u00e1n\u00ed \u010di zdravotnick\u00e9ho servisu na nejr\u016fzn\u011bj\u0161\u00edch sportovn\u00edch akc\u00edch. Je autorem \u0159ady v\u011bdeck\u00fdch publikac\u00ed a dr\u017eitelem licenc\u00ed v oblastech: myoskelet\u00e1ln\u00ed medic\u00edna, akupunktura, homeopatie, sportovn\u00ed l\u00e9ka\u0159stv\u00ed, obezitologie a odvyk\u00e1n\u00ed kou\u0159en\u00ed.<\/p>\n<p><strong>V\u00e1clav Klaus ml., st\u00ednov\u00fd ministr \u0161kolstv\u00ed<\/strong><\/p>\n<p>Politik, poslanec, pedagog a b\u00fdval\u00fd \u0159editel soukrom\u00e9ho gymn\u00e1zia v\u017edy bojoval za sv\u00e9 n\u00e1zory. Otev\u0159en\u011b se postavil proti no\u0161en\u00ed muslimsk\u00fdch \u0161\u00e1tk\u016f ve \u0161kol\u00e1ch, usiloval o vy\u0161\u0161\u00ed platy pro u\u010ditele, v\u011bt\u0161\u00ed pravomoci pro \u0159editele \u0161kol a jednu \u00farove\u0148 st\u00e1tn\u00ed maturity. Stav\u00ed se proti inkluzi \u017e\u00e1k\u016f s t\u011b\u017ek\u00fdm ment\u00e1ln\u00edm posti\u017een\u00edm, odm\u00edt\u00e1 jednotn\u00e9 p\u0159ij\u00edmac\u00ed zkou\u0161ky na S\u0160 a lhostejn\u00e1 mu nen\u00ed ani \u0159ada dal\u0161\u00edch t\u00e9mat z oblasti \u0161kolstv\u00ed. Je tak\u00e9 propag\u00e1torem u\u010d\u0148ovsk\u00e9ho \u0161kolstv\u00ed, p\u0159i\u010dem\u017e pova\u017euje za kl\u00ed\u010dov\u00e9 zapojen\u00ed podnikatel\u016f a \u017eivnostn\u00edk\u016f do u\u010d\u0148ovsk\u00e9ho vzd\u011bl\u00e1v\u00e1n\u00ed.<\/p>\n<p><strong>Libor Luk\u00e1\u0161, st\u00ednov\u00fd ministr dopravy<\/strong><\/p>\n<p>Emeritn\u00ed hejtman Zl\u00ednsk\u00e9ho kraje, aktivn\u00ed \u010dlov\u011bk, kter\u00fd nedok\u00e1\u017ee sed\u011bt s rukama v kl\u00edn\u011b a nesn\u00e1\u0161\u00ed lhostejnost. P\u016fvodn\u00ed profes\u00ed je stava\u0159 se specializac\u00ed na dopravn\u00ed infrastrukturu. Pr\u00e1v\u011b stavb\u00e1m cest a zlep\u0161ov\u00e1n\u00ed situace v oblasti dopravn\u00ed infrastruktury zasv\u011btil zna\u010dnou \u010d\u00e1st \u017eivota. Libor Luk\u00e1\u0161 je sou\u010dasn\u011b zakladatelem a dlouholet\u00fdm p\u0159edsedou Sdru\u017een\u00ed pro rozvoj dopravn\u00ed infrastruktury na Morav\u011b. Aktivn\u011b napom\u00e1h\u00e1 s\u00a0prosazov\u00e1n\u00edm jednotliv\u00fdch d\u00e1lni\u010dn\u00edch staveb, podporuje vznik vysokorychlostn\u00ed \u017eeleznice u n\u00e1s a je protip\u00f3lem ekologick\u00fdch aktivist\u016f, kte\u0159\u00ed kv\u016fli fiktivn\u00edm z\u00e1mink\u00e1m soustavn\u011b blokuj\u00ed v\u00fdstavbu prioritn\u00edch d\u00e1lni\u010dn\u00edch tah\u016f v zemi.<\/p>\n<p><strong>David Bohbot, st\u00ednov\u00fd ministr vnitra<\/strong><\/p>\n<p>Bezpe\u010dnostn\u00ed expert, podnikatel s hlubok\u00fdmi znalostmi bezpe\u010dnostn\u00ed situace na St\u0159edn\u00edm v\u00fdchod\u011b a boje proti terorismu, aktivn\u00ed tren\u00e9r ozbrojen\u00e9ho i neozbrojen\u00e9ho boje zbl\u00edzka i st\u0159elby a v neposledn\u00ed \u0159ad\u011b profesion\u00e1l v oblasti bezpe\u010dnostn\u00ed osv\u011bty, kter\u00e9 se prost\u0159ednictv\u00edm semin\u00e1\u0159\u016f a kurz\u016f v\u011bnuje na \u010desk\u00fdch \u0161kol\u00e1ch. Zde nav\u00edc u\u010d\u00ed sebeobran\u011b u\u010ditele i \u017e\u00e1ky. Mimo vzd\u011bl\u00e1n\u00ed v oblasti managementu bezpe\u010dnosti a krizov\u00fdch situac\u00ed absolvoval v Izraeli a dal\u0161\u00edch zem\u00edch kurzy, zam\u011b\u0159en\u00e9 na bezpe\u010dnost obyvatel a boj proti terorismu.<\/p>\n<p><strong>Miroslav Kostelka, st\u00ednov\u00fd ministr obrany<\/strong><\/p>\n<p>Oblast obrany je mu bl\u00edzk\u00e1 a zaj\u00edm\u00e1 se o ni prakticky po cel\u00fd \u017eivot. Vystudoval toti\u017e vojenskou akademii, pozd\u011bji absolvoval NATO Defence College v \u0158\u00edm\u011b. Ji\u017e v roce 1974 za\u010dal p\u016fsobit v profesion\u00e1ln\u00ed arm\u00e1d\u011b. Stal se velitelem praporu, pozd\u011bji gener\u00e1lporu\u010d\u00edkem a z\u00e1stupcem n\u00e1\u010deln\u00edka Gener\u00e1ln\u00edho \u0161t\u00e1bu. Sv\u00e9 zku\u0161enosti ji\u017e d\u0159\u00edve z\u00faro\u010dil i ve sv\u00e9m politick\u00e9m p\u016fsoben\u00ed. V letech 2003 a\u017e 2004 byl ministrem obrany na\u0161\u00ed zem\u011b, pozd\u011bji pak velvyslancem \u010cR v Rusku.<\/p>\n<p><strong>Alfr\u00e9d \u0160r\u00e1mek, st\u00ednov\u00fd ministr spravedlnosti<\/strong><\/p>\n<p><strong>\u00a0<\/strong>Vl\u00e1da cestou finan\u010dn\u00ed spr\u00e1vy a trestn\u00ed justice dlouhodob\u011b zkou\u0161\u00ed, kam a\u017e m\u016f\u017ee zaj\u00edt, na co\u017e v\u00a0kone\u010dn\u00e9m d\u016fsledku dopl\u00e1cej\u00ed v\u0161ichni ob\u010dan\u00e9 a firmy. O tom je p\u0159esv\u011bd\u010den uzn\u00e1van\u00fd a zku\u0161en\u00fd advok\u00e1t Alfr\u00e9d \u0160r\u00e1mek, jeho\u017e jm\u00e9no se dostalo do pov\u011bdom\u00ed ve\u0159ejnosti p\u0159edev\u0161\u00edm v souvislosti se \u201ezaklek\u00e1v\u00e1n\u00edm\u201c podnikatel\u016f a obstavov\u00e1n\u00ed jejich majetku ze strany finan\u010dn\u00edch \u00fa\u0159ad\u016f. Ty prost\u0159ednictv\u00edm zaji\u0161\u0165ovac\u00edch p\u0159\u00edkaz\u016f a nez\u00e1konn\u00e9ho dom\u011b\u0159ov\u00e1n\u00ed dan\u00ed st\u00e1le bezd\u016fvodn\u011b a nez\u00e1konn\u011b likviduj\u00ed podnikatele. Alfr\u00e9d \u0160r\u00e1mek jako\u017eto advok\u00e1t jedn\u00e9 z posti\u017een\u00fdch firem (FAU) st\u00e1l u jej\u00edho v\u00edt\u011bzstv\u00ed, kdy soudy rozhodly o tom, \u017ee zaji\u0161\u0165ovac\u00ed p\u0159\u00edkazy, kter\u00e9 vedly k\u00a0ned\u016fvodn\u00e9 likvidaci firmy FAU, byly vyd\u00e1ny nez\u00e1konn\u011b. C\u00edlem Alfr\u00e9da \u0160r\u00e1mka je proto, podle jeho vlastn\u00edch slov, zm\u011bna, jej\u00edm\u017e v\u00fdsledkem bude vst\u0159\u00edcn\u00fd, odpov\u011bdn\u00fd a zejm\u00e9na p\u0159\u00edkladn\u00fd st\u00e1t, kdy \u017e\u00e1dnou z\u00a0uveden\u00fdch vlastnost\u00ed sou\u010dasn\u00fd st\u00e1t a jeho vl\u00e1da nenapl\u0148uje.<\/p>\n<p><strong>V\u00e1clav Kr\u00e1sa, st\u00ednov\u00fd ministr soci\u00e1ln\u00edch v\u011bc\u00ed<\/strong><\/p>\n<p>Jm\u00e9no V\u00e1clav Kr\u00e1sa je spojeno p\u0159edev\u0161\u00edm s N\u00e1rodn\u00ed radou osob se zdravotn\u00edm posti\u017een\u00edm \u010cR. Je toti\u017e jej\u00edm p\u0159edsedou, a to u\u017e od roku 2002. \u017divot zasv\u011btil p\u0159edev\u0161\u00edm\u00a0soci\u00e1ln\u00ed politice a\u00a0aktivn\u00edmu \u00fasil\u00ed o zlep\u0161en\u00ed kvality \u017eivota zdravotn\u011b posti\u017een\u00fdch osob zejm\u00e9na v oblasti dopravy, odstra\u0148ov\u00e1n\u00ed bari\u00e9r, zp\u0159\u00edstup\u0148ov\u00e1n\u00ed vzd\u011bl\u00e1vac\u00edch za\u0159\u00edzen\u00ed a p\u0159\u00edsp\u011bvk\u016f na p\u00e9\u010di. U\u017e v roce 1992 byl zvolen do \u010cNR a od roku 1993 byl poslancem\u00a0Poslaneck\u00e9 sn\u011bmovny kde\u00a0byl \u010dlenem V\u00fdboru peti\u010dn\u00edho a od roku 1993 do roku 2002 byl \u010dlenem V\u00fdboru pro soci\u00e1ln\u00ed politiku a zdravotnictv\u00ed (v letech 1996\u20131998 jeho m\u00edstop\u0159edsedou) M\u00e1 hlubok\u00e9 znalosti o soci\u00e1ln\u00ed politice ve v\u0161ech oblastech.<\/p>\n<p><strong>Petr Bajer, st\u00ednov\u00fd ministr \u017eivotn\u00edho prost\u0159ed\u00ed <\/strong><\/p>\n<p>Podnikatel a p\u0159edseda Soukromn\u00edk\u016f se v\u011bnuje oblasti \u017eivotn\u00edho prost\u0159ed\u00ed ji\u017e v\u00edce jak t\u0159icet let. Od konce osmdes\u00e1t\u00fdch let nejd\u0159\u00edve jako podnikov\u00fd ekolog, od devades\u00e1t\u00fdch let pak jako soukrom\u00fd podnikatel, p\u0159edev\u0161\u00edm v\u00a0oblasti odpadov\u00e9ho hospod\u00e1\u0159stv\u00ed. Ochranu \u017eivotn\u00edho prost\u0159ed\u00ed pova\u017euje za d\u016fle\u017eitou sou\u010d\u00e1st fungov\u00e1n\u00ed modern\u00ed spole\u010dnosti, ale z\u00e1rove\u0148 odm\u00edt\u00e1 v\u0161echny projevy ekologick\u00e9ho alarmismu \u010di p\u0159ehnan\u00e9ho aktivismu. Tak\u00e9 k\u00a0ekologii je t\u0159eba p\u0159istupovat se zdrav\u00fdm rozumem.<\/p>\n<p><strong>Petr \u0160t\u011bp\u00e1nek, st\u00ednov\u00fd ministr kultury<\/strong><\/p>\n<p>P\u0159esto\u017ee je p\u016fvodn\u00ed profes\u00ed pedagog, kultu\u0159e, p\u0159edev\u0161\u00edm hudb\u011b, se profesion\u00e1ln\u011b v\u011bnuje ji\u017e od 80. let. Je muzikant, zp\u011bv\u00e1k, skladatel a texta\u0159. V porevolu\u010dn\u00edm obdob\u00ed se za\u010dal v\u011bnovat tak\u00e9 novin\u00e1\u0159sk\u00e9 \u010dinnosti. Je spoluzakladatelem soukrom\u00e9ho TV vys\u00edl\u00e1n\u00ed, p\u016fsobil jako redaktor ve\u0159ejnopr\u00e1vn\u00ed televize. Pro ti\u0161t\u011bn\u00e1 a online periodika vytvo\u0159il stovky \u010dl\u00e1nk\u016f a koment\u00e1\u0159\u016f. Sou\u010dasn\u011b je autorem n\u011bkolika knih. Byl tak\u00e9 m\u00edstop\u0159edsedou Rady pro rozhlasov\u00e9 a televizn\u00ed vys\u00edl\u00e1n\u00ed. Byl spoluzakladatelem Ob\u010dansk\u00e9ho f\u00f3ra v Hradci Kr\u00e1lov\u00e9 a pozd\u011bji tiskov\u00fdm tajemn\u00edkem n\u011bkdej\u0161\u00edho p\u0159edsedy vl\u00e1dy, V\u00e1clava Klause.<\/p>\n<p><strong>Petr \u0160t\u011bp\u00e1nek, st\u00ednov\u00fd ministr kultury<\/strong><\/p>\n<p>P\u0159esto\u017ee je p\u016fvodn\u00ed profes\u00ed pedagog, kultu\u0159e, p\u0159edev\u0161\u00edm hudb\u011b, se profesion\u00e1ln\u011b v\u011bnuje ji\u017e od 80. let. Jako muzikant, zp\u011bv\u00e1k, skladatel, texta\u0159 \u010di producent m\u00e1 na kont\u011b dvacet alb. Dosud vydal dev\u011bt knih, ta des\u00e1t\u00e1 \u2013 Report\u00e1\u017e psan\u00e1 po poprav\u011b \u2013 vyjde na podzim. Napsal stovky \u010dl\u00e1nk\u016f, anal\u00fdz a politick\u00fdch koment\u00e1\u0159\u016f. Spoluzakl\u00e1dal soukrom\u00e9 TV vys\u00edl\u00e1n\u00ed, p\u016fsobil tak\u00e9 jako redaktor ve\u0159ejnopr\u00e1vn\u00ed televize. Byl m\u00edstop\u0159edsedou Rady pro rozhlasov\u00e9 a televizn\u00ed vys\u00edl\u00e1n\u00ed a \u010dlenem Rady \u010cT\u00da. V\u00a0Hradci Kr\u00e1lov\u00e9 spoluzakl\u00e1dal Ob\u010dansk\u00e9 f\u00f3rum, pozd\u011bji byl tiskov\u00fdm tajemn\u00edkem p\u0159edsedy vl\u00e1dy V\u00e1clava Klause.<\/p>\n<p>&nbsp;<\/p>\n<p><strong>Libor Vondr\u00e1\u010dek, st\u00ednov\u00fd ministr zahrani\u010d\u00ed<\/strong><\/p>\n<p>P\u0159edseda Svobodn\u00fdch, kter\u00fd ji\u017e v r\u00e1mci studia se zam\u011b\u0159il na \u00fastavn\u00ed pr\u00e1vo. Se svou diplomovou prac\u00ed dokonce zv\u00edt\u011bzil v sout\u011b\u017ei Cena F. L. Riegra, po\u0159\u00e1dan\u00e9 Parlamentn\u00edm institutem, oce\u0148uj\u00edc\u00ed pr\u00e1ce, rozv\u00edjej\u00edc\u00ed parlamentarismus. Je zast\u00e1ncem my\u0161lenky mal\u00e9ho st\u00e1tu s n\u00edzk\u00fdmi dan\u011bmi. Libor Vondr\u00e1\u010dek je kritikem Evropsk\u00e9 unie p\u0159edev\u0161\u00edm pro potla\u010dov\u00e1n\u00ed osobn\u00edch svobod. Tvrd\u00ed, \u017ee EU dotacemi a p\u0159ebujelou byrokraci\u00ed vytv\u00e1\u0159\u00ed prostor pro korupci a klientelismus, nav\u00edc poskytuje v\u00fdhody vyvolen\u00fdm. Proto navrhuje vystoupen\u00ed z Evropsk\u00e9 unie a p\u0159ijet\u00ed nab\u00eddky na vstup do EFTA (Evropsk\u00e9 sdru\u017een\u00ed voln\u00e9ho obchodu).<\/p>\n<p><strong>Martin Nejdl, st\u00ednov\u00fd ministr zem\u011bd\u011blstv\u00ed <\/strong><\/p>\n<p>Soukrom\u00fd zem\u011bd\u011blec Martin Nejdl se v\u011bnuje chovu plemenn\u00e9ho skotu na Klatovsku, kde \u201eod p\u00edky\u201c vybudoval \u00fasp\u011b\u0161nou farmu. Pr\u00e1v\u011b pohled a zku\u0161enosti mal\u00e9ho farm\u00e1\u0159e uplat\u0148uje p\u0159i formov\u00e1n\u00ed nutn\u00fdch zm\u011bn \u010desk\u00e9 zem\u011bd\u011blsk\u00e9 politiky, kter\u00e1 se mus\u00ed vr\u00e1tit ke skute\u010dn\u00e9 podpo\u0159e mal\u00fdch zem\u011bd\u011blc\u016f, rodinn\u00fdch farem a rozvoji na\u0161\u00ed potravinov\u00e9 nez\u00e1vislosti a kvality lok\u00e1ln\u00edch potravin.<\/p>\n<p><strong>Michal Dvoulet\u00fd, st\u00ednov\u00fd ministr pro m\u00edstn\u00ed rozvoj<\/strong><\/p>\n<p>Sv\u00e9 bohat\u00e9 zku\u0161enosti s\u00a0region\u00e1ln\u00edm rozvojem \u010derp\u00e1 nejen ze sv\u00e9ho p\u016fsoben\u00ed v\u00a0zastupitelstvu Uhersk\u00e9ho Hradi\u0161t\u011b i Zl\u00ednsk\u00e9ho kraje, ale tak\u00e9 ze spolupr\u00e1ce na \u0159ad\u011b priv\u00e1tn\u00edch investic p\u0159edev\u0161\u00edm v\u00a0oblasti cestovn\u00edho ruchu. Mimo to st\u00e1l u zrodu skanzenu Park Rochus, pod\u00edl\u00ed se na organizaci n\u011bkolika folklorn\u00edch slavnostn\u00ed i jin\u00fdch akc\u00ed a pod\u00edl\u00ed se na \u010dinnosti n\u011bkolika neziskov\u00fdch organizac\u00ed. A pr\u00e1v\u011b proto tvrd\u00ed, \u017ee ministerstvo pro m\u00edstn\u00ed rozvoj bude prvn\u00ed, kter\u00e9 Trikolora Svobodn\u00ed Soukromn\u00edci zru\u0161\u00ed.<\/p>\n<p><img decoding=\"async\" loading=\"lazy\" class=\"alignnone size-full wp-image-1185\" src=\"http:\/\/www.infokuryr.cz\/n\/wp-content\/uploads\/2021\/04\/kuryr-podpis.png\" alt=\"\" width=\"84\" height=\"24\" \/><\/p>\n<p>&nbsp;<\/p>\n","protected":false},"excerpt":{"rendered":"<p>Praha, st\u0159eda, 30. \u010dervna 2021 \u2013 Strana \u201eTrikolora Svobodn\u00ed Soukromn\u00edci\u201c dnes p\u0159edstavila st\u00ednovou vl\u00e1du, jej\u00edm\u017e&#8230;<\/p>\n","protected":false},"author":2,"featured_media":2970,"comment_status":"closed","ping_status":"closed","sticky":false,"template":"","format":"standard","meta":[],"categories":[6],"tags":[466,784,462,465],"_links":{"self":[{"href":"https:\/\/www.infokuryr.cz\/n\/wp-json\/wp\/v2\/posts\/2969"}],"collection":[{"href":"https:\/\/www.infokuryr.cz\/n\/wp-json\/wp\/v2\/posts"}],"about":[{"href":"https:\/\/www.infokuryr.cz\/n\/wp-json\/wp\/v2\/types\/post"}],"author":[{"embeddable":true,"href":"https:\/\/www.infokuryr.cz\/n\/wp-json\/wp\/v2\/users\/2"}],"replies":[{"embeddable":true,"href":"https:\/\/www.infokuryr.cz\/n\/wp-json\/wp\/v2\/comments?post=2969"}],"version-history":[{"count":0,"href":"https:\/\/www.infokuryr.cz\/n\/wp-json\/wp\/v2\/posts\/2969\/revisions"}],"wp:featuredmedia":[{"embeddable":true,"href":"https:\/\/www.infokuryr.cz\/n\/wp-json\/wp\/v2\/media\/2970"}],"wp:attachment":[{"href":"https:\/\/www.infokuryr.cz\/n\/wp-json\/wp\/v2\/media?parent=2969"}],"wp:term":[{"taxonomy":"category","embeddable":true,"href":"https:\/\/www.infokuryr.cz\/n\/wp-json\/wp\/v2\/categories?post=2969"},{"taxonomy":"post_tag","embeddable":true,"href":"https:\/\/www.infokuryr.cz\/n\/wp-json\/wp\/v2\/tags?post=2969"}],"curies":[{"name":"wp","href":"https:\/\/api.w.org\/{rel}","templated":true}]}}