{"id":29665,"date":"2023-06-08T00:59:15","date_gmt":"2023-06-07T22:59:15","guid":{"rendered":"http:\/\/www.infokuryr.cz\/n\/?p=29665"},"modified":"2023-06-07T16:19:56","modified_gmt":"2023-06-07T14:19:56","slug":"vlada-noveho-zelandu-zverejnila-navrh-na-vytvoreni-ministerstva-pravdy","status":"publish","type":"post","link":"https:\/\/www.infokuryr.cz\/n\/2023\/06\/08\/vlada-noveho-zelandu-zverejnila-navrh-na-vytvoreni-ministerstva-pravdy\/","title":{"rendered":"Vl\u00e1da Nov\u00e9ho Z\u00e9landu zve\u0159ejnila n\u00e1vrh na vytvo\u0159en\u00ed ministerstva pravdy"},"content":{"rendered":"<div id=\"fb-root\"><\/div>\n<div class=\"elementor-element elementor-element-1fb4c2c elementor-widget elementor-widget-theme-post-content\" data-id=\"1fb4c2c\" data-element_type=\"widget\" data-widget_type=\"theme-post-content.default\">\n<div class=\"elementor-widget-container\">\n<p><span style=\"font-size: 18pt;\"><strong>Ministerstvo vnitra Nov\u00e9ho Z\u00e9landu zve\u0159ejnilo konzulta\u010dn\u00ed dokument, kter\u00fd navrhuje zm\u011bny v postupech cenzury.\u00a0Vyst\u0159\u00edzliv\u011bl\u00fd koment\u00e1\u0159 od Unie svobodn\u00e9ho slova\u00a0si p\u0159e\u010dt\u011bte\u00a0<a href=\"https:\/\/www.fsu.nz\/dia_online_censorship_plan\" target=\"_blank\" rel=\"noreferrer noopener\" data-type=\"URL\" data-id=\"https:\/\/www.fsu.nz\/dia_online_censorship_plan\">ZDE<\/a><\/strong><\/span><\/p>\n<p><span>Mezi n\u00e1vrhy je jmenov\u00e1n\u00ed hlavn\u00edho regul\u00e1tora, kter\u00fd bude m\u00edt pravomoc rozhodnout, zda je online obsah \u2013 v\u010detn\u011b p\u0159\u00edsp\u011bvk\u016f na soci\u00e1ln\u00edch s\u00edt\u00edch \u2013 \u201e\u0161kodliv\u00fd\u201c.\u00a0Za t\u00edmto \u00fa\u010delem je zmocn\u011bna stanovit sv\u00e9 vlastn\u00ed \u201esm\u011brnice\u201c bez \u00fa\u010dasti Parlamentu.\u00a0N\u00e1vrhy tak\u00e9 zahrnuj\u00ed mo\u017enost pokutovat v\u00edce ne\u017e 200 000 NZ $ t\u011bm, kte\u0159\u00ed nevyhov\u00ed jeho p\u0159edstav\u00e1m.<\/span><\/p>\n<p><span style=\"font-size: 18pt;\"><strong>Co p\u0159esn\u011b nahrad\u00ed drakonick\u00e9 pravomoci regul\u00e1tora?<\/strong><\/span><\/p>\n<ul>\n<li><span>No, samoz\u0159ejm\u011b, \u017ee svoboda slova \u2013 pr\u00e1vo vyj\u00e1d\u0159it sv\u016fj n\u00e1zor \u2013 bude pry\u010d ze stolu.\u00a0Jin\u00fdmi slovy, norm\u00e1ln\u00ed diskurz je tlumen strachem ze sv\u00e9voln\u00e9ho trestu.<\/span><\/li>\n<li><span>To ru\u0161\u00ed Listinu pr\u00e1v, kter\u00e1 byla navr\u017eena tak, aby zaru\u010dovala na\u0161i svobodu my\u0161len\u00ed, sv\u011bdom\u00ed, projevu a n\u00e1bo\u017eenstv\u00ed.<\/span><\/li>\n<li><span>N\u00e1vrhy ohro\u017euj\u00ed pr\u00e1vo z\u016fstat nevinn\u00fdm, dokud nebude prok\u00e1z\u00e1na vina.\u00a0Jin\u00fdmi slovy, \u010dlov\u011bk, kter\u00e9ho jsme nikdy nepotkali, n\u00e1s m\u016f\u017ee shledat vinn\u00fdmi a uml\u010det n\u00e1s ve vzd\u00e1len\u00e9 kancel\u00e1\u0159i bez ohledu na okolnosti a pravdu.\u00a0Bude to pravidlo mal\u00e9 mysli.<\/span><\/li>\n<li><span>Nahrad\u00ed proces v\u011bdy a shroma\u017e\u010fov\u00e1n\u00ed d\u016fkaz\u016f rozmary neinformovan\u00e9ho n\u00e1zoru.<\/span><\/li>\n<li><span>Odebere n\u00e1m to pr\u00e1vo k\u0159\u00ed\u017eov\u011b vysl\u00fdchat na\u0161e \u017ealobce.<\/span><\/li>\n<li><span>Nahrad\u00ed pravidlo konkr\u00e9tn\u00edch z\u00e1kon\u016f p\u0159ijat\u00fdch volen\u00fdm parlamentem po \u0159\u00e1dn\u00e9 diskusi, kter\u00e9 p\u00edsemn\u011b stanov\u00ed meze chov\u00e1n\u00ed, sv\u00e9voln\u00fdmi rozhodnut\u00edmi jednotlivce podl\u00e9haj\u00edc\u00edho v\u0161em obvykl\u00fdm individu\u00e1ln\u00edm slabostem, v\u010detn\u011b zranitelnosti v\u016f\u010di vlivu, pen\u011bz\u016fm, moci. a myln\u00e9 p\u0159edstavy.<\/span><\/li>\n<\/ul>\n<p><span>To v\u0161e jsou principy, kter\u00e9 jsou z\u00e1kladem na\u0161eho zp\u016fsobu \u017eivota po stalet\u00ed.\u00a0Hroz\u00ed, \u017ee navrhovan\u00e1 cenzura n\u00e1s vr\u00e1t\u00ed do st\u0159edov\u011bku, kdy bylo mo\u017en\u00e9 zjistit, zda moudr\u00e1 bylink\u00e1\u0159ka ve vesnici byla \u010darod\u011bjnice, nebo ne, kdy\u017e se zeptali m\u00edstn\u00edho \u010darod\u011bje misogyn.<\/span><\/p>\n<p><span>Tento navrhovan\u00fd z\u00e1kon m\u00e1 v\u0161echny znaky parlamentu, kter\u00fd m\u00e1 v \u00famyslu roz\u0161\u00ed\u0159it sv\u00e9 pravomoci, udr\u017eet si v\u011bt\u0161inu, chr\u00e1nit se p\u0159ed kritikou a izolovat se od oby\u010dejn\u00fdch lid\u00ed.\u00a0Parlament, kter\u00fd \u017ealostn\u011b nedok\u00e1zal dr\u017eet krok s vyd\u00e1v\u00e1n\u00edm v\u011bdeck\u00fdch d\u016fkaz\u016f, m\u00edsto toho trv\u00e1 na politice slogan\u016f pod veden\u00edm v\u016fdce, kter\u00fd se sna\u017e\u00ed definovat biologickou \u017eenu.<\/span><\/p>\n<p class=\"has-medium-font-size\"><span style=\"font-size: 18pt;\"><strong>Kde se tedy toto \u0161\u00edlenstv\u00ed bere?<\/strong><\/span><\/p>\n<p><span>Za posledn\u00edch sto let neuniklo bystr\u00fdm spole\u010densk\u00fdm koment\u00e1tor\u016fm, \u017ee lidstvo bude podl\u00e9hat nel\u00edtostn\u00e9 moci a bezejmenn\u00e9 technologii.\u00a0Mezi vizion\u00e1\u0159e pat\u0159\u00ed filmov\u00fd re\u017eis\u00e9r Fritz Lang, spisovatel\u00e9 Franz Kafka, Aldous Huxley, George Orwell a mnoho dal\u0161\u00edch.\u00a0Frank Herbert ve sv\u00e9 knize Duna z roku 1965 napsal:<\/span><\/p>\n<p><span>\u201eLid\u00e9 p\u0159enechali sv\u00e9 my\u0161len\u00ed stroj\u016fm v nad\u011bji, \u017ee je to osvobod\u00ed.\u00a0Ale to umo\u017enilo pouze mu\u017e\u016fm se stroji, aby je zotro\u010dili.\u201c<\/span><\/p>\n<p><span>V prequelu k fiktivn\u00edmu sv\u011btu Duny vedla technologie \u0159\u00edzen\u00e1 v\u00e1lka k revoluci a vytvo\u0159en\u00ed nov\u00e9 generace \u0161kol, kter\u00e9 prosperovaly z lidsk\u00e9ho ducha.\u00a0Pro dne\u0161ek se z toho m\u016f\u017eeme hodn\u011b nau\u010dit.\u00a0Roz\u0161\u00ed\u0159en\u00e9 pou\u017e\u00edv\u00e1n\u00ed po\u010d\u00edta\u010d\u016f ve \u0161kol\u00e1ch a podnic\u00edch vychovalo celou populaci, aby p\u0159ijala slovo po\u010d\u00edta\u010d\u016f ovl\u00e1dan\u00fdch neviditeln\u00fdma rukama s pochybn\u00fdmi motivy.<\/span><\/p>\n<p class=\"has-medium-font-size\"><span style=\"font-size: 18pt;\"><strong>Ani ty nejsofistikovan\u011bj\u0161\u00ed po\u010d\u00edta\u010de nedok\u00e1\u017eou rozeznat spr\u00e1vn\u00e9 od \u0161patn\u00e9ho<\/strong><\/span><\/p>\n<p><span>V\u0161ichni jsme se sm\u00e1li televizn\u00ed parodii Little Britain The Computer Says No, ani\u017e bychom si uv\u011bdomovali, jak hluboko autorita po\u010d\u00edta\u010d\u016f pronikla do na\u0161eho ka\u017edodenn\u00edho \u017eivota.<\/span><\/p>\n<p><span>Vzd\u011bl\u00e1v\u00e1n\u00ed bylo v\u017edy procesem, kter\u00fd prob\u00edh\u00e1 od \u010dlov\u011bka k \u010dlov\u011bku a ve kter\u00e9m m\u016f\u017eete kl\u00e1st ot\u00e1zky.\u00a0V\u0161ichni si pamatujeme na jednoho u\u010ditele, kter\u00fd rezonoval v\u00edce ne\u017e ostatn\u00ed.\u00a0Nahrazen\u00ed mnoha funkc\u00ed u\u010ditel\u016f po\u010d\u00edta\u010di ochudilo \u0161kolstv\u00ed.\u00a0Jsme vycvi\u010deni p\u0159ij\u00edmat a u\u010dit se zapamatovan\u00e9 odpov\u011bdi.\u00a0Nau\u010dila n\u00e1s, \u017ee se v\u017edy m\u00fdl\u00edme, kdy\u017e nesouhlas\u00edme s ofici\u00e1ln\u00ed odpov\u011bd\u00ed.<\/span><\/p>\n<p><span>V\u00fdchovn\u00fd proces se z\u00e1sadn\u011b odch\u00fdlil od b\u011b\u017en\u00e9ho my\u0161lenkov\u00e9ho procesu.\u00a0Po\u010d\u00edta\u010de maj\u00ed d\u016fle\u017eit\u00e1 omezen\u00ed.\u00a0Jsou zalo\u017eeny na bin\u00e1rn\u00ed architektu\u0159e \u2013 ano nebo ne, spr\u00e1vn\u011b nebo \u0161patn\u011b.\u00a0Lidsk\u00e9 my\u0161len\u00ed umo\u017e\u0148uje nuancovanou st\u0159edn\u00ed cestu, po\u010d\u00edta\u010de to maj\u00ed t\u011b\u017ek\u00e9.<\/span><\/p>\n<p><span>Ve skute\u010dnosti se skute\u010dn\u00e9 fyzik\u00e1ln\u00ed procesy vyv\u00edjej\u00ed v\u0161emi mo\u017en\u00fdmi zp\u016fsoby ve virtu\u00e1ln\u00edm abstraktn\u00edm Hilbertov\u011b prostoru.\u00a0Fyzik\u00e1ln\u00ed z\u00e1kon, kter\u00fd neust\u00e1le po\u010d\u00edt\u00e1 cestu nejmen\u0161\u00edho z\u00e1sahu, je schopen zv\u00e1\u017eit n\u011bkolik mo\u017enost\u00ed a odlo\u017eit jak\u00e9koli rozhodnut\u00ed ovliv\u0148uj\u00edc\u00ed nadch\u00e1zej\u00edc\u00ed ud\u00e1lost na posledn\u00ed mo\u017enou chv\u00edli.\u00a0P\u0159\u00edroda mysl\u00ed jako my \u2013 zkoum\u00e1, ne\u017e se rozhodne, pamatuje si minulost, zva\u017euje nezvratn\u00e9 pravdy a um\u00ed tvo\u0159it.\u00a0Takto p\u016fvodn\u011b nem\u016f\u017ee uva\u017eovat \u017e\u00e1dn\u00fd po\u010d\u00edta\u010d, je \u0159\u00edzen vstupy a je limitov\u00e1n svou bin\u00e1rn\u00ed strukturou.<\/span><\/p>\n<p><span>Po\u010d\u00edta\u010de lze ve skute\u010dnosti vycvi\u010dit ke lhan\u00ed a dnes se to d\u011bje v\u0161ude kolem n\u00e1s.\u00a0Pr\u00e1vn\u00edk v newyorsk\u00e9 pr\u00e1vnick\u00e9 firm\u011b p\u0159iznal, \u017ee pou\u017e\u00edval ChatGPT k nalezen\u00ed relevantn\u00edch p\u0159edchoz\u00edch soudn\u00edch rozhodnut\u00ed podporuj\u00edc\u00edch jeho p\u0159\u00edpad.\u00a0Soud shledal, \u017ee se jedn\u00e1 o pad\u011blky, n\u00e1padit\u00e9 v\u00fdtvory um\u011bl\u00e9 inteligence naprogramovan\u00e9 k pot\u011b\u0161en\u00ed.<\/span><\/p>\n<p class=\"has-medium-font-size\"><span style=\"font-size: 18pt;\"><strong>Regulace je ji\u017e v rukou zmanipulovan\u00fdch po\u010d\u00edta\u010d\u016f<\/strong><\/span><\/p>\n<p><span>Jak\u00fdkoli regul\u00e1tor, kter\u00fd m\u00e1 v dne\u0161n\u00ed dob\u011b za \u00fakol rozhodovat o tom, co je spr\u00e1vn\u00e9 a co \u0161patn\u00e9, se nakonec bude spol\u00e9hat na rady po\u010d\u00edta\u010d\u016f naprogramovan\u00fdch, jak navrhoval Frank Herbert, lidmi se z\u00e1m\u011brem zotro\u010dit sv\u011bt.\u00a0Vl\u00e1dn\u00ed agentury jsou integrov\u00e1ny do mezin\u00e1rodn\u00edch s\u00edt\u00ed a datab\u00e1z\u00ed, kter\u00e9 poskytuj\u00ed hotov\u00fd obsah, n\u00e1zory a rozhodnut\u00ed.\u00a0S\u00edt\u011b financovan\u00e9 megakorporacemi nebo politick\u00fdmi velmocemi s pochybn\u00fdmi motivy, veden\u00e9 ziskem a mimozemskou ideologi\u00ed.<\/span><\/p>\n<p><span>Pod\u00edvan\u00e1 na ministra spravedlnosti Kiriho Allana, kter\u00fd tento t\u00fdden p\u0159ednesl fale\u0161n\u00fd projev k p\u0159ikyvuj\u00edc\u00edmu parlamentu, mluv\u00ed za v\u0161e.\u00a0M\u011bla p\u0159edn\u00e9st projev na podporu t\u0159et\u00edho \u010dten\u00ed z\u00e1kona o svobod\u011b kempov\u00e1n\u00ed, ale m\u00edsto toho p\u0159e\u010detla z projevu na podporu druh\u00e9ho \u010dten\u00ed z\u00e1kona o autonomn\u00edch vozidlech.\u00a0Chybu si v\u0161imli pouze dva opozi\u010dn\u00ed zastupitel\u00e9.\u00a0Ministr Allan si toho nev\u0161iml.\u00a0Jej\u00ed omluva pro NZ Herald zn\u011bla: &#8222;Byla mi p\u0159ed\u00e1na \u0161patn\u00e1 \u0159e\u010d.&#8220;<\/span><\/p>\n<p><span>Nen\u00ed p\u0159\u00edli\u0161 p\u0159ita\u017een\u00e9 za vlasy uv\u011bdomit si, \u017ee novoz\u00e9landsk\u00e9mu parlamentu byla p\u0159ed\u00e1na polovi\u010dat\u00e1 politika, kter\u00e1 zemi p\u0159ivedla k ekonomick\u00e9mu krachu, soci\u00e1ln\u00ed polarizaci a rekordn\u00edm hospitalizac\u00edm a nadm\u011brn\u00e9mu po\u010dtu \u00famrt\u00ed.<\/span><\/p>\n<p><span>Minul\u00fd t\u00fdden zve\u0159ejnila Sv\u011btov\u00e1 zdravotnick\u00e1 organizace (&#8222;WHO&#8220;) v\u011bdeckou pr\u00e1ci varuj\u00edc\u00ed, \u017ee vakc\u00edny proti Covidu mohou hr\u00e1t roli v rozvoji roztrou\u0161en\u00e9 skler\u00f3zy (celou zpr\u00e1vu \u010dt\u011bte ZDE\u00a0<\/span><a href=\"https:\/\/www.youtube.com\/watch?v=I9S2jooTxkQ\" target=\"_blank\" rel=\"noreferrer noopener\" data-type=\"URL\" data-id=\"https:\/\/www.youtube.com\/watch?v=I9S2jooTxkQ\"><span>)<\/span><\/a><span>\u00a0.\u00a0Toto poch\u00e1z\u00ed od WHO, jedn\u00e9 z organizac\u00ed na sv\u011bt\u011b nejv\u00edce vst\u0159\u00edcn\u00fdch k o\u010dkov\u00e1n\u00ed, a p\u0159esto po\u010d\u00edta\u010dov\u00ed ov\u011b\u0159ovatel\u00e9 fakt\u016f okam\u017eit\u011b zak\u0159i\u010deli \u201e\u0161patn\u011b\u201c \u2013 byli naprogramov\u00e1ni tak, aby pop\u0159eli jak\u00e9koli pochybnosti o bezpe\u010dnosti vakc\u00edn proti Covidu.<\/span><\/p>\n<p><span>Toto je druh programovateln\u00e9ho sv\u011bta, ve kter\u00e9m se politici c\u00edt\u00ed dob\u0159e.\u00a0Sv\u011bt, kde jsou n\u00e1zory regulov\u00e1ny a nepohodln\u00e9 pravdy jsou podle libosti vymaz\u00e1v\u00e1ny.\u00a0Kniha Timothyho Snydera O tyranii to skv\u011ble vyjad\u0159uje:<\/span><\/p>\n<p><em><strong>T\u00edm, \u017ee se vzd\u00e1te fakt\u016f, se vzd\u00e1te svobody.\u00a0Pokud neexistuje \u017e\u00e1dn\u00e1 objektivn\u00ed pravda, nikdo nem\u016f\u017ee kritizovat moc, proto\u017ee pro ni nen\u00ed \u017e\u00e1dn\u00fd z\u00e1klad.\u00a0Kdy\u017e je v\u0161echno jen pod\u00edvan\u00e1 a nic nen\u00ed pravda, nakonec vyhraj\u00ed pen\u00edze, kter\u00e9 dok\u00e1\u017eou financovat ty nejk\u0159iklav\u011bj\u0161\u00ed inscenace.<\/strong><\/em><\/p>\n<p><span>Nebezpe\u010d\u00ed nejsou mal\u00e1, napsal p\u0159esn\u011b p\u0159ed 200 lety Heinrich Heine ve sv\u00e9 knize In der Fremde:<\/span><\/p>\n<p><strong><em>Tam, kde p\u00e1lili knihy, nakonec sp\u00e1l\u00ed i lidi.<\/em><\/strong><\/p>\n<p><span>Parlament chce nyn\u00ed uz\u00e1konit kontrolu hlasu Nov\u00e9ho Z\u00e9landu, na\u0161eho hlasu.\u00a0Stisknete tla\u010d\u00edtko ztlumen\u00ed.\u00a0Kam to nakonec povede a kde v\u0161ichni z\u016fstaneme, bude bezpochyby pust\u00e1 krajina.<\/span><\/p>\n<p><span>Spojte se s\u00a0<\/span><a href=\"https:\/\/www.fsu.nz\/\" target=\"_blank\" rel=\"noreferrer noopener\" data-type=\"URL\" data-id=\"https:\/\/www.fsu.nz\/\"><span>Uni\u00ed svobodn\u00e9ho slova<\/span><\/a><span> a podpo\u0159te jejich nesouhlas s navrhovanou legislativou, kter\u00e1 by sv\u011b\u0159ovala\u00a0na\u0161e pr\u00e1vo myslet za sebe.<\/span><\/p>\n<p><strong><em>O autorovi<\/em><\/strong><\/p>\n<p><em><span><strong>Guy Hatchard, PhD<\/strong>, byl b\u00fdval\u00fd vedouc\u00ed pracovn\u00edk ve spole\u010dnosti Genetic ID, glob\u00e1ln\u00ed spole\u010dnosti pro testov\u00e1n\u00ed a bezpe\u010dnost potravin (nyn\u00ed zn\u00e1m\u00e1 jako FoodChain ID).\u00a0M\u016f\u017eete se p\u0159ihl\u00e1sit k odb\u011bru jeho webov\u00fdch str\u00e1nek\u00a0<\/span><a href=\"http:\/\/hatchardreport.com\/\" target=\"_blank\" rel=\"noreferrer noopener\" data-type=\"URL\" data-id=\"http:\/\/hatchardreport.com\/\"><span>HatchardReport.com<\/span><\/a><span>\u00a0a\u00a0<\/span><a href=\"https:\/\/globe.global\/about-globe\/\" target=\"_blank\" rel=\"noreferrer noopener\" data-type=\"URL\" data-id=\"https:\/\/globe.global\/about-globe\/\"><span>GLOBE.GLOBAL<\/span><\/a><span>\u00a0pro pravideln\u00e9 e-mailov\u00e9 aktualizace.\u00a0GLOBE.GLOBAL je web, kter\u00fd informuje o nebezpe\u010d\u00edch biotechnologi\u00ed.<\/span><\/em><\/p>\n<\/div>\n<\/div>\n<div class=\"elementor-element elementor-element-8c57238 quelle dc-has-condition dc-condition-empty elementor-widget elementor-widget-heading\" data-id=\"8c57238\" data-element_type=\"widget\" data-widget_type=\"heading.default\">\n<div class=\"elementor-widget-container\">\n<h3 class=\"elementor-heading-title elementor-size-default\"><span style=\"font-size: 8pt;\"><a href=\"https:\/\/expose-news.com\/2023\/06\/04\/new-zealand-government-set-up-ministry-of-truth\/\" target=\"_blank\" rel=\"nofollow noopener\">ZDROJ<\/a><\/span><\/h3>\n<\/div>\n<\/div>\n","protected":false},"excerpt":{"rendered":"<p>Ministerstvo vnitra Nov\u00e9ho Z\u00e9landu zve\u0159ejnilo konzulta\u010dn\u00ed dokument, kter\u00fd navrhuje zm\u011bny v postupech cenzury.\u00a0Vyst\u0159\u00edzliv\u011bl\u00fd koment\u00e1\u0159 od&#8230;<\/p>\n","protected":false},"author":2,"featured_media":29666,"comment_status":"closed","ping_status":"closed","sticky":false,"template":"","format":"standard","meta":[],"categories":[7],"tags":[5167,302,553,48],"_links":{"self":[{"href":"https:\/\/www.infokuryr.cz\/n\/wp-json\/wp\/v2\/posts\/29665"}],"collection":[{"href":"https:\/\/www.infokuryr.cz\/n\/wp-json\/wp\/v2\/posts"}],"about":[{"href":"https:\/\/www.infokuryr.cz\/n\/wp-json\/wp\/v2\/types\/post"}],"author":[{"embeddable":true,"href":"https:\/\/www.infokuryr.cz\/n\/wp-json\/wp\/v2\/users\/2"}],"replies":[{"embeddable":true,"href":"https:\/\/www.infokuryr.cz\/n\/wp-json\/wp\/v2\/comments?post=29665"}],"version-history":[{"count":0,"href":"https:\/\/www.infokuryr.cz\/n\/wp-json\/wp\/v2\/posts\/29665\/revisions"}],"wp:featuredmedia":[{"embeddable":true,"href":"https:\/\/www.infokuryr.cz\/n\/wp-json\/wp\/v2\/media\/29666"}],"wp:attachment":[{"href":"https:\/\/www.infokuryr.cz\/n\/wp-json\/wp\/v2\/media?parent=29665"}],"wp:term":[{"taxonomy":"category","embeddable":true,"href":"https:\/\/www.infokuryr.cz\/n\/wp-json\/wp\/v2\/categories?post=29665"},{"taxonomy":"post_tag","embeddable":true,"href":"https:\/\/www.infokuryr.cz\/n\/wp-json\/wp\/v2\/tags?post=29665"}],"curies":[{"name":"wp","href":"https:\/\/api.w.org\/{rel}","templated":true}]}}