{"id":29654,"date":"2023-06-07T07:17:19","date_gmt":"2023-06-07T05:17:19","guid":{"rendered":"http:\/\/www.infokuryr.cz\/n\/?p=29654"},"modified":"2023-06-07T07:47:17","modified_gmt":"2023-06-07T05:47:17","slug":"eu-dochazeji-penize","status":"publish","type":"post","link":"https:\/\/www.infokuryr.cz\/n\/2023\/06\/07\/eu-dochazeji-penize\/","title":{"rendered":"EU doch\u00e1zej\u00ed pen\u00edze"},"content":{"rendered":"<div id=\"fb-root\"><\/div>\n<p><span style=\"font-size: 18pt;\"><strong>Blok nem\u00e1 kapacitu financovat\u00a0 nov\u00e9 d\u016fle\u017eit\u00e9 iniciativy, ani\u017e by se omezil na z\u00e1sadn\u00ed projekty<\/strong><\/span><\/p>\n<p><span>Vy\u0161\u0161\u00ed \u00farokov\u00e9 sazby zv\u00fd\u0161ily tlak na dlouhodob\u00fd rozpo\u010det EU, ji\u017e stla\u010den\u00fd mnoha krizemi, v\u010detn\u011b konfliktu na Ukrajin\u011b, migrace a nedostatk\u016f energie, uvedl v pond\u011bl\u00ed list Handelsblatt.<\/span><\/p>\n<p><span>V d\u016fsledku pandemie tyto probl\u00e9my p\u0159et\u011b\u017euj\u00ed finan\u010dn\u00ed zdroje EU, napsal n\u011bmeck\u00fd port\u00e1l.\u00a0Rozpo\u010dtov\u00e9 rezervy jsou\u00a0<\/span><em><span>\u201eprakticky vy\u010derp\u00e1ny\u201c,<\/span><\/em><span>\u00a0uv\u00e1d\u00ed \u010dl\u00e1nek, zat\u00edmco v\u00fdzvy rostou a akceschopnost Bruselu se zmen\u0161uje.<\/span><\/p>\n<p><span>Zpr\u00e1va p\u0159ich\u00e1z\u00ed p\u0159ed reviz\u00ed rozpo\u010dtu EU na rok 2024 a tak\u00e9 takzvan\u00e9ho v\u00edcelet\u00e9ho finan\u010dn\u00edho r\u00e1mce (VFR) na roky 2021\u20132027.<\/span><\/p>\n<p><span>Ochota \u010dlensk\u00fdch zem\u00ed EU hradit n\u00e1klady jednotn\u00e9ho rozpo\u010dtu je podle listu n\u00edzk\u00e1, zejm\u00e9na v N\u011bmecku, kter\u00e9 je nejv\u00fdznamn\u011bj\u0161\u00edm \u010dist\u00fdm p\u0159isp\u011bvatelem do unie.\u00a0To v\u0161e by mohlo podkopat schopnost EU financovat sv\u00e9 priority nebo reagovat na nep\u0159edv\u00eddan\u00e9 ud\u00e1losti a ohrozit st\u011b\u017eejn\u00ed programy, varuje port\u00e1l.<\/span><\/p>\n<p><span>Zpr\u00e1va pouk\u00e1zala na to, \u017ee blok m\u00e1 mnoho povinn\u00fdch v\u00fddaj\u016f, co\u017e mu zb\u00fdv\u00e1 m\u00e9n\u011b ne\u017e 30 miliard EUR (32 miliard USD) ro\u010dn\u011b na podporu Ukrajiny, urychlen\u00ed energetick\u00e9 transformace, pos\u00edlen\u00ed pr\u016fmyslu \u010dip\u016f, zv\u00fd\u0161en\u00ed dom\u00e1c\u00ed v\u00fdroby \u010dist\u00fdch technologi\u00ed, otev\u0159\u00edt nov\u00e9 zdroje surovin a postavit se \u010d\u00ednsk\u00e9 iniciativ\u011b Hedv\u00e1bn\u00e1 stezka.<\/span><\/p>\n<p><span>Omezen\u00e1 na rigidn\u00ed mandatorn\u00ed v\u00fddaje\u00a0<\/span><em><span>\u201ese EU nem\u016f\u017ee st\u00e1t geopolitickou velmoc\u00ed,\u201c<\/span><\/em><span>\u00a0uzav\u0159el Handelsblatt s t\u00edm, \u017ee se sou\u010dasnou rozpo\u010dtovou strukturou ekonomick\u00fd blok nezvl\u00e1d\u00e1 sv\u00e9 v\u00fdzvy.<\/span><\/p>\n<p><img decoding=\"async\" loading=\"lazy\" class=\"alignnone size-full wp-image-1185\" src=\"http:\/\/www.infokuryr.cz\/n\/wp-content\/uploads\/2021\/04\/kuryr-podpis.png\" alt=\"\" width=\"84\" height=\"24\" \/><\/p>\n<p>&nbsp;<\/p>\n<p>&nbsp;<\/p>\n<p><img decoding=\"async\" loading=\"lazy\" class=\"wp-image-19187 aligncenter\" src=\"http:\/\/www.infokuryr.cz\/n\/wp-content\/uploads\/2022\/12\/1-PRO-300x36.jpg\" alt=\"\" width=\"1300\" height=\"156\" srcset=\"https:\/\/www.infokuryr.cz\/n\/wp-content\/uploads\/2022\/12\/1-PRO-300x36.jpg 300w, https:\/\/www.infokuryr.cz\/n\/wp-content\/uploads\/2022\/12\/1-PRO.jpg 699w\" sizes=\"(max-width: 1300px) 100vw, 1300px\" \/><\/p>\n<p>&nbsp;<\/p>\n<p>&nbsp;<\/p>\n<p>&nbsp;<\/p>\n","protected":false},"excerpt":{"rendered":"<p>Blok nem\u00e1 kapacitu financovat\u00a0 nov\u00e9 d\u016fle\u017eit\u00e9 iniciativy, ani\u017e by se omezil na z\u00e1sadn\u00ed projekty Vy\u0161\u0161\u00ed&#8230;<\/p>\n","protected":false},"author":2,"featured_media":19151,"comment_status":"closed","ping_status":"closed","sticky":false,"template":"","format":"standard","meta":[],"categories":[7],"tags":[41,371,90,5163],"_links":{"self":[{"href":"https:\/\/www.infokuryr.cz\/n\/wp-json\/wp\/v2\/posts\/29654"}],"collection":[{"href":"https:\/\/www.infokuryr.cz\/n\/wp-json\/wp\/v2\/posts"}],"about":[{"href":"https:\/\/www.infokuryr.cz\/n\/wp-json\/wp\/v2\/types\/post"}],"author":[{"embeddable":true,"href":"https:\/\/www.infokuryr.cz\/n\/wp-json\/wp\/v2\/users\/2"}],"replies":[{"embeddable":true,"href":"https:\/\/www.infokuryr.cz\/n\/wp-json\/wp\/v2\/comments?post=29654"}],"version-history":[{"count":0,"href":"https:\/\/www.infokuryr.cz\/n\/wp-json\/wp\/v2\/posts\/29654\/revisions"}],"wp:featuredmedia":[{"embeddable":true,"href":"https:\/\/www.infokuryr.cz\/n\/wp-json\/wp\/v2\/media\/19151"}],"wp:attachment":[{"href":"https:\/\/www.infokuryr.cz\/n\/wp-json\/wp\/v2\/media?parent=29654"}],"wp:term":[{"taxonomy":"category","embeddable":true,"href":"https:\/\/www.infokuryr.cz\/n\/wp-json\/wp\/v2\/categories?post=29654"},{"taxonomy":"post_tag","embeddable":true,"href":"https:\/\/www.infokuryr.cz\/n\/wp-json\/wp\/v2\/tags?post=29654"}],"curies":[{"name":"wp","href":"https:\/\/api.w.org\/{rel}","templated":true}]}}