{"id":2965,"date":"2021-06-30T08:18:01","date_gmt":"2021-06-30T06:18:01","guid":{"rendered":"http:\/\/www.infokuryr.cz\/n\/?p=2965"},"modified":"2021-06-30T08:18:01","modified_gmt":"2021-06-30T06:18:01","slug":"smutne-osudy-deti-ktere-dostaly-koronovou-vakcinu-spolecnosti-pfizer-jedno-z-nich-nyni-sedi-na-invalidnim-voziku-a-krmi-se-hadickou","status":"publish","type":"post","link":"https:\/\/www.infokuryr.cz\/n\/2021\/06\/30\/smutne-osudy-deti-ktere-dostaly-koronovou-vakcinu-spolecnosti-pfizer-jedno-z-nich-nyni-sedi-na-invalidnim-voziku-a-krmi-se-hadickou\/","title":{"rendered":"Smutn\u00e9 osudy d\u011bt\u00ed, kter\u00e9 dostaly koronovou vakc\u00ednu spole\u010dnosti Pfizer.\u00a0Jedno z nich nyn\u00ed sed\u00ed na invalidn\u00edm voz\u00edku a krm\u00ed se hadi\u010dkou"},"content":{"rendered":"<div id=\"fb-root\"><\/div>\n<div class=\"elementor-element elementor-element-6d7f1a6 elementor-widget elementor-widget-heading\" data-id=\"6d7f1a6\" data-element_type=\"widget\" data-widget_type=\"heading.default\">\n<div class=\"elementor-widget-container\">\n<h1 class=\"elementor-heading-title elementor-size-default\"><span style=\"font-size: 16px;\">Americk\u00fd sen\u00e1tor Ron Johnson uspo\u0159\u00e1dal v pond\u011bl\u00ed tiskovou konferenci s lidmi, kte\u0159\u00ed utrp\u011bli velmi z\u00e1va\u017en\u00e9 vedlej\u0161\u00ed \u00fa\u010dinky koronov\u00e9 vakc\u00edny. Tato skupina chce, aby lid\u00e9 sly\u0161eli jejich p\u0159\u00edb\u011bhy. Sen\u00e1tor distribuoval dokumenty t\u00fdkaj\u00edc\u00ed se tis\u00edc\u016f \u00famrt\u00ed a stovek tis\u00edc p\u0159\u00edpad\u016f ne\u017e\u00e1douc\u00edch \u00fa\u010dink\u016f po o\u010dkov\u00e1n\u00ed ve Spojen\u00fdch st\u00e1tech.<\/span><\/h1>\n<\/div>\n<\/div>\n<div class=\"elementor-element elementor-element-1fb4c2c elementor-widget elementor-widget-theme-post-content\" data-id=\"1fb4c2c\" data-element_type=\"widget\" data-widget_type=\"theme-post-content.default\">\n<div class=\"elementor-widget-container\">\n<p><span>Candace Hayden je jednou ze \u0161esti ob\u011bt\u00ed, kter\u00e9 vypr\u00e1v\u011bly sv\u016fj p\u0159\u00edb\u011bh na tiskov\u00e9 konferenci v Milwaukee.\u00a0\u201eChceme, aby n\u00e1s sly\u0161eli a v\u011b\u0159ili,\u201c \u0159ekl Hayden, kter\u00fd byl po o\u010dkov\u00e1n\u00ed paralyzov\u00e1n z hrudn\u00edku dol\u016f a m\u011bl parest\u00e9zii, co\u017e je senzorick\u00e1 porucha.<\/span><\/p>\n<div class=\"twitter-tweet twitter-tweet-rendered\"><iframe id=\"twitter-widget-0\" class=\"\" title=\"Twitter Tweet\" src=\"https:\/\/platform.twitter.com\/embed\/Tweet.html?dnt=false&amp;embedId=twitter-widget-0&amp;features=eyJ0ZndfZXhwZXJpbWVudHNfY29va2llX2V4cGlyYXRpb24iOnsiYnVja2V0IjoxMjA5NjAwLCJ2ZXJzaW9uIjpudWxsfSwidGZ3X2hvcml6b25fdHdlZXRfZW1iZWRfOTU1NSI6eyJidWNrZXQiOiJodGUiLCJ2ZXJzaW9uIjpudWxsfSwidGZ3X3R3ZWV0X2VtYmVkX2NsaWNrYWJpbGl0eV8xMjEwMiI6eyJidWNrZXQiOiJjb250cm9sIiwidmVyc2lvbiI6bnVsbH19&amp;frame=false&amp;hideCard=false&amp;hideThread=false&amp;id=1409651550411235328&amp;lang=cs&amp;origin=https%3A%2F%2Funcutnews.ch%2Ftraurige-schicksale-von-kindern-die-den-corona-impfstoff-von-pfizer-erhalten-haben-eins-davon-sitzt-nun-im-rollstuhl-und-wird-ueber-eine-sonde-ernaehrt%2F&amp;sessionId=2fb0cd8b03e05305023b20a1e9aa15b81f46ac61&amp;theme=light&amp;widgetsVersion=82e1070%3A1619632193066&amp;width=550px\" frameborder=\"0\" scrolling=\"no\" allowfullscreen=\"allowfullscreen\" data-tweet-id=\"1409651550411235328\" data-mce-fragment=\"1\"><\/iframe><\/div>\n<p><span>Jin\u00ed se nemohli h\u00fdbat nebo m\u011bli siln\u00e9 bolesti.\u00a0\u201eU\u017e jsem nem\u011bl kontrolu nad sv\u00fdmi nohama a mo\u010dov\u00fdm m\u011bch\u00fd\u0159em,\u201c \u0159ekla Brianne Dressen.\u00a0\u201eMyslel jsem, \u017ee zem\u0159u, a po n\u011bkolika m\u011bs\u00edc\u00edch jsem cht\u011bl zem\u0159\u00edt.\u201c<\/span><\/p>\n<div class=\"twitter-tweet twitter-tweet-rendered\"><iframe id=\"twitter-widget-1\" class=\"\" title=\"Twitter Tweet\" src=\"https:\/\/platform.twitter.com\/embed\/Tweet.html?dnt=false&amp;embedId=twitter-widget-1&amp;features=eyJ0ZndfZXhwZXJpbWVudHNfY29va2llX2V4cGlyYXRpb24iOnsiYnVja2V0IjoxMjA5NjAwLCJ2ZXJzaW9uIjpudWxsfSwidGZ3X2hvcml6b25fdHdlZXRfZW1iZWRfOTU1NSI6eyJidWNrZXQiOiJodGUiLCJ2ZXJzaW9uIjpudWxsfSwidGZ3X3R3ZWV0X2VtYmVkX2NsaWNrYWJpbGl0eV8xMjEwMiI6eyJidWNrZXQiOiJjb250cm9sIiwidmVyc2lvbiI6bnVsbH19&amp;frame=false&amp;hideCard=false&amp;hideThread=false&amp;id=1409611752543764481&amp;lang=cs&amp;origin=https%3A%2F%2Funcutnews.ch%2Ftraurige-schicksale-von-kindern-die-den-corona-impfstoff-von-pfizer-erhalten-haben-eins-davon-sitzt-nun-im-rollstuhl-und-wird-ueber-eine-sonde-ernaehrt%2F&amp;sessionId=2fb0cd8b03e05305023b20a1e9aa15b81f46ac61&amp;theme=light&amp;widgetsVersion=82e1070%3A1619632193066&amp;width=550px\" frameborder=\"0\" scrolling=\"no\" allowfullscreen=\"allowfullscreen\" data-tweet-id=\"1409611752543764481\" data-mce-fragment=\"1\"><\/iframe><\/div>\n<p><span>&#8222;Vakc\u00ednu Moderna jsem dostal 14. ledna.&#8220;\u00a0N\u00e1sleduj\u00edc\u00edho r\u00e1na jsem se probudil s obrovsk\u00fdmi zdu\u0159en\u00fdmi lymfatick\u00fdmi uzlinami na krku, \u201c\u0159ekla Sheryl Ruetgers.<\/span><\/p>\n<p><span>Dent\u00e1ln\u00ed hygienistka Kristi Dobbs uvedla, \u017ee si po o\u010dkov\u00e1n\u00ed pot\u0159\u00e1sla rukama a nev\u00ed, jestli se n\u011bkdy vr\u00e1t\u00ed do pr\u00e1ce.\u00a0\u201eOb\u00e1v\u00e1m se, \u017ee m\u00e1m neurologickou poruchu, jako je Parkinsonova choroba,\u201c \u0159ekla.\u00a0Trp\u00ed tak\u00e9 bolestmi, parest\u00e9zi\u00ed a palpitacemi.<\/span><\/p>\n<div class=\"twitter-tweet twitter-tweet-rendered\"><iframe id=\"twitter-widget-2\" class=\"\" title=\"Twitter Tweet\" src=\"https:\/\/platform.twitter.com\/embed\/Tweet.html?dnt=false&amp;embedId=twitter-widget-2&amp;features=eyJ0ZndfZXhwZXJpbWVudHNfY29va2llX2V4cGlyYXRpb24iOnsiYnVja2V0IjoxMjA5NjAwLCJ2ZXJzaW9uIjpudWxsfSwidGZ3X2hvcml6b25fdHdlZXRfZW1iZWRfOTU1NSI6eyJidWNrZXQiOiJodGUiLCJ2ZXJzaW9uIjpudWxsfSwidGZ3X3R3ZWV0X2VtYmVkX2NsaWNrYWJpbGl0eV8xMjEwMiI6eyJidWNrZXQiOiJjb250cm9sIiwidmVyc2lvbiI6bnVsbH19&amp;frame=false&amp;hideCard=false&amp;hideThread=false&amp;id=1409692555508391942&amp;lang=cs&amp;origin=https%3A%2F%2Funcutnews.ch%2Ftraurige-schicksale-von-kindern-die-den-corona-impfstoff-von-pfizer-erhalten-haben-eins-davon-sitzt-nun-im-rollstuhl-und-wird-ueber-eine-sonde-ernaehrt%2F&amp;sessionId=2fb0cd8b03e05305023b20a1e9aa15b81f46ac61&amp;theme=light&amp;widgetsVersion=82e1070%3A1619632193066&amp;width=550px\" frameborder=\"0\" scrolling=\"no\" allowfullscreen=\"allowfullscreen\" data-tweet-id=\"1409692555508391942\" data-mce-fragment=\"1\"><\/iframe><\/div>\n<p><span>Moment byl dojemn\u00fd, kdy\u017e slovo dostala matka 12let\u00e9 Maddie de Garay.\u00a0Jej\u00ed dcera se loni \u00fa\u010dastnila v\u00fdzkumu vakc\u00edn spole\u010dnosti Pfizer.\u00a0Nyn\u00ed sed\u00ed na invalidn\u00edm voz\u00edku a krm\u00ed se hadi\u010dkou.\u00a0\u201eZa posledn\u00edch p\u011bt m\u011bs\u00edc\u016f Maddie skon\u010dila dev\u011btkr\u00e1t na pohotovosti, t\u0159ikr\u00e1t hospitalizov\u00e1na a str\u00e1vila dva m\u011bs\u00edce v nemocnici,\u201c \u0159ekla Stephanie de Garay.<\/span><\/p>\n<p><span>Po o\u010dkov\u00e1n\u00ed m\u011bla Maddie obrovskou bolest v b\u0159i\u0161e a na hrudi.\u00a0P\u0159ipadalo mi to, jako by \u201ej\u00ed srdce vyrvalo hrdlem.<\/span><\/p>\n<div class=\"twitter-tweet twitter-tweet-rendered\"><iframe id=\"twitter-widget-3\" class=\"\" title=\"Twitter Tweet\" src=\"https:\/\/platform.twitter.com\/embed\/Tweet.html?dnt=false&amp;embedId=twitter-widget-3&amp;features=eyJ0ZndfZXhwZXJpbWVudHNfY29va2llX2V4cGlyYXRpb24iOnsiYnVja2V0IjoxMjA5NjAwLCJ2ZXJzaW9uIjpudWxsfSwidGZ3X2hvcml6b25fdHdlZXRfZW1iZWRfOTU1NSI6eyJidWNrZXQiOiJodGUiLCJ2ZXJzaW9uIjpudWxsfSwidGZ3X3R3ZWV0X2VtYmVkX2NsaWNrYWJpbGl0eV8xMjEwMiI6eyJidWNrZXQiOiJjb250cm9sIiwidmVyc2lvbiI6bnVsbH19&amp;frame=false&amp;hideCard=false&amp;hideThread=false&amp;id=1409704740213166080&amp;lang=cs&amp;origin=https%3A%2F%2Funcutnews.ch%2Ftraurige-schicksale-von-kindern-die-den-corona-impfstoff-von-pfizer-erhalten-haben-eins-davon-sitzt-nun-im-rollstuhl-und-wird-ueber-eine-sonde-ernaehrt%2F&amp;sessionId=2fb0cd8b03e05305023b20a1e9aa15b81f46ac61&amp;theme=light&amp;widgetsVersion=82e1070%3A1619632193066&amp;width=550px\" frameborder=\"0\" scrolling=\"no\" allowfullscreen=\"allowfullscreen\" data-tweet-id=\"1409704740213166080\" data-mce-fragment=\"1\"><\/iframe><\/div>\n<\/div>\n<\/div>\n<div class=\"elementor-element elementor-element-46a8472 elementor-grid-mobile-1 elementor-grid-tablet-2 elementor-grid-3 elementor-posts--thumbnail-top elementor-widget elementor-widget-posts\" data-id=\"46a8472\" data-element_type=\"widget\" data-settings=\"{&quot;classic_row_gap&quot;:{&quot;unit&quot;:&quot;px&quot;,&quot;size&quot;:25,&quot;sizes&quot;:[]},&quot;classic_columns_mobile&quot;:&quot;1&quot;,&quot;classic_columns_tablet&quot;:&quot;2&quot;,&quot;classic_columns&quot;:&quot;3&quot;}\" data-widget_type=\"posts.classic\">\n<div class=\"elementor-widget-container\">\n<div class=\"elementor-posts-container elementor-posts elementor-posts--skin-classic elementor-grid elementor-has-item-ratio\">\n<article class=\"elementor-post elementor-grid-item post-322329 post type-post status-publish format-standard has-post-thumbnail hentry category-gesundheit\">\n<div class=\"elementor-post__thumbnail elementor-fit-height\"><\/div>\n<div class=\"elementor-post__text\"><\/div>\n<\/article>\n<article class=\"elementor-post elementor-grid-item post-322437 post type-post status-publish format-standard has-post-thumbnail hentry category-aktuelle-top-ten category-gesundheit\">\n<div class=\"elementor-post__text\">\n<div class=\"elementor-post__meta-data\"><img decoding=\"async\" loading=\"lazy\" class=\"alignnone size-full wp-image-1185\" src=\"http:\/\/www.infokuryr.cz\/n\/wp-content\/uploads\/2021\/04\/kuryr-podpis.png\" alt=\"\" width=\"84\" height=\"24\" \/><\/div>\n<\/div>\n<\/article>\n<article class=\"elementor-post elementor-grid-item post-322291 post type-post status-publish format-standard has-post-thumbnail hentry category-gesundheit\"><\/article>\n<\/div>\n<\/div>\n<\/div>\n","protected":false},"excerpt":{"rendered":"<p>Americk\u00fd sen\u00e1tor Ron Johnson uspo\u0159\u00e1dal v pond\u011bl\u00ed tiskovou konferenci s lidmi, kte\u0159\u00ed utrp\u011bli velmi z\u00e1va\u017en\u00e9&#8230;<\/p>\n","protected":false},"author":2,"featured_media":2709,"comment_status":"closed","ping_status":"closed","sticky":false,"template":"","format":"standard","meta":[],"categories":[7],"tags":[245,629,213,315,474,37,651],"_links":{"self":[{"href":"https:\/\/www.infokuryr.cz\/n\/wp-json\/wp\/v2\/posts\/2965"}],"collection":[{"href":"https:\/\/www.infokuryr.cz\/n\/wp-json\/wp\/v2\/posts"}],"about":[{"href":"https:\/\/www.infokuryr.cz\/n\/wp-json\/wp\/v2\/types\/post"}],"author":[{"embeddable":true,"href":"https:\/\/www.infokuryr.cz\/n\/wp-json\/wp\/v2\/users\/2"}],"replies":[{"embeddable":true,"href":"https:\/\/www.infokuryr.cz\/n\/wp-json\/wp\/v2\/comments?post=2965"}],"version-history":[{"count":0,"href":"https:\/\/www.infokuryr.cz\/n\/wp-json\/wp\/v2\/posts\/2965\/revisions"}],"wp:featuredmedia":[{"embeddable":true,"href":"https:\/\/www.infokuryr.cz\/n\/wp-json\/wp\/v2\/media\/2709"}],"wp:attachment":[{"href":"https:\/\/www.infokuryr.cz\/n\/wp-json\/wp\/v2\/media?parent=2965"}],"wp:term":[{"taxonomy":"category","embeddable":true,"href":"https:\/\/www.infokuryr.cz\/n\/wp-json\/wp\/v2\/categories?post=2965"},{"taxonomy":"post_tag","embeddable":true,"href":"https:\/\/www.infokuryr.cz\/n\/wp-json\/wp\/v2\/tags?post=2965"}],"curies":[{"name":"wp","href":"https:\/\/api.w.org\/{rel}","templated":true}]}}