{"id":29611,"date":"2023-06-07T01:16:09","date_gmt":"2023-06-06T23:16:09","guid":{"rendered":"http:\/\/www.infokuryr.cz\/n\/?p=29611"},"modified":"2023-06-06T18:51:21","modified_gmt":"2023-06-06T16:51:21","slug":"pronasledovani-krestanu-pokracuje-kyjevska-junta-naridila-mnichum-aby-opustili-ikonicky-klaster","status":"publish","type":"post","link":"https:\/\/www.infokuryr.cz\/n\/2023\/06\/07\/pronasledovani-krestanu-pokracuje-kyjevska-junta-naridila-mnichum-aby-opustili-ikonicky-klaster\/","title":{"rendered":"Pron\u00e1sledov\u00e1n\u00ed k\u0159es\u0165an\u016f pokra\u010duje: Kyjevsk\u00e1 junta na\u0159\u00eddila mnich\u016fm, aby opustili ikonick\u00fd kl\u00e1\u0161ter"},"content":{"rendered":"<div id=\"fb-root\"><\/div>\n<p><span style=\"font-size: 18pt;\"><strong>Ukrajinsk\u00e9 ministerstvo kultury dalo obyvatel\u016fm Pe\u010dersk\u00e9 l\u00e1vry t\u0159i dny na odchod<\/strong><\/span><\/p>\n<p><span>P\u0159ibli\u017en\u011b 200 mnich\u016f kanonick\u00e9 Ukrajinsk\u00e9 pravoslavn\u00e9 c\u00edrkve (UOC), kte\u0159\u00ed v sou\u010dasnosti s\u00eddl\u00ed v ikonick\u00e9m kl\u00e1\u0161te\u0159e Kyjevsko-pe\u010dersk\u00e1 l\u00e1vra, dostalo podle ozn\u00e1men\u00ed ukrajinsk\u00e9ho ministra kultury a informa\u010dn\u00ed <strong>politiky p\u0159\u00edkaz<\/strong> opustit prostory.<\/span><\/p>\n<p><span>Alexander Tka\u010denko v \u00fater\u00fd na sv\u00e9m kan\u00e1lu Telegram napsal, \u017ee zvl\u00e1\u0161tn\u00ed komise ministerstva dokon\u010dila pr\u00e1ce na ofici\u00e1ln\u00edm p\u0159evodu kl\u00e1\u0161tera, kter\u00fd ozna\u010dil za st\u00e1tn\u00ed majetek, do u\u017e\u00edv\u00e1n\u00ed Kyjevsko-pe\u010dersk\u00e9 historicko-kulturn\u00ed rezervace.<\/span><\/p>\n<p><span>Uvedl, \u017ee v\u0161ichni z\u00e1stupci UOC mus\u00ed nyn\u00ed okam\u017eit\u011b ukon\u010dit ve\u0161kerou \u010dinnost v kl\u00e1\u0161te\u0159e, vyklidit jeho prostory a vr\u00e1tit majetek do rezervace, a to do t\u0159\u00ed pracovn\u00edch dn\u016f.<\/span><\/p>\n<p><span>Tka\u010denko poznamenal, \u017ee pokud UOC odm\u00edtne vyhov\u011bt, ministerstvo pod\u00e1 \u017ealobu, aby\u00a0<\/span><em><span>\u201eodstranilo p\u0159ek\u00e1\u017eky ve vyu\u017e\u00edv\u00e1n\u00ed majetku rezervac\u00ed\u201c.\u00a0<\/span><\/em><span>Tka\u010denko pozd\u011bji dodal, \u017ee z\u00e1stupci kl\u00e1\u0161tera odm\u00edtli p\u0159ijmout z\u00e1kon o p\u0159evodu st\u00e1tn\u00edho majetku.<\/span><\/p>\n<p><em><span>\u201eJe to skute\u010dn\u011b historick\u00e9 rozhodnut\u00ed a obt\u00ed\u017en\u00fd \u00fakol \u2013 ale L\u00e1vra mus\u00ed b\u00fdt ukrajinsk\u00e1 a vr\u00e1t\u00ed se st\u00e1tu,\u201c<\/span><\/em><span>\u00a0uzav\u0159el ministr.<\/span><\/p>\n<p><span>Kyjevsko-pe\u010dersk\u00e1 l\u00e1vra, zalo\u017een\u00e1 v roce 1051, je jedn\u00edm z prvn\u00edch kl\u00e1\u0161ter\u016f na \u00fazem\u00ed starov\u011bk\u00e9 Rusi a nejstar\u0161\u00edm kl\u00e1\u0161terem na modern\u00ed Ukrajin\u011b.\u00a0Je pova\u017eov\u00e1na za jednu z hlavn\u00edch v\u00fdchodn\u00edch ortodoxn\u00edch svatyn\u00ed.\u00a0M\u00edsto se v\u0161ak stalo centrem velk\u00e9ho n\u00e1bo\u017eensk\u00e9ho sporu, proto\u017ee dva subjekty prohla\u0161uj\u00edc\u00ed se za pravou ukrajinskou pravoslavnou c\u00edrkev bojovaly o jej\u00ed pr\u00e1vn\u00ed status.\u00a0<\/span><\/p>\n<p><span>Technicky, kl\u00e1\u0161ter pat\u0159\u00ed ukrajinsk\u00e9 vl\u00e1d\u011b jako historick\u00e1 rezervace, ale byl ud\u011blen UOC k u\u017e\u00edv\u00e1n\u00ed na z\u00e1klad\u011b dohody z roku 2013.\u00a0Kyjev v\u0161ak za\u010d\u00e1tkem tohoto roku ozn\u00e1mil, \u017ee smlouvu o pron\u00e1jmu jednostrann\u011b vypov\u011bd\u011bl a obvinil UOC z bl\u00ed\u017ee nespecifikovan\u00fdch poru\u0161en\u00ed, z prorusk\u00e9ho postoje a z ohro\u017een\u00ed bezpe\u010dnosti a spirituality zem\u011b.\u00a0C\u00edrkev ji\u017e form\u00e1ln\u011b p\u0159eru\u0161ila sv\u00e9 vazby na Moskvu a ofici\u00e1ln\u011b odsoudila ruskou vojenskou operaci na Ukrajin\u011b.<\/span><\/p>\n<p><span>Kyjev m\u00e1 nyn\u00ed \u00fadajn\u011b v \u00famyslu p\u0159ev\u00e9st u\u017e\u00edv\u00e1n\u00ed L\u00e1vry na Pravoslavnou c\u00edrkev Ukrajiny (OCU), kter\u00e1 byla zalo\u017eena s podporou ukrajinsk\u00e9 vl\u00e1dy v roce 2018. OCU z\u016fst\u00e1v\u00e1 z velk\u00e9 \u010d\u00e1sti neuznan\u00e1 a rusk\u00e1 pravoslavn\u00e1 c\u00edrkev ji pova\u017euje za schizmatickou.<\/span><\/p>\n<p><span>Rusko mezit\u00edm opakovan\u011b protestovalo proti kyjevsk\u00e9 perzekuci pravoslavn\u00fdch k\u0159es\u0165an\u016f na Ukrajin\u011b.\u00a0T\u0159etina ukrajinsk\u00fdch region\u016f ned\u00e1vno postavila UOC mimo z\u00e1kon a bu\u010f zabavila jeho kostely a majetky, nebo je p\u0159edala OCU.<\/span><\/p>\n<p><img decoding=\"async\" loading=\"lazy\" class=\"alignnone size-full wp-image-1185\" src=\"http:\/\/www.infokuryr.cz\/n\/wp-content\/uploads\/2021\/04\/kuryr-podpis.png\" alt=\"\" width=\"84\" height=\"24\" \/><\/p>\n<p>&nbsp;<\/p>\n<p>&nbsp;<\/p>\n<p><img decoding=\"async\" loading=\"lazy\" class=\"wp-image-19187 aligncenter\" src=\"http:\/\/www.infokuryr.cz\/n\/wp-content\/uploads\/2022\/12\/1-PRO-300x36.jpg\" alt=\"\" width=\"1317\" height=\"158\" srcset=\"https:\/\/www.infokuryr.cz\/n\/wp-content\/uploads\/2022\/12\/1-PRO-300x36.jpg 300w, https:\/\/www.infokuryr.cz\/n\/wp-content\/uploads\/2022\/12\/1-PRO.jpg 699w\" sizes=\"(max-width: 1317px) 100vw, 1317px\" \/><\/p>\n<p>&nbsp;<\/p>\n<p>&nbsp;<\/p>\n<p>&nbsp;<\/p>\n","protected":false},"excerpt":{"rendered":"<p>Ukrajinsk\u00e9 ministerstvo kultury dalo obyvatel\u016fm Pe\u010dersk\u00e9 l\u00e1vry t\u0159i dny na odchod P\u0159ibli\u017en\u011b 200 mnich\u016f kanonick\u00e9&#8230;<\/p>\n","protected":false},"author":2,"featured_media":29612,"comment_status":"closed","ping_status":"closed","sticky":false,"template":"","format":"standard","meta":[],"categories":[7],"tags":[3872,221,1236,250],"_links":{"self":[{"href":"https:\/\/www.infokuryr.cz\/n\/wp-json\/wp\/v2\/posts\/29611"}],"collection":[{"href":"https:\/\/www.infokuryr.cz\/n\/wp-json\/wp\/v2\/posts"}],"about":[{"href":"https:\/\/www.infokuryr.cz\/n\/wp-json\/wp\/v2\/types\/post"}],"author":[{"embeddable":true,"href":"https:\/\/www.infokuryr.cz\/n\/wp-json\/wp\/v2\/users\/2"}],"replies":[{"embeddable":true,"href":"https:\/\/www.infokuryr.cz\/n\/wp-json\/wp\/v2\/comments?post=29611"}],"version-history":[{"count":0,"href":"https:\/\/www.infokuryr.cz\/n\/wp-json\/wp\/v2\/posts\/29611\/revisions"}],"wp:featuredmedia":[{"embeddable":true,"href":"https:\/\/www.infokuryr.cz\/n\/wp-json\/wp\/v2\/media\/29612"}],"wp:attachment":[{"href":"https:\/\/www.infokuryr.cz\/n\/wp-json\/wp\/v2\/media?parent=29611"}],"wp:term":[{"taxonomy":"category","embeddable":true,"href":"https:\/\/www.infokuryr.cz\/n\/wp-json\/wp\/v2\/categories?post=29611"},{"taxonomy":"post_tag","embeddable":true,"href":"https:\/\/www.infokuryr.cz\/n\/wp-json\/wp\/v2\/tags?post=29611"}],"curies":[{"name":"wp","href":"https:\/\/api.w.org\/{rel}","templated":true}]}}