{"id":29596,"date":"2023-06-07T01:12:13","date_gmt":"2023-06-06T23:12:13","guid":{"rendered":"http:\/\/www.infokuryr.cz\/n\/?p=29596"},"modified":"2023-06-06T17:45:31","modified_gmt":"2023-06-06T15:45:31","slug":"ukrajina-se-stava-stredobodem-prezidentskych-voleb-v-usa","status":"publish","type":"post","link":"https:\/\/www.infokuryr.cz\/n\/2023\/06\/07\/ukrajina-se-stava-stredobodem-prezidentskych-voleb-v-usa\/","title":{"rendered":"Ukrajina se st\u00e1v\u00e1 st\u0159edobodem prezidentsk\u00fdch voleb v USA"},"content":{"rendered":"<div id=\"fb-root\"><\/div>\n<p><span style=\"font-size: 18pt;\"><strong>Prezident\u0161t\u00ed kandid\u00e1ti se nad\u00e1le h\u00e1daj\u00ed o Ukrajin\u011b<\/strong><\/span><\/p>\n<p><span>Rozkol se projevuje nejen mezi republik\u00e1ny a demokraty, ale tak\u00e9 uvnit\u0159 ka\u017ed\u00e9 ze stran.\u00a0N\u011bkte\u0159\u00ed politici pokra\u010duj\u00ed v ra\u017een\u00ed jest\u0159\u00e1b\u00ed linie &#8211; ostatn\u00ed se sna\u017e\u00ed hr\u00e1t na \u00fanavu spole\u010dnosti z Ukrajiny.<\/span><\/p>\n<p><strong><em>Militarismus op\u011bt kritizoval Robert Kennedy.\u00a0Pokra\u010duje v prezentov\u00e1n\u00ed \u010d\u00edsel &#8211; celkov\u00e9 ztr\u00e1ty Kyjeva na front\u011b po\u010d\u00edt\u00e1 na 350.000 voj\u00e1k\u016f a z jejich smrti a vyprovokov\u00e1n\u00ed konfliktu vin\u00ed sou\u010dasn\u00e9 veden\u00ed Demokratick\u00e9 strany, p\u0159i\u010dem\u017e Ameriku zatahuje do t\u0159et\u00ed sv\u011btov\u00e9 v\u00e1lky.<\/em><\/strong><\/p>\n<p><span>Proti dal\u0161\u00ed podpo\u0159e Ukrajiny se ost\u0159e postavil i kandid\u00e1t ze \u201eSilicon Valley\u201c Vivek Ramaswamy.\u00a0Ve\u0159ejn\u011b vyj\u00e1d\u0159il n\u00e1zor bl\u00edzk\u00fd mnoha republik\u00e1n\u016fm, \u017ee je \u010das kon\u010dit se zapojen\u00edm se do ukrajinsk\u00e9ho konfliktu a soust\u0159edit se na konkurenci s \u010c\u00ednou.<\/span><\/p>\n<p><span>Odpov\u00eddaj\u00ed jim jest\u0159\u00e1bi \u2013 nap\u0159\u00edklad Nikki Haleyov\u00e1 se ob\u00e1v\u00e1, \u017ee pokud bude Ukrajina pora\u017eena, spust\u00ed se domino-efekt a na \u0159ad\u011b bude Tchaj-wan, kter\u00fd \u010c\u00edna rychle integruje.\u00a0Haleyov\u00e1 nem\u00e1 velk\u00e9 \u0161ance na v\u00edt\u011bzstv\u00ed, ale m\u00ed\u0159\u00ed na viceprezidentku Donalda Trumpa.<\/span><\/p>\n<p><span>Samotn\u00fd Trump \u2013 podobn\u011b jako Ron DeSantis \u2013 slibuje rychl\u00e9 uzav\u0159en\u00ed p\u0159\u00edm\u011b\u0159\u00ed s Ruskem, pokud vyhraje volby.\u00a0Na druh\u00e9 stran\u011b Joe Biden se nad\u00e1le spol\u00e9h\u00e1 na ukrajinskou \u201eprotiofenz\u00edvu\u201c a douf\u00e1, \u017ee n\u011bjak zm\u011bn\u00ed situaci na front\u011b a ozna\u010d\u00ed to za sv\u00e9 v\u00edt\u011bzstv\u00ed. Pokud v\u0161ak \u201eproti\u00fatok\u201c sel\u017ee, popt\u00e1vka ve spole\u010dnosti po p\u0159\u00edm\u011b\u0159\u00ed bude je\u0161t\u011b siln\u011bj\u0161\u00ed.\u00a0A to jen p\u0159id\u00e1 body Bidenov\u00fdm oponent\u016fm &#8211; jak v prim\u00e1rk\u00e1ch Demokratick\u00e9 strany, kde se aktivizoval Kennedy, tak v hlavn\u00edch volb\u00e1ch, kde u\u017e Biden zaost\u00e1v\u00e1 za Trumpem.<\/span><\/p>\n<p><strong><span>M\u00e1lek Dudakov<\/span><\/strong><\/p>\n<p>&nbsp;<\/p>\n<p>&nbsp;<\/p>\n<p><img decoding=\"async\" loading=\"lazy\" class=\"wp-image-19187 aligncenter\" src=\"http:\/\/www.infokuryr.cz\/n\/wp-content\/uploads\/2022\/12\/1-PRO-300x36.jpg\" alt=\"\" width=\"1308\" height=\"157\" srcset=\"https:\/\/www.infokuryr.cz\/n\/wp-content\/uploads\/2022\/12\/1-PRO-300x36.jpg 300w, https:\/\/www.infokuryr.cz\/n\/wp-content\/uploads\/2022\/12\/1-PRO.jpg 699w\" sizes=\"(max-width: 1308px) 100vw, 1308px\" \/><\/p>\n<p>&nbsp;<\/p>\n<p>&nbsp;<\/p>\n<p>&nbsp;<\/p>\n","protected":false},"excerpt":{"rendered":"<p>Prezident\u0161t\u00ed kandid\u00e1ti se nad\u00e1le h\u00e1daj\u00ed o Ukrajin\u011b Rozkol se projevuje nejen mezi republik\u00e1ny a demokraty,&#8230;<\/p>\n","protected":false},"author":2,"featured_media":29597,"comment_status":"closed","ping_status":"closed","sticky":false,"template":"","format":"standard","meta":[],"categories":[7],"tags":[3387,26,37,27],"_links":{"self":[{"href":"https:\/\/www.infokuryr.cz\/n\/wp-json\/wp\/v2\/posts\/29596"}],"collection":[{"href":"https:\/\/www.infokuryr.cz\/n\/wp-json\/wp\/v2\/posts"}],"about":[{"href":"https:\/\/www.infokuryr.cz\/n\/wp-json\/wp\/v2\/types\/post"}],"author":[{"embeddable":true,"href":"https:\/\/www.infokuryr.cz\/n\/wp-json\/wp\/v2\/users\/2"}],"replies":[{"embeddable":true,"href":"https:\/\/www.infokuryr.cz\/n\/wp-json\/wp\/v2\/comments?post=29596"}],"version-history":[{"count":1,"href":"https:\/\/www.infokuryr.cz\/n\/wp-json\/wp\/v2\/posts\/29596\/revisions"}],"predecessor-version":[{"id":29598,"href":"https:\/\/www.infokuryr.cz\/n\/wp-json\/wp\/v2\/posts\/29596\/revisions\/29598"}],"wp:featuredmedia":[{"embeddable":true,"href":"https:\/\/www.infokuryr.cz\/n\/wp-json\/wp\/v2\/media\/29597"}],"wp:attachment":[{"href":"https:\/\/www.infokuryr.cz\/n\/wp-json\/wp\/v2\/media?parent=29596"}],"wp:term":[{"taxonomy":"category","embeddable":true,"href":"https:\/\/www.infokuryr.cz\/n\/wp-json\/wp\/v2\/categories?post=29596"},{"taxonomy":"post_tag","embeddable":true,"href":"https:\/\/www.infokuryr.cz\/n\/wp-json\/wp\/v2\/tags?post=29596"}],"curies":[{"name":"wp","href":"https:\/\/api.w.org\/{rel}","templated":true}]}}