{"id":29582,"date":"2023-06-07T01:08:29","date_gmt":"2023-06-06T23:08:29","guid":{"rendered":"http:\/\/www.infokuryr.cz\/n\/?p=29582"},"modified":"2023-06-06T16:52:10","modified_gmt":"2023-06-06T14:52:10","slug":"polsky-ministr-spravedlnosti-vini-nejvyssi-soud-eu-z-politicke-zaujatosti-a-porusovani-unijnich-smluv","status":"publish","type":"post","link":"https:\/\/www.infokuryr.cz\/n\/2023\/06\/07\/polsky-ministr-spravedlnosti-vini-nejvyssi-soud-eu-z-politicke-zaujatosti-a-porusovani-unijnich-smluv\/","title":{"rendered":"Polsk\u00fd ministr spravedlnosti vin\u00ed nejvy\u0161\u0161\u00ed soud EU z politick\u00e9 zaujatosti a poru\u0161ov\u00e1n\u00ed unijn\u00edch smluv"},"content":{"rendered":"<div id=\"fb-root\"><\/div>\n<p><span style=\"font-size: 18pt;\"><strong>Polsk\u00fd ministr spravedlnosti Zbigniew Ziobro kritizoval verdikt vydan\u00fd Evropsk\u00fdm soudn\u00edm dvorem (ESD) proti polsk\u00fdm soudn\u00edm reform\u00e1m a obvinil soud, \u017ee je pod vlivem evropsk\u00fdch politik\u016f establishmentu.<\/strong><\/span><\/p>\n<p><span>Evropsk\u00fd soudn\u00ed dv\u016fr (ESD) v pond\u011bl\u00ed rozhodl, \u017ee\u00a0<\/span><a href=\"https:\/\/rmx.news\/article\/europe-s-top-court-rules-against-the-polish-supreme-court-disciplinary-chamber\/\"><span>polsk\u00e1 reforma jeho nejvy\u0161\u0161\u00edho soudu je v rozporu s evropsk\u00fdm pr\u00e1vem, \u010d\u00edm\u017e tak\u00e9 potvrdil sv\u00e9 d\u0159\u00edv\u011bj\u0161\u00ed rozhodnut\u00ed, \u017ee\u00a0<\/span><\/a><a href=\"https:\/\/rmx.news\/poland\/poland-will-request-european-commission-to-suspend-fines\/\"><span>k\u00e1rn\u00fd sen\u00e1t<\/span><\/a><span>\u00a0polsk\u00e9ho nejvy\u0161\u0161\u00edho soudu\u00a0nen\u00ed nez\u00e1visl\u00fd ani nestrann\u00fd.\u00a0<\/span><\/p>\n<p><span>Polsk\u00fd ministr spravedlnosti Zbigniew Ziobro v koment\u00e1\u0159i k rozhodnut\u00ed soudu\u00a0<\/span><a class=\"ek-link\" href=\"https:\/\/rmx.news\/article\/polish-justice-minister-i-do-not-recognize-the-european-court-of-justices-verdict\/\"><span>citoval obvin\u011bn\u00ed<\/span><\/a><span>\u00a0francouzsk\u00fdch m\u00e9di\u00ed, \u017ee existuj\u00ed pr\u00e1vn\u00ed d\u016fkazy o tom, \u017ee soudci Evropsk\u00e9ho soudn\u00edho dvora spolupracovali s \u00fa\u0159edn\u00edky Evropsk\u00e9 komise a v\u00fdznamn\u00fdmi p\u0159edstaviteli Evropsk\u00e9 lidov\u00e9 strany (EPP).\u00a0Pouk\u00e1zal tak\u00e9 na p\u0159edchoz\u00ed zpr\u00e1vy m\u00e9di\u00ed, \u017ee o verdiktech nejvy\u0161\u0161\u00edho soudu EU se rozhoduje s p\u0159edstihem ve spolupr\u00e1ci s mocn\u00fdmi osobnostmi v EU.<\/span><\/p>\n<p><span>\u201eDokud EU nevy\u0161et\u0159\u00ed obvin\u011bn\u00ed z novin, \u017ee rozsudky Evropsk\u00e9ho soudn\u00edho dvora jsou odsouhlaseny na banketech a loveck\u00fdch v\u00fdprav\u00e1ch za p\u0159\u00edtomnosti \u00fa\u0159edn\u00edk\u016f komise a politik\u016f vl\u00e1dnouc\u00ed EPP, nebude mo\u017en\u00e9 pova\u017eovat rozsudky tohoto soudu za v\u011brohodn\u00e9,\u201c \u0159ekl Ziobro.<\/span><\/p>\n<p><iframe loading=\"lazy\" title=\"Meloni: EU Treats Poland Like &#039;Second-Class&#039; Nation\" width=\"640\" height=\"480\" src=\"https:\/\/www.youtube.com\/embed\/NrEm8SWNUQA?start=1&#038;feature=oembed\" frameborder=\"0\" allow=\"accelerometer; autoplay; clipboard-write; encrypted-media; gyroscope; picture-in-picture; web-share\" allowfullscreen><\/iframe><\/p>\n<p><span>Polsk\u00fd ministr spravedlnosti tak\u00e9 poznamenal, \u017ee p\u0159ed dv\u011bma lety po\u017e\u00e1dal p\u0159edsedkyni komise EU Ursulu von der Leyenovou o pro\u0161et\u0159en\u00ed t\u011bchto obvin\u011bn\u00ed, ale nebylo u\u010din\u011bno \u017e\u00e1dn\u00e9 opat\u0159en\u00ed.\u00a0To znamen\u00e1, \u017ee v\u0161echny verdikty soudu jsou podle Ziobra v podez\u0159en\u00ed, dokud nebude v\u011bc \u0159\u00e1dn\u011b pro\u0161et\u0159ena.<\/span><\/p>\n<p><span>&#8222;Takto mus\u00edm zach\u00e1zet s t\u00edmto verdiktem.&#8220;\u00a0Vypad\u00e1 to, jako by to diktovali politici a je to nehor\u00e1zn\u00e9 poru\u0161en\u00ed smluv EU, p\u0159i\u010dem\u017e ESD si uzurpuje pravomoci, kter\u00e9 nem\u00e1,\u201c uvedl polsk\u00fd ministr spravedlnosti.<\/span><\/p>\n<p><span>Ziobro dodal, \u017ee \u201ena sv\u011bt\u011b neexistuje \u017e\u00e1dn\u00e1 zem\u011b, o kter\u00e9 by v\u011bd\u011bl, kde by soudci mohli podkopat postaven\u00ed jin\u00fdch soudc\u016f\u201c a obvinil ESD, \u017ee do polsk\u00e9ho pr\u00e1vn\u00edho syst\u00e9mu vn\u00e1\u0161\u00ed anarchii a chaos.<\/span><\/p>\n<p><span>Poznamenal tak\u00e9, \u017ee zpochybn\u011bn\u00ed\u00a0<\/span><a class=\"ek-link\" href=\"https:\/\/rmx.news\/article\/in-massive-rebuke-polands-top-court-rules-that-polish-constitution-trumps-eu-law\/\"><span>postaven\u00ed soudce<\/span><\/a><span>\u00a0se t\u00fdk\u00e1 pouze sou\u010dasn\u00fdch jmenov\u00e1n\u00ed, ale nikoli t\u011bch, kte\u0159\u00ed svou kari\u00e9ru zah\u00e1jili v dob\u011b komunismu a st\u00e1le p\u016fsob\u00ed v Polsku.<\/span><\/p>\n<p><span>&#8222;Jedin\u00fd zp\u016fsob, jak si mohu vysv\u011btlit takov\u00e9 rozsudky, je, \u017ee byli ovlivn\u011bni alkoholem, kter\u00fd tekl proudem na hl\u00e1\u0161en\u00fdch banketech,&#8220; \u0159ekl.<\/span><\/p>\n<p><img decoding=\"async\" loading=\"lazy\" class=\"alignnone size-full wp-image-1185\" src=\"http:\/\/www.infokuryr.cz\/n\/wp-content\/uploads\/2021\/04\/kuryr-podpis.png\" alt=\"\" width=\"84\" height=\"24\" \/><\/p>\n<p>&nbsp;<\/p>\n<p>&nbsp;<\/p>\n<p><img decoding=\"async\" loading=\"lazy\" class=\"wp-image-19187 aligncenter\" src=\"http:\/\/www.infokuryr.cz\/n\/wp-content\/uploads\/2022\/12\/1-PRO-300x36.jpg\" alt=\"\" width=\"1308\" height=\"157\" srcset=\"https:\/\/www.infokuryr.cz\/n\/wp-content\/uploads\/2022\/12\/1-PRO-300x36.jpg 300w, https:\/\/www.infokuryr.cz\/n\/wp-content\/uploads\/2022\/12\/1-PRO.jpg 699w\" sizes=\"(max-width: 1308px) 100vw, 1308px\" \/><\/p>\n<p>&nbsp;<\/p>\n<p>&nbsp;<\/p>\n<p>&nbsp;<\/p>\n","protected":false},"excerpt":{"rendered":"<p>Polsk\u00fd ministr spravedlnosti Zbigniew Ziobro kritizoval verdikt vydan\u00fd Evropsk\u00fdm soudn\u00edm dvorem (ESD) proti polsk\u00fdm soudn\u00edm&#8230;<\/p>\n","protected":false},"author":2,"featured_media":29583,"comment_status":"closed","ping_status":"closed","sticky":false,"template":"","format":"standard","meta":[],"categories":[7],"tags":[277,1884,458,31],"_links":{"self":[{"href":"https:\/\/www.infokuryr.cz\/n\/wp-json\/wp\/v2\/posts\/29582"}],"collection":[{"href":"https:\/\/www.infokuryr.cz\/n\/wp-json\/wp\/v2\/posts"}],"about":[{"href":"https:\/\/www.infokuryr.cz\/n\/wp-json\/wp\/v2\/types\/post"}],"author":[{"embeddable":true,"href":"https:\/\/www.infokuryr.cz\/n\/wp-json\/wp\/v2\/users\/2"}],"replies":[{"embeddable":true,"href":"https:\/\/www.infokuryr.cz\/n\/wp-json\/wp\/v2\/comments?post=29582"}],"version-history":[{"count":1,"href":"https:\/\/www.infokuryr.cz\/n\/wp-json\/wp\/v2\/posts\/29582\/revisions"}],"predecessor-version":[{"id":29584,"href":"https:\/\/www.infokuryr.cz\/n\/wp-json\/wp\/v2\/posts\/29582\/revisions\/29584"}],"wp:featuredmedia":[{"embeddable":true,"href":"https:\/\/www.infokuryr.cz\/n\/wp-json\/wp\/v2\/media\/29583"}],"wp:attachment":[{"href":"https:\/\/www.infokuryr.cz\/n\/wp-json\/wp\/v2\/media?parent=29582"}],"wp:term":[{"taxonomy":"category","embeddable":true,"href":"https:\/\/www.infokuryr.cz\/n\/wp-json\/wp\/v2\/categories?post=29582"},{"taxonomy":"post_tag","embeddable":true,"href":"https:\/\/www.infokuryr.cz\/n\/wp-json\/wp\/v2\/tags?post=29582"}],"curies":[{"name":"wp","href":"https:\/\/api.w.org\/{rel}","templated":true}]}}