{"id":29405,"date":"2023-06-04T05:28:43","date_gmt":"2023-06-04T03:28:43","guid":{"rendered":"http:\/\/www.infokuryr.cz\/n\/?p=29405"},"modified":"2023-06-04T05:28:43","modified_gmt":"2023-06-04T03:28:43","slug":"pri-utoku-militantu-na-zakladnu-africke-unie-v-somalsku-zahynulo-pres-50-vojaku","status":"publish","type":"post","link":"https:\/\/www.infokuryr.cz\/n\/2023\/06\/04\/pri-utoku-militantu-na-zakladnu-africke-unie-v-somalsku-zahynulo-pres-50-vojaku\/","title":{"rendered":"P\u0159i \u00fatoku militant\u016f na z\u00e1kladnu Africk\u00e9 unie v Som\u00e1lsku zahynulo p\u0159es 50 voj\u00e1k\u016f"},"content":{"rendered":"<div id=\"fb-root\"><\/div>\n<p class=\"lead\"><strong>Pades\u00e1t \u010dty\u0159i ugandsk\u00fdch voj\u00e1k\u016f bylo zabito b\u011bhem boj\u016f o vojenskou z\u00e1kladnu Africk\u00e9 unie Transition Mission (ATMIS) v Som\u00e1lsku, na kterou za\u00fato\u010dili militanti radik\u00e1ln\u00ed islamistick\u00e9 skupiny Al-Shabaab, uvedl ugandsk\u00fd prezident Yoweri Museveni.<\/strong><\/p>\n<p><span>P\u0159echodn\u00e1 mise Africk\u00e9 unie v Som\u00e1lsku 26. kv\u011btna ozn\u00e1mila, \u017ee jej\u00ed vojensk\u00e1 z\u00e1kladna na jihoz\u00e1pad\u011b zem\u011b byla napadena militanty al-Shabaab. Lidov\u00e9 obrann\u00e9 s\u00edly Ugandy na Twitteru informovaly, \u017ee na z\u00e1kladn\u011b ATMIS byl ozbrojenci napaden ugandsk\u00fd kontingent. .<\/span><\/p>\n<p><em>\u201eInformoval jsem \u010dleny parlamentu o incidentu v Som\u00e1lsku.\u00a0Na\u0161i voj\u00e1ci&#8230; se p\u0159eskupili, v d\u016fsledku \u010deho\u017e byla z\u00e1kladna znovu dobyta.\u00a0Na\u0161li jsme&#8230; t\u011bla pades\u00e1ti \u010dty\u0159 padl\u00fdch voj\u00e1k\u016f, v\u010detn\u011b velitele, &#8222;<span class=\"after-quote\">\u00a0\u201c napsal prezident Ugandy na Twitteru.<\/span><\/em><\/p>\n<p><span>Radik\u00e1ln\u00ed islamistick\u00e1 skupina Al-Shabaab (Hnut\u00ed mlad\u00fdch mud\u017eahed\u00edn\u016f) se s\u00eddlem v Som\u00e1lsku m\u00e1 \u00fazk\u00e9 vztahy s mezin\u00e1rodn\u00ed teroristickou organizac\u00ed Al-K\u00e1ida<\/span><span>. Vede ozbrojen\u00fd boj proti \u00fast\u0159edn\u00ed vl\u00e1d\u011b Som\u00e1lska a br\u00e1n\u00ed humanit\u00e1rn\u00edm aktivit\u00e1m OSN.<\/span><\/p>\n<p><img decoding=\"async\" loading=\"lazy\" class=\"alignnone size-full wp-image-1185\" src=\"http:\/\/www.infokuryr.cz\/n\/wp-content\/uploads\/2021\/04\/kuryr-podpis.png\" alt=\"\" width=\"84\" height=\"24\" \/><\/p>\n<p>&nbsp;<\/p>\n<p>&nbsp;<\/p>\n<p><img decoding=\"async\" loading=\"lazy\" class=\"wp-image-19187 aligncenter\" src=\"http:\/\/www.infokuryr.cz\/n\/wp-content\/uploads\/2022\/12\/1-PRO-300x36.jpg\" alt=\"\" width=\"1275\" height=\"153\" srcset=\"https:\/\/www.infokuryr.cz\/n\/wp-content\/uploads\/2022\/12\/1-PRO-300x36.jpg 300w, https:\/\/www.infokuryr.cz\/n\/wp-content\/uploads\/2022\/12\/1-PRO.jpg 699w\" sizes=\"(max-width: 1275px) 100vw, 1275px\" \/><\/p>\n<p>&nbsp;<\/p>\n<p>&nbsp;<\/p>\n<p>&nbsp;<\/p>\n","protected":false},"excerpt":{"rendered":"<p>Pades\u00e1t \u010dty\u0159i ugandsk\u00fdch voj\u00e1k\u016f bylo zabito b\u011bhem boj\u016f o vojenskou z\u00e1kladnu Africk\u00e9 unie Transition Mission&#8230;<\/p>\n","protected":false},"author":2,"featured_media":29406,"comment_status":"closed","ping_status":"closed","sticky":false,"template":"","format":"standard","meta":[],"categories":[7],"tags":[1405,353,3114,4618,321],"_links":{"self":[{"href":"https:\/\/www.infokuryr.cz\/n\/wp-json\/wp\/v2\/posts\/29405"}],"collection":[{"href":"https:\/\/www.infokuryr.cz\/n\/wp-json\/wp\/v2\/posts"}],"about":[{"href":"https:\/\/www.infokuryr.cz\/n\/wp-json\/wp\/v2\/types\/post"}],"author":[{"embeddable":true,"href":"https:\/\/www.infokuryr.cz\/n\/wp-json\/wp\/v2\/users\/2"}],"replies":[{"embeddable":true,"href":"https:\/\/www.infokuryr.cz\/n\/wp-json\/wp\/v2\/comments?post=29405"}],"version-history":[{"count":0,"href":"https:\/\/www.infokuryr.cz\/n\/wp-json\/wp\/v2\/posts\/29405\/revisions"}],"wp:featuredmedia":[{"embeddable":true,"href":"https:\/\/www.infokuryr.cz\/n\/wp-json\/wp\/v2\/media\/29406"}],"wp:attachment":[{"href":"https:\/\/www.infokuryr.cz\/n\/wp-json\/wp\/v2\/media?parent=29405"}],"wp:term":[{"taxonomy":"category","embeddable":true,"href":"https:\/\/www.infokuryr.cz\/n\/wp-json\/wp\/v2\/categories?post=29405"},{"taxonomy":"post_tag","embeddable":true,"href":"https:\/\/www.infokuryr.cz\/n\/wp-json\/wp\/v2\/tags?post=29405"}],"curies":[{"name":"wp","href":"https:\/\/api.w.org\/{rel}","templated":true}]}}