{"id":29343,"date":"2023-06-03T06:57:16","date_gmt":"2023-06-03T04:57:16","guid":{"rendered":"http:\/\/www.infokuryr.cz\/n\/?p=29343"},"modified":"2023-06-03T09:11:03","modified_gmt":"2023-06-03T07:11:03","slug":"pocet-obeti-velke-zeleznicni-katastrofy-v-indii-vyskocil-na-288","status":"publish","type":"post","link":"https:\/\/www.infokuryr.cz\/n\/2023\/06\/03\/pocet-obeti-velke-zeleznicni-katastrofy-v-indii-vyskocil-na-288\/","title":{"rendered":"Po\u010det ob\u011bt\u00ed velk\u00e9 \u017eelezni\u010dn\u00ed katastrofy v Indii vysko\u010dil na 288"},"content":{"rendered":"<div id=\"fb-root\"><\/div>\n<p><span style=\"font-size: 18pt;\"><strong>V\u00edce ne\u017e 200 lid\u00ed zem\u0159elo p\u0159i sr\u00e1\u017ece t\u0159\u00ed vlak\u016f ve v\u00fdchodn\u00edm st\u00e1t\u011b Ur\u00edsa, uvedl vysok\u00fd p\u0159edstavitel<\/strong><\/span><\/p>\n<p>Po\u010det lid\u00ed zabit\u00fdch p\u0159i vykolejen\u00ed dvou osobn\u00edch vlak\u016f a jednoho n\u00e1kladn\u00edho vlaku v Indii vzrostl na 233, \u0159ekl v sobotu agentu\u0159e ANI hlavn\u00ed tajemn\u00edk st\u00e1tu Ur\u00edsa Pradeep Jena.\u00a0Dodal, \u017ee nejm\u00e9n\u011b 900 bylo zran\u011bno.<\/p>\n<p>K trag\u00e9dii do\u0161lo na n\u00e1dra\u017e\u00ed ve m\u011bst\u011b Balasore v p\u00e1tek ve\u010der.\u00a0Podle mluv\u010d\u00edho indick\u00fdch drah Amitabha Sharmy narazil osobn\u00ed vlak do n\u00e1kladn\u00edho vlaku, p\u0159i\u010dem\u017e 10 a\u017e 12 jeho voz\u016f spadlo na prot\u011bj\u0161\u00ed kolej.\u00a0O n\u011bco pozd\u011bji se druh\u00fd osobn\u00ed vlak, jedouc\u00ed po t\u00e9to koleji, srazil s n\u00e1kladn\u00edmi vagony a tak\u00e9 vykolejil.<\/p>\n<p>Ministr \u017eeleznic Ashwini Vaishnaw \u0159ekl, \u017ee z\u00e1chrann\u00e9 t\u00fdmy z Indie jsou jin\u00e9st\u00e1ty byly nasazeny do Ur\u00edsy, aby pomohly m\u00edstn\u00edm z\u00e1chran\u00e1\u0159\u016fm.\u00a0K evakuaci p\u0159e\u017eiv\u0161\u00edch bylo vysl\u00e1no v\u00edce ne\u017e 110 sanitek, uvedli \u00fa\u0159edn\u00edci.<\/p>\n<p>\u00da\u0159ady Ur\u00edsy vyhl\u00e1sily na ned\u011bli den smutku.\u00a0Incident je nejsmrteln\u011bj\u0161\u00ed \u017eelezni\u010dn\u00ed katastrofou v Indii za posledn\u00ed desetilet\u00ed.\u00a0V roce 1999 se v Z\u00e1padn\u00edm Beng\u00e1lsku srazily dva vlaky, kter\u00e9 si vy\u017e\u00e1daly nejm\u00e9n\u011b 285 ob\u011bt\u00ed.<strong>\u00a0<\/strong><\/p>\n<p><em><span style=\"font-size: 18pt;\"><strong>Aktualizace:<\/strong><\/span><\/em><\/p>\n<p><span style=\"font-size: 18pt;\"><strong>Po\u010det ob\u011bt\u00ed sr\u00e1\u017eky t\u0159\u00ed vlak\u016f se zv\u00fd\u0161il na 288, uvedl hasi\u010dsk\u00fd \u00fa\u0159edn\u00edk<\/strong><\/span><\/p>\n<p><span>Z\u00e1chran\u00e1\u0159i pokra\u010duj\u00ed v hled\u00e1n\u00ed p\u0159e\u017eiv\u0161\u00edch po katastrof\u00e1ln\u00ed sr\u00e1\u017ece t\u0159\u00ed vlak\u016f ve v\u00fdchodn\u00edm indick\u00e9m st\u00e1t\u011b Ur\u00ed\u0161a, kter\u00e1 se stala nejsmrteln\u011bj\u0161\u00ed \u017eelezni\u010dn\u00ed katastrofou v zemi za posledn\u00edch 25 let.<\/span><\/p>\n<p><span>Po\u010det ob\u011bt\u00ed se do sobotn\u00edho r\u00e1na zv\u00fd\u0161il na 288, \u0159ekl agentu\u0159e AFP Sudhanshu Sarangi, gener\u00e1ln\u00ed \u0159editel hasi\u010dsk\u00e9ho sboru st\u00e1tu Ur\u00edsa.\u00a0\u00da\u0159edn\u00edk dodal, \u017ee v\u00edce ne\u017e 850 lid\u00ed bylo zran\u011bno.<\/span><\/p>\n<p><span>Sobota byla ve st\u00e1t\u011b Ur\u00ed\u0161a, kter\u00fd se nach\u00e1z\u00ed ve v\u00fdchodn\u00ed \u010d\u00e1sti zem\u011b, v Beng\u00e1lsk\u00e9m z\u00e1livu, vyhl\u00e1\u0161ena dnem smutku.<\/span><\/p>\n<p><span>K trag\u00e9dii do\u0161lo v p\u00e1tek ve\u010der na n\u00e1dra\u017e\u00ed ve m\u011bst\u011b Balasore.\u00a0Osobn\u00ed vlak narazil do n\u00e1kladn\u00edho vlaku a a\u017e 12 n\u00e1kladn\u00edch vagon\u016f spadlo na prot\u011bj\u0161\u00ed kolej.\u00a0Kr\u00e1tce na to se druh\u00fd osobn\u00ed vlak srazil s n\u00e1kladn\u00edmi vagony a podle mluv\u010d\u00edho indick\u00fdch drah Amitabha Sharmy tak\u00e9 vykolejil.<\/span><\/p>\n<p><span>Indick\u00fd premi\u00e9r Nar\u00e9ndra M\u00f3d\u00ed se v sobotu kv\u016fli hav\u00e1rii mimo jin\u00e9 se\u0161el.\u00a0Premi\u00e9r tak\u00e9 zve\u0159ejnil tweet, v n\u011bm\u017e uvedl, \u017ee je \u201eznepokojen\u201c t\u00edm, co se stalo.\u00a0<\/span><em><span>&#8222;V t\u00e9to hodin\u011b z\u00e1rmutku jsou m\u00e9 my\u0161lenky s rodinami poz\u016fstal\u00fdch.&#8220;\u00a0A\u0165 se zran\u011bn\u00ed brzy uzdrav\u00ed.\u00a0Na m\u00edst\u011b ne\u0161t\u011bst\u00ed prob\u00edhaj\u00ed z\u00e1chrann\u00e9 operace a posti\u017een\u00fdm je poskytov\u00e1na ve\u0161ker\u00e1 mo\u017en\u00e1 pomoc,\u201c<\/span><\/em><span>\u00a0napsal.<\/span><\/p>\n<p><span>V\u00edce ne\u017e 115 sanitek bylo vysl\u00e1no, aby dopravily zran\u011bn\u00e9 do nemocnic, uvedli \u00fa\u0159edn\u00edci.\u00a0Arm\u00e1da byla tak\u00e9 nasazena, aby pomohla s masivn\u00edm z\u00e1chrann\u00fdm \u00fasil\u00edm.<\/span><\/p>\n<p><span>Jeden p\u0159e\u017eiv\u0161\u00ed \u0159ekl m\u00edstn\u00edm m\u00e9di\u00edm, \u017ee spal, kdy\u017e se nehoda stala, a probudil se uv\u011bzn\u011bn\u00fd pod tuctem spolucestuj\u00edc\u00edch.\u00a0Mu\u017e uvedl, \u017ee se mu nakonec poda\u0159ilo z auta vyv\u00e1znout, vyv\u00e1zl s lehk\u00fdm zran\u011bn\u00edm na krku a ruce.<\/span><\/p>\n<p><img decoding=\"async\" loading=\"lazy\" class=\"alignnone size-full wp-image-1185\" src=\"http:\/\/www.infokuryr.cz\/n\/wp-content\/uploads\/2021\/04\/kuryr-podpis.png\" alt=\"\" width=\"84\" height=\"24\" \/><\/p>\n<p>&nbsp;<\/p>\n<p>&nbsp;<\/p>\n<p><img decoding=\"async\" loading=\"lazy\" class=\"wp-image-19187 aligncenter\" src=\"http:\/\/www.infokuryr.cz\/n\/wp-content\/uploads\/2022\/12\/1-PRO-300x36.jpg\" alt=\"\" width=\"1283\" height=\"154\" srcset=\"https:\/\/www.infokuryr.cz\/n\/wp-content\/uploads\/2022\/12\/1-PRO-300x36.jpg 300w, https:\/\/www.infokuryr.cz\/n\/wp-content\/uploads\/2022\/12\/1-PRO.jpg 699w\" sizes=\"(max-width: 1283px) 100vw, 1283px\" \/><\/p>\n<p>&nbsp;<\/p>\n<p>&nbsp;<\/p>\n<p>&nbsp;<\/p>\n","protected":false},"excerpt":{"rendered":"<p>V\u00edce ne\u017e 200 lid\u00ed zem\u0159elo p\u0159i sr\u00e1\u017ece t\u0159\u00ed vlak\u016f ve v\u00fdchodn\u00edm st\u00e1t\u011b Ur\u00edsa, uvedl vysok\u00fd&#8230;<\/p>\n","protected":false},"author":2,"featured_media":29344,"comment_status":"closed","ping_status":"closed","sticky":false,"template":"","format":"standard","meta":[],"categories":[7],"tags":[79,3232,871,328],"_links":{"self":[{"href":"https:\/\/www.infokuryr.cz\/n\/wp-json\/wp\/v2\/posts\/29343"}],"collection":[{"href":"https:\/\/www.infokuryr.cz\/n\/wp-json\/wp\/v2\/posts"}],"about":[{"href":"https:\/\/www.infokuryr.cz\/n\/wp-json\/wp\/v2\/types\/post"}],"author":[{"embeddable":true,"href":"https:\/\/www.infokuryr.cz\/n\/wp-json\/wp\/v2\/users\/2"}],"replies":[{"embeddable":true,"href":"https:\/\/www.infokuryr.cz\/n\/wp-json\/wp\/v2\/comments?post=29343"}],"version-history":[{"count":1,"href":"https:\/\/www.infokuryr.cz\/n\/wp-json\/wp\/v2\/posts\/29343\/revisions"}],"predecessor-version":[{"id":29345,"href":"https:\/\/www.infokuryr.cz\/n\/wp-json\/wp\/v2\/posts\/29343\/revisions\/29345"}],"wp:featuredmedia":[{"embeddable":true,"href":"https:\/\/www.infokuryr.cz\/n\/wp-json\/wp\/v2\/media\/29344"}],"wp:attachment":[{"href":"https:\/\/www.infokuryr.cz\/n\/wp-json\/wp\/v2\/media?parent=29343"}],"wp:term":[{"taxonomy":"category","embeddable":true,"href":"https:\/\/www.infokuryr.cz\/n\/wp-json\/wp\/v2\/categories?post=29343"},{"taxonomy":"post_tag","embeddable":true,"href":"https:\/\/www.infokuryr.cz\/n\/wp-json\/wp\/v2\/tags?post=29343"}],"curies":[{"name":"wp","href":"https:\/\/api.w.org\/{rel}","templated":true}]}}