{"id":29326,"date":"2023-06-03T01:13:34","date_gmt":"2023-06-02T23:13:34","guid":{"rendered":"http:\/\/www.infokuryr.cz\/n\/?p=29326"},"modified":"2023-06-02T18:16:48","modified_gmt":"2023-06-02T16:16:48","slug":"indie-vyzyva-k-reforme-rady-bezpecnosti-osn","status":"publish","type":"post","link":"https:\/\/www.infokuryr.cz\/n\/2023\/06\/03\/indie-vyzyva-k-reforme-rady-bezpecnosti-osn\/","title":{"rendered":"Indie vyz\u00fdv\u00e1 k reform\u011b Rady bezpe\u010dnosti OSN"},"content":{"rendered":"<div id=\"fb-root\"><\/div>\n<p><span style=\"font-size: 18pt;\"><strong>T\u011blo se st\u00e1v\u00e1 archaickou instituc\u00ed a ji\u017e nen\u00ed vhodn\u00e9 pro sv\u016fj \u00fa\u010del, \u0159\u00edk\u00e1 indick\u00e1 vyslankyn\u011b<\/strong><\/span><\/p>\n<p><span>Rada bezpe\u010dnosti OSN (BR OSN) pot\u0159ebuje nal\u00e9havou reformu, aby zv\u00fd\u0161ila zastoupen\u00ed\u00a0<\/span><em><span>\u201erozv\u00edjej\u00edc\u00edch se ekonomik a region\u016f s rostouc\u00edm politick\u00fdm vlivem\u201c,<\/span><\/em><span> tvrdila ve \u010dtvrtek st\u00e1l\u00e1 z\u00e1stupkyn\u011b Indie p\u0159i OSN.<\/span><\/p>\n<p><em><span>&#8222;Sou\u010dasn\u00e9 slo\u017een\u00ed Rady bezpe\u010dnosti ji\u017e neodpov\u00edd\u00e1 realit\u011b na\u0161eho propojen\u00e9ho a multipol\u00e1rn\u00edho sv\u011bta,&#8220;<\/span><\/em><span>\u00a0\u0159ekla Ruchira Kamboj b\u011bhem diskuse u kulat\u00e9ho stolu o reform\u011b Rady bezpe\u010dnosti v s\u00eddle OSN v New Yorku, po\u0159\u00e1dan\u00e9ho st\u00e1l\u00fdmi misemi Braz\u00edlie a Indie. , Ji\u017en\u00ed Afrika a Svat\u00fd Vincent a Grenadiny.<\/span><\/p>\n<p><span>Dodala, \u017ee struktura rady byla navr\u017eena v\u00a0<\/span><em><span>\u201ejin\u00e9 dob\u011b\u201c<\/span><\/em><span>\u00a0a nedok\u00e1\u017ee dostate\u010dn\u011b vyj\u00e1d\u0159it\u00a0<\/span><em><span>\u201evzestup nov\u00fdch mocnost\u00ed, m\u011bn\u00edc\u00ed se geopolitick\u00e9 prost\u0159ed\u00ed a aspirace n\u00e1rod\u016f usiluj\u00edc\u00edch o spravedliv\u011bj\u0161\u00ed a spravedliv\u011bj\u0161\u00ed glob\u00e1ln\u00ed \u0159\u00e1d\u201c.<\/span><\/em><\/p>\n<p><span>Je\u00a0<\/span><em><span>\u201epragmatickou nutnost\u00ed\u201c,<\/span><\/em><span> argumentovala indick\u00e1 diplomatka, roz\u0161\u00ed\u0159it \u010dlenstv\u00ed v Rad\u011b bezpe\u010dnosti v kategori\u00edch st\u00e1l\u00fdch i nest\u00e1l\u00fdch na zem\u011b, kter\u00e9 na glob\u00e1ln\u00ed sc\u00e9n\u011b projevily touhu podporovat m\u00edr, napom\u00e1hat hospod\u00e1\u0159sk\u00e9mu rozvoji a \u0159e\u0161it dal\u0161\u00ed ot\u00e1zky a glob\u00e1ln\u00ed v\u00fdzvy.<\/span><\/p>\n<p><span>Rada bezpe\u010dnosti OSN byla vytvo\u0159ena po druh\u00e9 sv\u011btov\u00e9 v\u00e1lce jako prost\u0159edek pro spolupr\u00e1ci zem\u00ed p\u0159i \u0159e\u0161en\u00ed glob\u00e1ln\u00edch bezpe\u010dnostn\u00edch probl\u00e9m\u016f.\u00a0Jeho p\u011bt st\u00e1l\u00fdch \u010dlen\u016f \u2013 Spojen\u00e9 st\u00e1ty, Rusko, \u010c\u00edna, Francie a Spojen\u00e9 kr\u00e1lovstv\u00ed \u2013 m\u00e1 ka\u017ed\u00fd pr\u00e1vo veta v z\u00e1le\u017eitostech t\u00fdkaj\u00edc\u00edch se sankc\u00ed, mezin\u00e1rodn\u00edch jedn\u00e1n\u00ed, rozm\u00edst\u011bn\u00ed m\u00edrov\u00fdch mis\u00ed a opr\u00e1vn\u011bn\u00ed k pou\u017eit\u00ed s\u00edly k \u0159e\u0161en\u00ed konflikt\u016f.<\/span><\/p>\n<p><span>Rada bezpe\u010dnosti OSN m\u00e1 tak\u00e9 \u0159adu nest\u00e1l\u00fdch \u010dlen\u016f, kte\u0159\u00ed jsou p\u0159ij\u00edm\u00e1ni na z\u00e1klad\u011b rotace v z\u00e1vislosti na jejich zem\u011bpisn\u00fdch oblastech.\u00a0Mezi deseti sou\u010dasn\u00fdmi nest\u00e1l\u00fdmi \u010dleny jsou Japonsko, Braz\u00edlie, \u0160v\u00fdcarsko a Spojen\u00e9 arabsk\u00e9 emir\u00e1ty.<\/span><\/p>\n<p><span>T\u00e9ma reformy RB OSN je pravideln\u011b zmi\u0148ov\u00e1no.\u00a0\u201e\u00a0<\/span><em><span>Ka\u017ed\u00fd souhlas\u00ed s t\u00edm, \u017ee sou\u010dasn\u00e1 struktura [RB OSN] je chybn\u00e1,\u201c<\/span><\/em><span>\u00a0napsal britsk\u00fd expert na mezin\u00e1rodn\u00ed vztahy Paul Kennedy ve sv\u00e9 knize z roku 2006 \u201eThe Parliament of Man\u201c.\u00a0<\/span><em><span>&#8222;Ale konsenzus o tom, jak to opravit, z\u016fst\u00e1v\u00e1 mimo dosah.&#8220;<\/span><\/em><\/p>\n<p><span>Indie spolu s Braz\u00edli\u00ed, Japonskem a N\u011bmeckem p\u0159i n\u011bkolika p\u0159\u00edle\u017eitostech lobovala za za\u0159azen\u00ed na roz\u0161\u00ed\u0159en\u00fd seznam st\u00e1l\u00fdch \u010dlen\u016f.\u00a0St\u00e1ty v\u010detn\u011b It\u00e1lie, Kanady, \u0160pan\u011blska a Ji\u017en\u00ed Koreje v\u0161ak pat\u0159\u00ed do skupiny nazvan\u00e9 \u201eUnited for Consensus\u201c, kter\u00e1 se od 90. let form\u00e1ln\u011b stav\u00ed proti jak\u00fdmkoli n\u00e1vrh\u016fm na roz\u0161\u00ed\u0159en\u00ed st\u00e1l\u00e9 \u010dlensk\u00e9 z\u00e1kladny RB OSN.<\/span><\/p>\n<p><span>Kamboj tvrdila, \u017ee modern\u00ed v\u00fdzvy vy\u017eaduj\u00ed modern\u00ed \u0159e\u0161en\u00ed a \u017ee reforma RB OSN je nal\u00e9hav\u011bj\u0161\u00ed kv\u016fli <\/span><em><span>\u201ebezprecedentn\u00edm glob\u00e1ln\u00edm v\u00fdzv\u00e1m\u201c,<\/span><\/em><span>\u00a0jako jsou zm\u011bna klimatu, terorismus a pandemie, kter\u00e9\u00a0<\/span><em><span>\u201evy\u017eaduj\u00ed spole\u010dn\u00e9 \u00fasil\u00ed a sd\u00edlenou odpov\u011bdnost\u201c.<\/span><\/em><\/p>\n<p><img decoding=\"async\" loading=\"lazy\" class=\"alignnone size-full wp-image-1185\" src=\"http:\/\/www.infokuryr.cz\/n\/wp-content\/uploads\/2021\/04\/kuryr-podpis.png\" alt=\"\" width=\"84\" height=\"24\" \/><\/p>\n<p>&nbsp;<\/p>\n<p>&nbsp;<\/p>\n<p><img decoding=\"async\" loading=\"lazy\" class=\"wp-image-19187 aligncenter\" src=\"http:\/\/www.infokuryr.cz\/n\/wp-content\/uploads\/2022\/12\/1-PRO-300x36.jpg\" alt=\"\" width=\"1275\" height=\"153\" srcset=\"https:\/\/www.infokuryr.cz\/n\/wp-content\/uploads\/2022\/12\/1-PRO-300x36.jpg 300w, https:\/\/www.infokuryr.cz\/n\/wp-content\/uploads\/2022\/12\/1-PRO.jpg 699w\" sizes=\"(max-width: 1275px) 100vw, 1275px\" \/><\/p>\n<p>&nbsp;<\/p>\n<p>&nbsp;<\/p>\n<p>&nbsp;<\/p>\n","protected":false},"excerpt":{"rendered":"<p>T\u011blo se st\u00e1v\u00e1 archaickou instituc\u00ed a ji\u017e nen\u00ed vhodn\u00e9 pro sv\u016fj \u00fa\u010del, \u0159\u00edk\u00e1 indick\u00e1 vyslankyn\u011b&#8230;<\/p>\n","protected":false},"author":2,"featured_media":29327,"comment_status":"closed","ping_status":"closed","sticky":false,"template":"","format":"standard","meta":[],"categories":[7],"tags":[79,186,1408,855],"_links":{"self":[{"href":"https:\/\/www.infokuryr.cz\/n\/wp-json\/wp\/v2\/posts\/29326"}],"collection":[{"href":"https:\/\/www.infokuryr.cz\/n\/wp-json\/wp\/v2\/posts"}],"about":[{"href":"https:\/\/www.infokuryr.cz\/n\/wp-json\/wp\/v2\/types\/post"}],"author":[{"embeddable":true,"href":"https:\/\/www.infokuryr.cz\/n\/wp-json\/wp\/v2\/users\/2"}],"replies":[{"embeddable":true,"href":"https:\/\/www.infokuryr.cz\/n\/wp-json\/wp\/v2\/comments?post=29326"}],"version-history":[{"count":0,"href":"https:\/\/www.infokuryr.cz\/n\/wp-json\/wp\/v2\/posts\/29326\/revisions"}],"wp:featuredmedia":[{"embeddable":true,"href":"https:\/\/www.infokuryr.cz\/n\/wp-json\/wp\/v2\/media\/29327"}],"wp:attachment":[{"href":"https:\/\/www.infokuryr.cz\/n\/wp-json\/wp\/v2\/media?parent=29326"}],"wp:term":[{"taxonomy":"category","embeddable":true,"href":"https:\/\/www.infokuryr.cz\/n\/wp-json\/wp\/v2\/categories?post=29326"},{"taxonomy":"post_tag","embeddable":true,"href":"https:\/\/www.infokuryr.cz\/n\/wp-json\/wp\/v2\/tags?post=29326"}],"curies":[{"name":"wp","href":"https:\/\/api.w.org\/{rel}","templated":true}]}}