{"id":29233,"date":"2023-06-02T01:00:18","date_gmt":"2023-06-01T23:00:18","guid":{"rendered":"http:\/\/www.infokuryr.cz\/n\/?p=29233"},"modified":"2023-06-01T13:40:23","modified_gmt":"2023-06-01T11:40:23","slug":"zatimco-vsechny-oci-jsou-upreny-na-ukrajinu-nato-vyvolava-dalsi-valku-v-evrope","status":"publish","type":"post","link":"https:\/\/www.infokuryr.cz\/n\/2023\/06\/02\/zatimco-vsechny-oci-jsou-upreny-na-ukrajinu-nato-vyvolava-dalsi-valku-v-evrope\/","title":{"rendered":"Zat\u00edmco v\u0161echny o\u010di jsou up\u0159eny na Ukrajinu, NATO vyvol\u00e1v\u00e1 dal\u0161\u00ed v\u00e1lku v Evrop\u011b"},"content":{"rendered":"<div id=\"fb-root\"><\/div>\n<p><strong>NATO rozm\u00edstilo 700 dal\u0161\u00edch voj\u00e1k\u016f do neklidn\u00e9ho Kosova.\u00a0Nejm\u00e9n\u011b 30 voj\u00e1k\u016f Aliance bylo v pond\u011bl\u00ed zran\u011bno p\u0159i st\u0159etech mezi srbsk\u00fdmi Kosovany a polici\u00ed.<\/strong><\/p>\n<p><span>Dal\u0161\u00ed dal\u0161\u00ed prapor NATO, \u010d\u00edtaj\u00edc\u00ed n\u011bkolik stovek voj\u00e1k\u016f, dostal rozkaz p\u0159ipravit se na nasazen\u00ed v Kosovu.<\/span><\/p>\n<p><span>To nen\u00ed m\u00edstn\u00ed z\u00e1le\u017eitost.\u00a0Jde o nebezpe\u010dnou eskalaci konfliktu mezi USA\/EU a Ruskem\/\u010c\u00ednou, p\u00ed\u0161e novin\u00e1\u0159 Joost Niemoller.\u00a0Ke stejn\u00e9mu z\u00e1v\u011bru doch\u00e1z\u00ed i\u00a0\u010d\u00ednsk\u00fd\u00a0<\/span><a href=\"https:\/\/www.globaltimes.cn\/page\/202305\/1291644.shtml\" target=\"_blank\" rel=\"noreferrer noopener\" data-type=\"URL\" data-id=\"https:\/\/www.globaltimes.cn\/page\/202305\/1291644.shtml\"><span>list Global Times .<\/span><\/a><\/p>\n<p><span>Nap\u011bt\u00ed vzrostlo pot\u00e9, co byl v severn\u00edm Kosovu, kde maj\u00ed Srbov\u00e9 v\u011bt\u0161inu, dosazen alb\u00e1nsk\u00fd starosta.\u00a0Stalo se tak po dubnov\u00fdch volb\u00e1ch, kter\u00e9 Srbov\u00e9 bojkotovali.<\/span><\/p>\n<p><span>P\u016fvodn\u011b bylo Kosovo autonomn\u00ed provinci\u00ed Srbska v b\u00fdval\u00e9 Jugosl\u00e1vii.\u00a0S pomoc\u00ed Spojen\u00fdch st\u00e1t\u016f a Z\u00e1padu se Kosovo sna\u017e\u00ed st\u00e1t nez\u00e1visl\u00fdm st\u00e1tem.<\/span><\/p>\n<p><span>Zapojen\u00ed NATO zv\u00fd\u0161ilo nap\u011bt\u00ed mezi Kosovem a Srbskem, podn\u00edtilo vojensk\u00e9 konflikty a podkopalo m\u00edr a jednotu na z\u00e1padn\u00edm Balk\u00e1n\u011b.<\/span><\/p>\n<p><span>Podle Global Times je pochybn\u00e9, zda NATO skute\u010dn\u011b chce konflikt ukon\u010dit.\u00a0Voj\u00e1ci NATO byli rozm\u00edst\u011bni ve \u010dty\u0159ech komunit\u00e1ch v Kosovu, aby v z\u00e1rodku potla\u010dili \u201en\u00e1siln\u00e9 demonstrace\u201c.<\/span><\/p>\n<p><span>Zd\u00e1 se, \u017ee zv\u00fd\u0161en\u00e1 vojensk\u00e1 p\u0159\u00edtomnost nazna\u010duje, \u017ee NATO z\u00edsk\u00e1v\u00e1 \u010das na vyzbrojen\u00ed Kosova, \u0159\u00edkaj\u00ed analytici.\u00a0NATO a dal\u0161\u00ed z\u00e1padn\u00ed zem\u011b prost\u011b nemohou dodr\u017eet sv\u016fj slib chr\u00e1nit Srby v Kosovu.<\/span><\/p>\n<p><span>Song Zhongping, \u010d\u00ednsk\u00fd vojensk\u00fd expert, \u0159ekl Global Times, \u017ee arm\u00e1da NATO neudr\u017euje m\u00edr v Srbsku a Kosovu, ale pom\u00e1h\u00e1 Kosovu potla\u010dovat Srby.<\/span><\/p>\n<p><em><span>Gruz\u00ednsk\u00fd premi\u00e9r vin\u00ed roz\u0161\u00ed\u0159en\u00ed NATO z rusk\u00e9 invaze na Ukrajinu.\u00a0P\u0159edsedovi vl\u00e1dy pravd\u011bpodobn\u011b zazvon\u00ed z Washingtonu n\u011bkolik na\u0161tvan\u00fdch hovor\u016f, proto\u017ee sc\u00e9n\u00e1\u0159, kter\u00fd mus\u00edme v\u0161ichni dodr\u017eovat, je, \u017ee Rusov\u00e9 se prost\u011b boj\u00ed svobody a demokracie.\u00a0Uvid\u00edme tento t\u00fdden \u00fastup?<\/span><\/em><\/p>\n<div class=\"twitter-tweet twitter-tweet-rendered\"><iframe id=\"twitter-widget-0\" class=\"\" title=\"Twitter Tweet\" src=\"https:\/\/platform.twitter.com\/embed\/Tweet.html?creatorScreenName=uncutnewsCH&amp;dnt=false&amp;embedId=twitter-widget-0&amp;features=eyJ0ZndfdGltZWxpbmVfbGlzdCI6eyJidWNrZXQiOltdLCJ2ZXJzaW9uIjpudWxsfSwidGZ3X2ZvbGxvd2VyX2NvdW50X3N1bnNldCI6eyJidWNrZXQiOnRydWUsInZlcnNpb24iOm51bGx9LCJ0ZndfdHdlZXRfZWRpdF9iYWNrZW5kIjp7ImJ1Y2tldCI6Im9uIiwidmVyc2lvbiI6bnVsbH0sInRmd19yZWZzcmNfc2Vzc2lvbiI6eyJidWNrZXQiOiJvbiIsInZlcnNpb24iOm51bGx9LCJ0ZndfZm9zbnJfc29mdF9pbnRlcnZlbnRpb25zX2VuYWJsZWQiOnsiYnVja2V0Ijoib24iLCJ2ZXJzaW9uIjpudWxsfSwidGZ3X21peGVkX21lZGlhXzE1ODk3Ijp7ImJ1Y2tldCI6InRyZWF0bWVudCIsInZlcnNpb24iOm51bGx9LCJ0ZndfZXhwZXJpbWVudHNfY29va2llX2V4cGlyYXRpb24iOnsiYnVja2V0IjoxMjA5NjAwLCJ2ZXJzaW9uIjpudWxsfSwidGZ3X3Nob3dfYmlyZHdhdGNoX3Bpdm90c19lbmFibGVkIjp7ImJ1Y2tldCI6Im9uIiwidmVyc2lvbiI6bnVsbH0sInRmd19kdXBsaWNhdGVfc2NyaWJlc190b19zZXR0aW5ncyI6eyJidWNrZXQiOiJvbiIsInZlcnNpb24iOm51bGx9LCJ0ZndfdXNlX3Byb2ZpbGVfaW1hZ2Vfc2hhcGVfZW5hYmxlZCI6eyJidWNrZXQiOiJvbiIsInZlcnNpb24iOm51bGx9LCJ0ZndfdmlkZW9faGxzX2R5bmFtaWNfbWFuaWZlc3RzXzE1MDgyIjp7ImJ1Y2tldCI6InRydWVfYml0cmF0ZSIsInZlcnNpb24iOm51bGx9LCJ0ZndfbGVnYWN5X3RpbWVsaW5lX3N1bnNldCI6eyJidWNrZXQiOnRydWUsInZlcnNpb24iOm51bGx9LCJ0ZndfdHdlZXRfZWRpdF9mcm9udGVuZCI6eyJidWNrZXQiOiJvbiIsInZlcnNpb24iOm51bGx9fQ%3D%3D&amp;frame=false&amp;hideCard=false&amp;hideThread=false&amp;id=1663519089246056448&amp;lang=cs&amp;origin=https%3A%2F%2Funcutnews.ch%2Fwaehrend-alle-augen-auf-die-ukraine-gerichtet-sind-verursacht-die-nato-einen-weiteren-krieg-in-europa%2F&amp;sessionId=048cb6ac0a84dfe9849579392766d0b2cf93a835&amp;theme=light&amp;widgetsVersion=aaf4084522e3a%3A1674595607486&amp;width=550px\" frameborder=\"0\" scrolling=\"no\" allowfullscreen=\"allowfullscreen\" data-tweet-id=\"1663519089246056448\" data-mce-fragment=\"1\"><\/iframe><\/div>\n<p><span>Existuje mo\u017enost, \u017ee konflikt na Balk\u00e1n\u011b znovu vzplane.\u00a0Proto\u017ee konflikt mezi Ukrajinou a Ruskem nep\u0159inesl pro USA k\u00fd\u017een\u00fd v\u00fdsledek, m\u011bl by Washington zah\u00e1jit novou v\u00e1lku na evropsk\u00e9m kontinentu, \u0159ekl Song.<\/span><\/p>\n<p><span>Washington t\u011b\u017e\u00ed z chaosu, proto\u017ee USA necht\u011bj\u00ed jednotnou a silnou Evropu.\u00a0T\u00edmto zp\u016fsobem doufaj\u00ed, \u017ee sn\u00ed\u017e\u00ed rusk\u00fd vliv v Srbsku a na Balk\u00e1n\u011b.\u00a0Srbsko a Rusko jsou si navz\u00e1jem spojenci.<\/span><\/p>\n<p><img decoding=\"async\" loading=\"lazy\" class=\"alignnone size-full wp-image-1185\" src=\"http:\/\/www.infokuryr.cz\/n\/wp-content\/uploads\/2021\/04\/kuryr-podpis.png\" alt=\"\" width=\"84\" height=\"24\" \/><\/p>\n<p>&nbsp;<\/p>\n<p>&nbsp;<\/p>\n<p><img decoding=\"async\" loading=\"lazy\" class=\"wp-image-19187 aligncenter\" src=\"http:\/\/www.infokuryr.cz\/n\/wp-content\/uploads\/2022\/12\/1-PRO-300x36.jpg\" alt=\"\" width=\"1308\" height=\"157\" srcset=\"https:\/\/www.infokuryr.cz\/n\/wp-content\/uploads\/2022\/12\/1-PRO-300x36.jpg 300w, https:\/\/www.infokuryr.cz\/n\/wp-content\/uploads\/2022\/12\/1-PRO.jpg 699w\" sizes=\"(max-width: 1308px) 100vw, 1308px\" \/><\/p>\n<p>&nbsp;<\/p>\n<p>&nbsp;<\/p>\n<p>&nbsp;<\/p>\n","protected":false},"excerpt":{"rendered":"<p>NATO rozm\u00edstilo 700 dal\u0161\u00edch voj\u00e1k\u016f do neklidn\u00e9ho Kosova.\u00a0Nejm\u00e9n\u011b 30 voj\u00e1k\u016f Aliance bylo v pond\u011bl\u00ed zran\u011bno&#8230;<\/p>\n","protected":false},"author":2,"featured_media":10956,"comment_status":"closed","ping_status":"closed","sticky":false,"template":"","format":"standard","meta":[],"categories":[7],"tags":[283,1063,39,37],"_links":{"self":[{"href":"https:\/\/www.infokuryr.cz\/n\/wp-json\/wp\/v2\/posts\/29233"}],"collection":[{"href":"https:\/\/www.infokuryr.cz\/n\/wp-json\/wp\/v2\/posts"}],"about":[{"href":"https:\/\/www.infokuryr.cz\/n\/wp-json\/wp\/v2\/types\/post"}],"author":[{"embeddable":true,"href":"https:\/\/www.infokuryr.cz\/n\/wp-json\/wp\/v2\/users\/2"}],"replies":[{"embeddable":true,"href":"https:\/\/www.infokuryr.cz\/n\/wp-json\/wp\/v2\/comments?post=29233"}],"version-history":[{"count":0,"href":"https:\/\/www.infokuryr.cz\/n\/wp-json\/wp\/v2\/posts\/29233\/revisions"}],"wp:featuredmedia":[{"embeddable":true,"href":"https:\/\/www.infokuryr.cz\/n\/wp-json\/wp\/v2\/media\/10956"}],"wp:attachment":[{"href":"https:\/\/www.infokuryr.cz\/n\/wp-json\/wp\/v2\/media?parent=29233"}],"wp:term":[{"taxonomy":"category","embeddable":true,"href":"https:\/\/www.infokuryr.cz\/n\/wp-json\/wp\/v2\/categories?post=29233"},{"taxonomy":"post_tag","embeddable":true,"href":"https:\/\/www.infokuryr.cz\/n\/wp-json\/wp\/v2\/tags?post=29233"}],"curies":[{"name":"wp","href":"https:\/\/api.w.org\/{rel}","templated":true}]}}