{"id":29220,"date":"2023-06-01T05:58:42","date_gmt":"2023-06-01T03:58:42","guid":{"rendered":"http:\/\/www.infokuryr.cz\/n\/?p=29220"},"modified":"2023-06-01T05:58:42","modified_gmt":"2023-06-01T03:58:42","slug":"miroslav-kavij-jmena-zradcu-z-rad-poslancu-budou-zanedlouho-znama","status":"publish","type":"post","link":"https:\/\/www.infokuryr.cz\/n\/2023\/06\/01\/miroslav-kavij-jmena-zradcu-z-rad-poslancu-budou-zanedlouho-znama\/","title":{"rendered":"Miroslav Kavij: Jm\u00e9na zr\u00e1dc\u016f z \u0159ad poslanc\u016f  budou zanedlouho  zn\u00e1ma"},"content":{"rendered":"<div id=\"fb-root\"><\/div>\n<p>Prezidentsk\u00fd p\u0159evrat v\u00a0Turecku re\u017e\u00edrovan\u00fd USA se nekon\u00e1. Dosavadn\u00ed prezident R.T. Erdogan byl zvolen na dal\u0161\u00edch p\u011bt let, navzdory americk\u00e9mu \u00fasil\u00ed\u00a0\u00a0 nainstalovat zde\u00a0 svoji loutku v\u00a0podob\u011b kandidatury Kemala Kilichdaroglu.<\/p>\n<p>Jedn\u00edm ze vzkaz\u016f na v\u00fdsledek volby je prohl\u00e1\u0161en\u00ed tureck\u00e9ho ministra vnitra, kdy \u00a0\u00a0S\u00fcleyman \u00a0Soylu poznamenal \u201eChci zd\u016fraznit, \u017ee od nyn\u011bj\u0161ka bude ka\u017ed\u00fd, kdo bude prosazovat politiku orientovanou na Spojen\u00e9 st\u00e1ty, a\u0165 u\u017e to budou strany nebo jednotlivci, v t\u00e9to zemi prohl\u00e1\u0161en za zr\u00e1dce vlasti\u201c.<\/p>\n<p>D\u011bje se tak v\u00a0dob\u011b, kdy poslanci \u00a0budou \u00a0schvalovat\u00a0 vazalskou kolaborantn\u00ed\u00a0 obranou smlouvu mezi \u010cR a USA, kterou \u010cernochov\u00e1 potupn\u011b ned\u00e1vno v\u00a0USA podepsala. \u00a0Smlouvu, d\u00edky kter\u00e9 nen\u00ed vylou\u010deno \u00a0,\u017ee se brzy \u00a0na\u0161i ob\u010dan\u00e9 mohou do\u010dkat jadern\u00fdch zbran\u00ed na na\u0161em \u00fazem\u00ed a dal\u0161\u00edch\u00a0 nemil\u00fdch \u00a0p\u0159ekvapen\u00ed.<\/p>\n<p>\u010cernochov\u00e1, dle diagn\u00f3zy kterou popsal\u00a0 MUDr. Hn\u00edzdil \u201eJe nemocn\u00e1, t\u011b\u017ek\u00fd narcismus, prvky sadismu, deprivantka, traumata z d\u011btstv\u00ed, pohrdav\u00e1, malign\u00ed narcismus s p\u0159\u00edm\u011bs\u00ed sadismu, autorit\u00e1\u0159sk\u00fd absolutismus, z\u00edskan\u00fd pocit megalomanie a nesn\u00e1\u0161\u00ed kritiku\u201c\u00a0 ud\u011blala z\u00a0na\u0161\u00ed zem\u011b \u00a0kolonii v\u00a0oblasti\u00a0 st\u00e1tn\u00ed suverenity a prosazov\u00e1n\u00ed obrann\u00e9 politiky.<\/p>\n<p>Nejsem si jist do jak\u00e9 m\u00edry bude ministryn\u011b \u010cernochov\u00e1 a dal\u0161\u00ed ameri\u010dt\u00ed p\u0159isluhova\u010di slavit \u00a028. z\u00e1\u0159\u00ed leto\u0161n\u00ed\u00a0 sv\u00e1tek \u00a0\u010cesk\u00e9 st\u00e1tnosti, sv\u00e1tek svat\u00e9ho V\u00e1clava. Panovn\u00edka, kter\u00fd ve sv\u00e9 dob\u011b hledal \u00a0m\u00edr a p\u0159\u00e1telstv\u00ed u\u00a0 k\u0159es\u0165ansk\u00fdch zem\u00ed, v\u010detn\u011b Svat\u00e9 \u0159\u00ed\u0161e \u0159\u00edmsk\u00e9ho n\u00e1roda N\u011bmeck\u00e9ho.\u00a0 Jak se traduje, zde si m\u00edr\u00a0 musel vykupovat v\u00a0podob\u011b st\u0159\u00edbra a mnoha kus\u016f dobytka. Snad jen \u0161koda, \u017ee se o n\u011bco podobn\u00e9ho nepokusila i \u010cernochov\u00e1 kdy\u017e let\u011bla jako slouha \u00a0do USA \u00a0ke kolaborantsk\u00e9mu\u00a0 podpisu. \u00a0Pen\u011bz v\u00a0dob\u011b, kdy \u010cR\u00a0 napodobuje \u00a0sv\u00e9ho spojence USA v\u00a0bl\u00ed\u017e\u00edc\u00edm se finan\u010dn\u00edm bankrotu\u00a0 se sice nedost\u00e1v\u00e1, n\u011bjak\u00fd ten v\u016fl by se ale jist\u011b na\u0161el.<\/p>\n<p>Vl\u00e1da mand\u00e1t na p\u0159ijet\u00ed obrann\u00e9 smlouvy od voli\u010d\u016f nedostala, nato\u017e pak \u010cernochov\u00e1. Na tahu jsou nyn\u00ed na\u0161i p\u00e1ni poslanci, kte\u0159\u00ed p\u0159ijet\u00edm uveden\u00e9 smlouvy rozhodnou o roz\u0161\u00ed\u0159en\u00ed fronty evropsk\u00fdch st\u00e1t\u016f usiluj\u00edc\u00ed v\u00e1l\u010dit po boku USA proti Rusk\u00e9 federaci. Ji\u017e brzy na z\u00e1klad\u011b hlasov\u00e1n\u00ed v\u00a0poslaneck\u00e9 sn\u011bmovn\u011b se tak dozv\u00edme dal\u0161\u00ed \u00a0jm\u00e9na \u00a0zr\u00e1dc\u016f na\u0161\u00ed zem\u011b.\u00a0 V\u00a0dob\u011b pokra\u010duj\u00edc\u00ed fa\u0161izace st\u00e1tu v\u00a0\u010dele s\u00a0jej\u00ed vl\u00e1dou.<\/p>\n<p><a href=\"https:\/\/www.pokec24.cz\/nezarazene\/jmena-zradcu-z-rad-poslancu-budou-zanedlouho-znama\/\">Miroslav Kavij<\/a><\/p>\n<p>&nbsp;<\/p>\n<p>&nbsp;<\/p>\n<p>&nbsp;<\/p>\n<p><img decoding=\"async\" loading=\"lazy\" class=\"wp-image-19187 aligncenter\" src=\"http:\/\/www.infokuryr.cz\/n\/wp-content\/uploads\/2022\/12\/1-PRO-300x36.jpg\" alt=\"\" width=\"1283\" height=\"154\" srcset=\"https:\/\/www.infokuryr.cz\/n\/wp-content\/uploads\/2022\/12\/1-PRO-300x36.jpg 300w, https:\/\/www.infokuryr.cz\/n\/wp-content\/uploads\/2022\/12\/1-PRO.jpg 699w\" sizes=\"(max-width: 1283px) 100vw, 1283px\" \/><\/p>\n<p>&nbsp;<\/p>\n<p>&nbsp;<\/p>\n<p>&nbsp;<\/p>\n","protected":false},"excerpt":{"rendered":"<p>Prezidentsk\u00fd p\u0159evrat v\u00a0Turecku re\u017e\u00edrovan\u00fd USA se nekon\u00e1. Dosavadn\u00ed prezident R.T. Erdogan byl zvolen na dal\u0161\u00edch&#8230;<\/p>\n","protected":false},"author":2,"featured_media":29221,"comment_status":"closed","ping_status":"closed","sticky":false,"template":"","format":"standard","meta":[],"categories":[6],"tags":[2854,3524,1044],"_links":{"self":[{"href":"https:\/\/www.infokuryr.cz\/n\/wp-json\/wp\/v2\/posts\/29220"}],"collection":[{"href":"https:\/\/www.infokuryr.cz\/n\/wp-json\/wp\/v2\/posts"}],"about":[{"href":"https:\/\/www.infokuryr.cz\/n\/wp-json\/wp\/v2\/types\/post"}],"author":[{"embeddable":true,"href":"https:\/\/www.infokuryr.cz\/n\/wp-json\/wp\/v2\/users\/2"}],"replies":[{"embeddable":true,"href":"https:\/\/www.infokuryr.cz\/n\/wp-json\/wp\/v2\/comments?post=29220"}],"version-history":[{"count":0,"href":"https:\/\/www.infokuryr.cz\/n\/wp-json\/wp\/v2\/posts\/29220\/revisions"}],"wp:featuredmedia":[{"embeddable":true,"href":"https:\/\/www.infokuryr.cz\/n\/wp-json\/wp\/v2\/media\/29221"}],"wp:attachment":[{"href":"https:\/\/www.infokuryr.cz\/n\/wp-json\/wp\/v2\/media?parent=29220"}],"wp:term":[{"taxonomy":"category","embeddable":true,"href":"https:\/\/www.infokuryr.cz\/n\/wp-json\/wp\/v2\/categories?post=29220"},{"taxonomy":"post_tag","embeddable":true,"href":"https:\/\/www.infokuryr.cz\/n\/wp-json\/wp\/v2\/tags?post=29220"}],"curies":[{"name":"wp","href":"https:\/\/api.w.org\/{rel}","templated":true}]}}